{"id":529400,"date":"2025-11-12T16:56:14","date_gmt":"2025-11-12T16:56:14","guid":{"rendered":"https:\/\/www.europesays.com\/fr\/529400\/"},"modified":"2025-11-12T16:56:14","modified_gmt":"2025-11-12T16:56:14","slug":"jugee-proche-de-lextreme-droite-la-nuit-du-bien-commun-dans-le-viseur-dassociations-rennaises","status":"publish","type":"post","link":"https:\/\/www.europesays.com\/fr\/529400\/","title":{"rendered":"Jug\u00e9e \u00ab\u00a0proche de l&rsquo;extr\u00eame droite\u00a0\u00bb, La Nuit du bien commun dans le viseur d&rsquo;associations rennaises"},"content":{"rendered":"<p>                    Par<br \/>\n        <strong><br \/>\n            <a href=\"https:\/\/actu.fr\/auteur\/clemence-pays02-actu-fr\" title=\"Consulter tous les articles de Cl\u00e9mence Pays\" target=\"_blank\" rel=\"noopener\">Cl\u00e9mence Pays<\/a><br \/>\n                    <\/strong><\/p>\n<p>        Publi\u00e9 le<\/p>\n<p>            12 nov. 2025 \u00e0 17h17        <\/p>\n<p>Mercredi 19\u00a0novembre 2025, <strong>La Nuit du bien commun<\/strong> fera \u00e9tape \u00e0 <a href=\"https:\/\/actu.fr\/rennes\/\" target=\"_blank\" rel=\"noopener\">Rennes<\/a>, pour \u00ab\u2009une <strong>soir\u00e9e de lev\u00e9e de dons<\/strong> au service des associations de Bretagne\u2009\u00bb, annoncent les organisateurs. Un \u00e9v\u00e9nement loin d\u2019\u00eatre au go\u00fbt de tout le monde puisque plusieurs associations et collectifs <strong>appellent \u00e0 se mobiliser contre<\/strong> celui-ci.<\/p>\n<p class=\" wall-content\">Sur les r\u00e9seaux sociaux par exemple, Nous Toutes 35 a diffus\u00e9 sur Instagram \u2013 en collaboration avec le Comit\u00e9 rennais des Soul\u00e8vements de la terre, le syndicat Solidaires 35 et l\u2019Union communiste libertaire \u2013 un <strong>appel \u00e0 manifester<\/strong> le jour de La Nuit du bien commun.<\/p>\n<blockquote class=\"ac-article-quote wall-content\">\n<p>Nous nous opposons fermement \u00e0 cet \u00e9v\u00e9nement qui n\u2019a de \u00ab\u00a0commun\u00a0\u00bb que le nom et appelons \u00e0 une mobilisation f\u00e9ministe, antifasciste et antiraciste large !<\/p>\n<p>    <strong>Nous toutes 35<\/strong>\n            <\/p><\/blockquote>\n<p class=\" wall-content\"><a href=\"https:\/\/www.instagram.com\/p\/DQw78r_Cjxa\/embed\" title=\"Ouvrir le lien sur Instagram\" target=\"_blank\" rel=\"noopener\">Visualiser le contenu sur Instagram<\/a><\/p>\n<p>Des tags sur des vitrines<\/p>\n<p class=\" wall-content\">Dans la nuit du mardi\u00a011 au mercredi 12\u00a0novembre, <strong>certaines vitrines de Rennes ont \u00e9t\u00e9 tagu\u00e9es.<\/strong> \u00ab\u2009Nous revendiquons les messages apparus\u2009\u00bb, ont annonc\u00e9 \u00ab\u2009des Rennais\u00b7es contre les Nuits du bien commun\u2009\u00bb, dans un mail adress\u00e9 \u00e0 la r\u00e9daction d\u2019actu Rennes.<\/p>\n<p class=\" wall-content\">Le but de ces inscriptions\u2009: <strong>\u00ab\u2009rendre visible les financeurs des Nuits du bien commun \u00e0 Rennes\u2009\u00bb.<\/strong><\/p>\n<blockquote class=\"ac-article-quote wall-content\">\n<p>Cet argent qui circule a une odeur, naus\u00e9abonde. M\u00e9c\u00e8nes et donateurs des Nuits du bien commun, ceci est un avertissement. Vous avez toujours la possibilit\u00e9 de d\u00e9cliner votre participation financi\u00e8re \u00e0 tout ce cirque. Il y a quelques ann\u00e9es, le doute pouvait encore subsister. Mais aujourd\u2019hui, vous ne pourrez pas dire que vous ne saviez pas. <\/p>\n<p>    <strong>Des Rennais\u00b7es contre les Nuits du bien commun<\/strong><br \/>\n        Mail adress\u00e9 \u00e0 la r\u00e9daction d&rsquo;actu Rennes    <\/p><\/blockquote>\n<p>La Nuit du bien commun, c&rsquo;est quoi ? <\/p>\n<p>La Nuit du bien commun est un fonds de dotation qui organise dans plusieurs villes de France des soir\u00e9es dans le but de collecter des dons aupr\u00e8s d&rsquo;entreprises et de particuliers, pour les reverser \u00e0 des associations. Ces \u00e9v\u00e9nements sont \u00ab\u00a0ouvert au grand public et pour tout le monde\u00a0\u00bb, explique Thomas Tixier, directeur de la communication. <br \/>Concr\u00e8tement, les associations doivent d\u00e9poser un dossier de candidature \u00e9tudi\u00e9 par un comit\u00e9 de soutien. Pour chaque soir\u00e9e, dix associations sont s\u00e9lectionn\u00e9es et invit\u00e9es \u00e0 monter sur sc\u00e8ne pour pr\u00e9senter leur projet, \u00ab\u00a0cela peut \u00eatre du d\u00e9veloppement, de la r\u00e9novation, l&rsquo;achat de mat\u00e9riel&#8230;\u00a0\u00bb et demander un soutien financier. <br \/>\u00ab\u00a0Les dons se font \u00e0 main lev\u00e9e dans la salle.\u00a0\u00bb<br \/>Interrog\u00e9 sur le mode de s\u00e9lection des dossiers, Thomas Tixier indique que l&rsquo;organisation s&rsquo;appuie sur diff\u00e9rents crit\u00e8res : <br \/>&#8211; le projet doit r\u00e9pondre \u00e0 des th\u00e9matiques (culture et patrimoine ; vuln\u00e9rabilit\u00e9 et pr\u00e9carit\u00e9 ; \u00e9ducation et formation ; \u00e9cologie ; sant\u00e9 et handicap) ;<br \/>&#8211; le projet doit \u00eatre en phase de d\u00e9veloppement avec un budget annuel inf\u00e9rieur \u00e0 5 millions d&rsquo;euros ;<br \/>&#8211; la localisation (dans le cas de Rennes, cela concerne l&rsquo;Ille-et-Vilaine et la Bretagne) ;<br \/>&#8211; l&rsquo;association doit \u00eatre op\u00e9ratrice du projet ;<br \/>&#8211; l&rsquo;association doit r\u00e9pondre \u00e0 un int\u00e9r\u00eat g\u00e9n\u00e9ral.<\/p>\n<p>Votre r\u00e9gion, votre actu !<\/p>\n<p>Recevez chaque jour les infos qui comptent pour vous.<\/p>\n<p>\t<a href=\"https:\/\/actu.fr\/newsletter\" class=\"ac-btn ac-btn--corner ac-btn--medium ac-btn--blue800\" target=\"_blank\" rel=\"noopener\">S&rsquo;incrire<\/a><br \/>\nPourquoi tant d\u2019opposition\u2009?<\/p>\n<p class=\" wall-content\">Si les voix se l\u00e8vent contre cet \u00e9v\u00e9nement dit \u00ab\u2009de la philanthropie\u2009\u00bb, c\u2019est qu\u2019il est<strong> jug\u00e9 proche de l\u2019extr\u00eame droite<\/strong> par ces collectifs. Pour Solidaires 35, La Nuit du bien commun \u00ab\u2009rentre dans le cadre du <strong>projet PERICLES\u2009\u00bb,<\/strong> acronyme de Patriotes, enracin\u00e9s, r\u00e9sistants, identitaires, chr\u00e9tiens, lib\u00e9raux, europ\u00e9ens, souverainistes. Un projet cr\u00e9\u00e9 par <a href=\"https:\/\/actu.fr\/politique\/le-milliardaire-pierre-edouard-sterin-refuse-une-nouvelle-convocation-a-l-assemblee-voici-ce-qu-il-risque_62659903.html\" target=\"_blank\" rel=\"noopener\">le milliardaire Pierre-\u00c9douard St\u00e9rin<\/a> pour faire progresser les id\u00e9es d\u2019ultradroite en France.<\/p>\n<p class=\" wall-content\"><a href=\"https:\/\/www.instagram.com\/p\/DQtXeFQCFn6\/embed\" title=\"Ouvrir le lien sur Instagram\" target=\"_blank\" rel=\"noopener\">Visualiser le contenu sur Instagram<\/a><\/p>\n<p class=\" wall-content\">En plus d\u2019\u00eatre le fondateur des Smartbox et de PERICLES, l\u2019homme d\u2019affaires fran\u00e7ais est aussi connu pour \u00eatre le <strong>co-fondateur de La Nuit du bien commun<\/strong> \u2013 aux c\u00f4t\u00e9s de Stanislas Billot de Lochner et de Thibault Farrenq \u2013 et exil\u00e9 fiscal en Belgique.<\/p>\n<p class=\" wall-content\">Mais pour le fonds de dotation La Nuit du bien commun, dire que l\u2019\u00e9v\u00e9nement est port\u00e9 par l\u2019extr\u00eame droite est faux. <strong>\u00ab\u2009Pierre-\u00c9douard St\u00e9rin n\u2019est plus \u00e0 bord.<\/strong> \u00c0 Rennes, comme dans les autres villes o\u00f9 se tient La Nuit du bien commun, le comit\u00e9 de soutien [en charge de s\u00e9lectionner les dossiers de candidatures, N.D.L.R.] est ind\u00e9pendant\u2009\u00bb, mart\u00e8le Thomas Tixier, directeur de la communication de La Nuit du bien commun.<\/p>\n<blockquote class=\"ac-article-quote wall-content\">\n<p>Tous les styles, tous les bords politiques, toutes les origines sont repr\u00e9sent\u00e9s. Le but de cette soir\u00e9e est de regarder dans la m\u00eame direction, pour le bien commun.<\/p>\n<p>    <strong>Thomas Tixier<\/strong><br \/>\n        Directeur de la communication La Nuit du bien commun    <\/p><\/blockquote>\n<p class=\" wall-content\">Pour les organisateurs, ceux qui critiquent l\u2019\u00e9v\u00e9nement \u00ab\u2009n\u2019ont jamais voulu venir voir ce que c\u2019\u00e9tait, ils sont l\u00e0 juste pour casser\u2009\u00bb.<\/p>\n<p>Des financeurs et un lieu tenu secret<\/p>\n<p class=\" wall-content\">En 2024, La Nuit du bien commun \u00e0 Rennes s\u2019\u00e9tait d\u00e9roul\u00e9e \u00e0 Rennes avec <strong>\u00ab\u2009500\u00a0participants\u2009\u00bb et \u00ab\u2009273\u2009000\u00a0euros ont \u00e9t\u00e9 collect\u00e9s\u2009\u00bb<\/strong> annonce Thomas Tixier.<\/p>\n<p class=\" wall-content\">Cette ann\u00e9e, le <strong>lieu est tenu secret<\/strong> et sera annonc\u00e9 aux participants en temps voulu. L\u2019<strong>identit\u00e9 des financeurs est aussi \u00ab\u2009prot\u00e9g\u00e9e\u2009\u00bb<\/strong> pour les \u00ab\u2009pr\u00e9server d\u2019attaques abjectes, comme c\u2019est le cas avec les vitrines tagu\u00e9es\u2009\u00bb, d\u00e9clare le directeur de la communication de La Nuit du bien commun.<\/p>\n<p class=\" wall-content\">En juin\u00a02025, La Nuit du bien commun avait \u00e9t\u00e9 organis\u00e9e \u00e0 Nantes. Elle avait provoqu\u00e9 la col\u00e8re des syndicats et des partis de gauche de la mairie. <a href=\"https:\/\/actu.fr\/pays-de-la-loire\/nantes_44109\/nuit-du-bien-commun-a-nantes-la-manifestation-contre-le-gala-reactionnaire-interdite_62726461.html\" target=\"_blank\" rel=\"noopener\">Le pr\u00e9fet de Loire-Atlantique \u00e9tait all\u00e9 jusqu\u2019\u00e0 prendre un arr\u00eat\u00e9 interdisant toute manifestation<\/a> autour de la Cit\u00e9 des congr\u00e8s, o\u00f9 se tenait l\u2019\u00e9v\u00e9nement.<\/p>\n<p class=\" wall-content\">Personnalisez votre actualit\u00e9 en ajoutant vos villes et m\u00e9dias en favori avec <a href=\"https:\/\/moncompte.actu.fr\" title=\"D\u00e9couvez Mon Actu\" rel=\"nofollow noopener\" data-trk=\"{&quot;cta&quot;:{&quot;action&quot;:&quot;https:\\\/\\\/moncompte.actu.fr&quot;,&quot;category&quot;:&quot;mon compte&quot;,&quot;from&quot;:&quot;article footer&quot;,&quot;name&quot;:&quot;Mon actu&quot;,&quot;type&quot;:&quot;cta&quot;}}\" target=\"_blank\">Mon Actu<\/a>.<\/p>\n<p>                    <script async src=\"\/\/www.instagram.com\/embed.js\"><\/script><\/p>\n","protected":false},"excerpt":{"rendered":"Par Cl\u00e9mence Pays Publi\u00e9 le 12 nov. 2025 \u00e0 17h17 Mercredi 19\u00a0novembre 2025, La Nuit du bien commun&hellip;\n","protected":false},"author":2,"featured_media":529401,"comment_status":"","ping_status":"","sticky":false,"template":"","format":"standard","meta":{"footnotes":""},"categories":[2821],"tags":[1111,11,829,1777,674,1076,1011,27,12,584,25,104,3400,3427],"class_list":{"0":"post-529400","1":"post","2":"type-post","3":"status-publish","4":"format-standard","5":"has-post-thumbnail","7":"category-rennes","8":"tag-actu","9":"tag-actualites","10":"tag-bretagne","11":"tag-eu","12":"tag-europe","13":"tag-extreme-droite","14":"tag-fr","15":"tag-france","16":"tag-news","17":"tag-rennes","18":"tag-republique-francaise","19":"tag-societe","20":"tag-solidarite","21":"tag-syndicats"},"share_on_mastodon":{"url":"https:\/\/pubeurope.com\/@fr\/115537784658925307","error":""},"_links":{"self":[{"href":"https:\/\/www.europesays.com\/fr\/wp-json\/wp\/v2\/posts\/529400","targetHints":{"allow":["GET"]}}],"collection":[{"href":"https:\/\/www.europesays.com\/fr\/wp-json\/wp\/v2\/posts"}],"about":[{"href":"https:\/\/www.europesays.com\/fr\/wp-json\/wp\/v2\/types\/post"}],"author":[{"embeddable":true,"href":"https:\/\/www.europesays.com\/fr\/wp-json\/wp\/v2\/users\/2"}],"replies":[{"embeddable":true,"href":"https:\/\/www.europesays.com\/fr\/wp-json\/wp\/v2\/comments?post=529400"}],"version-history":[{"count":0,"href":"https:\/\/www.europesays.com\/fr\/wp-json\/wp\/v2\/posts\/529400\/revisions"}],"wp:featuredmedia":[{"embeddable":true,"href":"https:\/\/www.europesays.com\/fr\/wp-json\/wp\/v2\/media\/529401"}],"wp:attachment":[{"href":"https:\/\/www.europesays.com\/fr\/wp-json\/wp\/v2\/media?parent=529400"}],"wp:term":[{"taxonomy":"category","embeddable":true,"href":"https:\/\/www.europesays.com\/fr\/wp-json\/wp\/v2\/categories?post=529400"},{"taxonomy":"post_tag","embeddable":true,"href":"https:\/\/www.europesays.com\/fr\/wp-json\/wp\/v2\/tags?post=529400"}],"curies":[{"name":"wp","href":"https:\/\/api.w.org\/{rel}","templated":true}]}}