{"id":529402,"date":"2025-11-12T16:57:12","date_gmt":"2025-11-12T16:57:12","guid":{"rendered":"https:\/\/www.europesays.com\/fr\/529402\/"},"modified":"2025-11-12T16:57:12","modified_gmt":"2025-11-12T16:57:12","slug":"un-mauvais-signal-envoye-aux-habitants-la-mairie-de-rennes-monte-au-creneau-apres-la-fermeture-dun-commissariat","status":"publish","type":"post","link":"https:\/\/www.europesays.com\/fr\/529402\/","title":{"rendered":"\u00ab\u00a0Un mauvais signal envoy\u00e9 aux habitants\u00a0\u00bb\u00a0: la mairie de Rennes monte au cr\u00e9neau apr\u00e8s la fermeture d\u2019un commissariat"},"content":{"rendered":"<p>C\u2019est une d\u00e9cision qui ne passe pas. Face aux interpellations quotidiennes des habitants du quartier de Villejean suite \u00e0 la fermeture de leur commissariat de quartier pour une dur\u00e9e ind\u00e9termin\u00e9e, la mairie de Rennes monte au cr\u00e9neau.<\/p>\n<p>Dans un communiqu\u00e9 transmis aux m\u00e9dias ce mercredi 12 novembre, l\u2019adjointe \u00e0 la s\u00e9curit\u00e9 L\u00e9na\u00efc Bri\u00e8ro et l\u2019\u00e9lu de quartier Christophe Fouill\u00e8re d\u00e9noncent un \u00ab signal difficilement compr\u00e9hensible \u00bb dans un quartier qui concentre d\u00e9j\u00e0 des difficult\u00e9s. \u00ab La fermeture du commissariat a des cons\u00e9quences sur l\u2019acc\u00e8s des habitants \u00e0 certaines d\u00e9marches (d\u00e9p\u00f4t de plainte, \u00e9changes directs avec les policiers) \u00bb, \u00e9crivent les \u00e9lus.<\/p>\n<p>Aucune date de r\u00e9ouverture<\/p>\n<p>\u00ab Le commissariat \u00e9tait seulement ouvert le matin pour les d\u00e9p\u00f4ts de plaintes, mais c\u2019est dommage pour la population locale \u00bb, nous pr\u00e9cisait ce matin Fr\u00e9d\u00e9ric Gallet, secr\u00e9taire d\u00e9partemental du syndicat de police Alliance en Ille-et-Vilaine. Une d\u00e9cision prise en raison d\u2019une probl\u00e9matique de ressources humaines. \u00ab Sans effectifs suppl\u00e9mentaires, il faut faire des choix. On ne peut pas se d\u00e9multiplier \u00bb. La date de r\u00e9ouverture du commissariat n\u2019est pas connue.<\/p>\n<p>\u00ab La circonscription de police de Rennes, historiquement sous-dot\u00e9e en moyens policiers, a besoin de renforts \u00bb, soulignent L\u00e9na\u00efc Bri\u00e8ro et Christophe Fouill\u00e8re. \u00ab Que ce soit des enqu\u00eateurs pour d\u00e9manteler les r\u00e9seaux de trafiquants et lutter contre les mafias nationales et internationales, des effectifs qui puissent \u00eatre d\u00e9ploy\u00e9es rapidement dans les moments de tension, mais aussi des policiers qui assurent une pr\u00e9sence quotidienne et rassurante pour les habitants, dans nos rues comme dans les commissariats \u00bb.<\/p>\n<p>La police toujours pr\u00e9sente dans le quartier<\/p>\n<p>Malgr\u00e9 la fermeture du commissariat, la police n\u2019a pour autant pas d\u00e9sert\u00e9 Villejean. Les effectifs de la brigade sp\u00e9cialis\u00e9e de terrain continuent de patrouiller activement dans le quartier. Une pr\u00e9sence rassurante pour certains habitants alors que le secteur a \u00e9t\u00e9 marqu\u00e9 cette ann\u00e9e par <a href=\"https:\/\/www.letelegramme.fr\/ille-et-vilaine\/rennes-35000\/fusillade-dans-un-subway-a-rennes-la-video-glacante-de-la-fuite-des-tireurs-6801169.php\" target=\"_blank\" rel=\"noopener\">plusieurs violentes fusillades<\/a> li\u00e9es au trafic de drogue.<\/p>\n<p>\u00ab Nous saluons bien \u00e9videmment le travail men\u00e9 par les \u00e9quipes de la Brigade sp\u00e9cialis\u00e9e de terrain de la Police nationale, ainsi que l\u2019action des policiers municipaux, des acteurs de la m\u00e9diation et de la pr\u00e9vention qui sont pr\u00e9sents tous les jours sur le quartier \u00bb, concluent les \u00e9lus. \u00ab Nous esp\u00e9rons que les demandes de renforts seront entendues et que le commissariat de Villejean pourra ouvrir de nouveau ses portes aux habitants le plus rapidement possible \u00bb.<\/p>\n","protected":false},"excerpt":{"rendered":"C\u2019est une d\u00e9cision qui ne passe pas. Face aux interpellations quotidiennes des habitants du quartier de Villejean suite&hellip;\n","protected":false},"author":2,"featured_media":529403,"comment_status":"","ping_status":"","sticky":false,"template":"","format":"standard","meta":{"footnotes":""},"categories":[2821],"tags":[1111,11,829,765,1777,674,1011,27,848,12,584,25],"class_list":{"0":"post-529402","1":"post","2":"type-post","3":"status-publish","4":"format-standard","5":"has-post-thumbnail","7":"category-rennes","8":"tag-actu","9":"tag-actualites","10":"tag-bretagne","11":"tag-en-continu","12":"tag-eu","13":"tag-europe","14":"tag-fr","15":"tag-france","16":"tag-ille-et-vilaine","17":"tag-news","18":"tag-rennes","19":"tag-republique-francaise"},"share_on_mastodon":{"url":"https:\/\/pubeurope.com\/@fr\/115537788573453759","error":""},"_links":{"self":[{"href":"https:\/\/www.europesays.com\/fr\/wp-json\/wp\/v2\/posts\/529402","targetHints":{"allow":["GET"]}}],"collection":[{"href":"https:\/\/www.europesays.com\/fr\/wp-json\/wp\/v2\/posts"}],"about":[{"href":"https:\/\/www.europesays.com\/fr\/wp-json\/wp\/v2\/types\/post"}],"author":[{"embeddable":true,"href":"https:\/\/www.europesays.com\/fr\/wp-json\/wp\/v2\/users\/2"}],"replies":[{"embeddable":true,"href":"https:\/\/www.europesays.com\/fr\/wp-json\/wp\/v2\/comments?post=529402"}],"version-history":[{"count":0,"href":"https:\/\/www.europesays.com\/fr\/wp-json\/wp\/v2\/posts\/529402\/revisions"}],"wp:featuredmedia":[{"embeddable":true,"href":"https:\/\/www.europesays.com\/fr\/wp-json\/wp\/v2\/media\/529403"}],"wp:attachment":[{"href":"https:\/\/www.europesays.com\/fr\/wp-json\/wp\/v2\/media?parent=529402"}],"wp:term":[{"taxonomy":"category","embeddable":true,"href":"https:\/\/www.europesays.com\/fr\/wp-json\/wp\/v2\/categories?post=529402"},{"taxonomy":"post_tag","embeddable":true,"href":"https:\/\/www.europesays.com\/fr\/wp-json\/wp\/v2\/tags?post=529402"}],"curies":[{"name":"wp","href":"https:\/\/api.w.org\/{rel}","templated":true}]}}