{"id":529404,"date":"2025-11-12T16:58:13","date_gmt":"2025-11-12T16:58:13","guid":{"rendered":"https:\/\/www.europesays.com\/fr\/529404\/"},"modified":"2025-11-12T16:58:13","modified_gmt":"2025-11-12T16:58:13","slug":"delibere-lundi-17-novembre-a-strasbourg","status":"publish","type":"post","link":"https:\/\/www.europesays.com\/fr\/529404\/","title":{"rendered":"d\u00e9lib\u00e9r\u00e9 lundi 17\u00a0novembre \u00e0 Strasbourg"},"content":{"rendered":"<p>Quatre redressements judiciaires en onze ans, une aci\u00e9rie sur le site d\u2019Hagondange en Moselle \u00e0 l\u2019arr\u00eat depuis la mi-juillet. Gazy Hildiz, d\u00e9l\u00e9gu\u00e9 central CGT, comprend le sentiment de ras-le-bol exprim\u00e9 par des m\u00e9tallos pendant que les deux repreneurs potentiels du groupe Novasco d\u00e9fendent \u00e0 huis clos leur projet devant la chambre commerciale\u00a0: \u00ab\u00a0les salari\u00e9s en ont marre de ne pas savoir s\u2019ils seront licenci\u00e9s ou pas\u00a0\u00bb.<\/p>\n<p>En ce 12\u00a0novembre, <a href=\"https:\/\/www.dna.fr\/social\/2025\/10\/31\/760-emplois-de-novasco-hagondange-menaces-decision-du-tribunal-de-strasbourg-le-12-novembre\" target=\"_blank\" rel=\"nofollow noopener\">apr\u00e8s une premi\u00e8re audience qui s\u2019est tenue le 31\u00a0octobre<\/a> , les trois juges strasbourgeois qui attendaient notamment des pr\u00e9cisions sur les garanties financi\u00e8res ont pu entendre les argumentaires du consortium d\u2019investisseurs r\u00e9unis autour de l\u2019Ardennais M\u00e9tal Blanc de Julien Baillon d\u2019une part et de l\u2019industriel fran\u00e7ais Europlasma d\u2019autre part. La chambre commerciale a mis sa d\u00e9cision en d\u00e9lib\u00e9r\u00e9 au 17\u00a0novembre.<\/p>\n<p>Si un projet de reprise devait \u00eatre retenu, le groupe sp\u00e9cialis\u00e9 dans l\u2019acier de haute technologie \u00e9chapperait \u00e0 la liquidation judiciaire. Mais \u00ab\u00a0il y a aura beaucoup de casse sociale parmi les 697 employ\u00e9s\u00a0\u00bb, pr\u00e9vient Gazy Hildiz. M\u00e9tal Blanc propose dans une offre \u00ab\u00a0am\u00e9lior\u00e9e\u00a0\u00bb de reprendre le seul site dunkerquois. Dans cette hypoth\u00e8se, 144 emplois seraient pr\u00e9serv\u00e9s sur le site des Dunes \u00e0 Leffrinkoucke et 553 salari\u00e9s recevraient leur lettre de licenciement, calcule le syndicaliste CGT\u00a0: \u00ab\u00a0un avis favorable pour ce projet a \u00e9t\u00e9 exprim\u00e9 par la majorit\u00e9 des personnes pr\u00e9sentes \u00e0 l\u2019audience\u00a0\u00bb.<\/p>\n<p>  Int\u00e9r\u00eat partag\u00e9 pour le site de Dunkerque<\/p>\n<p>La seconde offre pr\u00e9sent\u00e9e par Europlasma soul\u00e8ve toujours de \u00ab\u00a0grandes interrogations\u00a0\u00bb sur les garanties financi\u00e8res, indique le syndicaliste. Le groupe fran\u00e7ais propose de reprendre les sites de Saint-\u00c9tienne dans la Loire, de Custines en Meurthe-et-Moselle, de Dunkerque et d\u2019Hagondange en Moselle, un site est dot\u00e9 d\u2019une aci\u00e9rie \u00e9lectrique d\u00e9carbon\u00e9e. Mais au prix du licenciement de 350 des 430 salari\u00e9s d\u2019Hagondange et de la fermeture de la derni\u00e8re aci\u00e9rie de Moselle. \u00ab\u00a0L\u2019acier serait import\u00e9 de Su\u00e8de, les sites seraient des sites de finition\u00a0\u00bb, explique Gazy Hildiz.<\/p>\n<p>La fin de l\u2019aci\u00e9rie d\u2019Hagondange, qui a souffert d\u2019un manque d\u2019investissement, \u00e9tait \u00e9crite. \u00ab\u00a0Au lieu que remettre les machines \u00e0 niveau, elles ont continu\u00e9 \u00e0 pourrir malgr\u00e9 tous nos efforts\u00a0\u00bb, se d\u00e9sole ce groupe de salari\u00e9s. Pourtant l\u2019\u00c9tat avait mis sur la table 75\u00a0millions d\u2019euros lors de reprise de Novasco en 2024 par le fonds britannique Greybull qui a, pour sa part, investi 1,5\u00a0million sur les 90\u00a0millions attendus, d\u00e9noncent les m\u00e9tallos. Une intersyndicale a rendez-vous jeudi 13\u00a0novembre \u00e0 Bercy avec le ministre d\u00e9l\u00e9gu\u00e9 \u00e0 l\u2019Industrie, S\u00e9bastien Martin, qui, la semaine derni\u00e8re sur RMC, \u00e9cartait plut\u00f4t la solution d\u2019une nationalisation en consid\u00e9rant que le sujet de fond \u00e9tait \u00ab\u00a0l\u2019acier europ\u00e9en\u00a0\u00bb.<\/p>\n","protected":false},"excerpt":{"rendered":"Quatre redressements judiciaires en onze ans, une aci\u00e9rie sur le site d\u2019Hagondange en Moselle \u00e0 l\u2019arr\u00eat depuis la&hellip;\n","protected":false},"author":2,"featured_media":529405,"comment_status":"","ping_status":"","sticky":false,"template":"","format":"standard","meta":{"footnotes":""},"categories":[2820],"tags":[1111,11,2389,2649,33,2880,1777,674,107,1011,27,775,693,12,25,640,2879],"class_list":{"0":"post-529404","1":"post","2":"type-post","3":"status-publish","4":"format-standard","5":"has-post-thumbnail","7":"category-strasbourg","8":"tag-actu","9":"tag-actualites","10":"tag-alsace","11":"tag-bas-rhin","12":"tag-economie","13":"tag-edition-strasbourg","14":"tag-eu","15":"tag-europe","16":"tag-fil-info","17":"tag-fr","18":"tag-france","19":"tag-grand-est","20":"tag-industrie","21":"tag-news","22":"tag-republique-francaise","23":"tag-strasbourg","24":"tag-strasbourg-ville"},"share_on_mastodon":{"url":"https:\/\/pubeurope.com\/@fr\/115537792596029893","error":""},"_links":{"self":[{"href":"https:\/\/www.europesays.com\/fr\/wp-json\/wp\/v2\/posts\/529404","targetHints":{"allow":["GET"]}}],"collection":[{"href":"https:\/\/www.europesays.com\/fr\/wp-json\/wp\/v2\/posts"}],"about":[{"href":"https:\/\/www.europesays.com\/fr\/wp-json\/wp\/v2\/types\/post"}],"author":[{"embeddable":true,"href":"https:\/\/www.europesays.com\/fr\/wp-json\/wp\/v2\/users\/2"}],"replies":[{"embeddable":true,"href":"https:\/\/www.europesays.com\/fr\/wp-json\/wp\/v2\/comments?post=529404"}],"version-history":[{"count":0,"href":"https:\/\/www.europesays.com\/fr\/wp-json\/wp\/v2\/posts\/529404\/revisions"}],"wp:featuredmedia":[{"embeddable":true,"href":"https:\/\/www.europesays.com\/fr\/wp-json\/wp\/v2\/media\/529405"}],"wp:attachment":[{"href":"https:\/\/www.europesays.com\/fr\/wp-json\/wp\/v2\/media?parent=529404"}],"wp:term":[{"taxonomy":"category","embeddable":true,"href":"https:\/\/www.europesays.com\/fr\/wp-json\/wp\/v2\/categories?post=529404"},{"taxonomy":"post_tag","embeddable":true,"href":"https:\/\/www.europesays.com\/fr\/wp-json\/wp\/v2\/tags?post=529404"}],"curies":[{"name":"wp","href":"https:\/\/api.w.org\/{rel}","templated":true}]}}