{"id":529406,"date":"2025-11-12T16:59:12","date_gmt":"2025-11-12T16:59:12","guid":{"rendered":"https:\/\/www.europesays.com\/fr\/529406\/"},"modified":"2025-11-12T16:59:12","modified_gmt":"2025-11-12T16:59:12","slug":"lance-en-2023-le-train-de-nuit-paris-berlin-ne-passera-plus-par-strasbourg-voici-pourquoi","status":"publish","type":"post","link":"https:\/\/www.europesays.com\/fr\/529406\/","title":{"rendered":"Lanc\u00e9 en 2023, le train de nuit Paris-Berlin ne passera plus par Strasbourg : voici pourquoi"},"content":{"rendered":"<p>                    Par<br \/>\n        <strong><br \/>\n            <a href=\"https:\/\/actu.fr\/auteur\/amandine-mehl\" title=\"Consulter tous les articles de Amandine Mehl\" rel=\"nofollow noopener\" target=\"_blank\">Amandine Mehl<\/a><br \/>\n                    <\/strong><\/p>\n<p>        Publi\u00e9 le<\/p>\n<p>            12 nov. 2025 \u00e0 17h53        <\/p>\n<p>L\u2019annonce a \u00e9t\u00e9 faite ce mercredi 12 novembre 2025. Malgr\u00e9 le <a href=\"https:\/\/actu.fr\/ile-de-france\/paris_75056\/paris-derniers-voyages-pour-les-trains-de-nuit-a-destination-de-berlin-et-de-vienne_63228152.html\" rel=\"nofollow noopener\" target=\"_blank\">retrait de la SNCF<\/a>, <a href=\"https:\/\/actu.fr\/ile-de-france\/paris_75056\/malgre-le-retrait-de-la-sncf-les-trains-de-nuit-entre-paris-et-berlin-vont-reprendre-ce-qu-il-faut-savoir_63425217.html\" rel=\"nofollow noopener\" target=\"_blank\">les trains de nuit entre Paris et Berlin<\/a> reprendront \u00e0 compter du mois de <strong>mars 2026<\/strong>.<\/p>\n<p class=\" wall-content\">Diff\u00e9rence de taille toutefois : ils <strong>ne passeront plus par Strasbourg<\/strong>.<\/p>\n<p>Un nouvel itin\u00e9raire excluant Strasbourg<\/p>\n<p class=\" wall-content\">Comme le r\u00e9v\u00e9laient nos confr\u00e8res du <a href=\"https:\/\/www.lemonde.fr\/economie\/article\/2025\/09\/25\/les-trains-de-nuit-paris-berlin-et-paris-vienne-menaces-faute-de-subvention-de-l-etat_6642929_3234.html\" rel=\"nofollow noopener\" target=\"_blank\">Monde<\/a>, les <a href=\"https:\/\/actu.fr\/grand-est\/strasbourg_67482\/lance-en-2023-voici-pourquoi-le-train-de-nuit-strasbourg-berlin-pourrait-disparaitre-bientot_63220996.html\" rel=\"nofollow noopener\" target=\"_blank\">trains de nuit<\/a> <strong>devaient s\u2019arr\u00eater au mois de d\u00e9cembre 2025<\/strong> en raison de la <strong>non-reconduction d\u2019une aide<\/strong> du gouvernement, poussant la <a href=\"https:\/\/actu.fr\/tag\/sncf\" rel=\"nofollow noopener\" target=\"_blank\">SNCF<\/a> \u00e0 se d\u00e9sengager.<\/p>\n<p class=\" wall-content\">Finalement, on apprend ce jour que la liaison ferroviaire entre Paris et Berlin est maintenue, gr\u00e2ce \u00e0 une <strong>coop\u00e9rative belgo-n\u00e9erlandaise du nom d\u2019European Sleeper<\/strong>. Cette derni\u00e8re a cependant opt\u00e9 pour un <strong>autre itin\u00e9raire<\/strong>, avec notamment des arr\u00eats dans les Hauts-de-France, mais aussi \u00e0 Bruxelles et Hambourg,<strong> excluant Strasbourg<\/strong> de la carte.<\/p>\n<p class=\" wall-content\">Personnalisez votre actualit\u00e9 en ajoutant vos villes et m\u00e9dias en favori avec <a href=\"https:\/\/moncompte.actu.fr\" title=\"D\u00e9couvez Mon Actu\" rel=\"nofollow noopener\" data-trk=\"{&quot;cta&quot;:{&quot;action&quot;:&quot;https:\\\/\\\/moncompte.actu.fr&quot;,&quot;category&quot;:&quot;mon compte&quot;,&quot;from&quot;:&quot;article footer&quot;,&quot;name&quot;:&quot;Mon actu&quot;,&quot;type&quot;:&quot;cta&quot;}}\" target=\"_blank\">Mon Actu<\/a>.<\/p>\n","protected":false},"excerpt":{"rendered":"Par Amandine Mehl Publi\u00e9 le 12 nov. 2025 \u00e0 17h53 L\u2019annonce a \u00e9t\u00e9 faite ce mercredi 12 novembre&hellip;\n","protected":false},"author":2,"featured_media":350159,"comment_status":"","ping_status":"","sticky":false,"template":"","format":"standard","meta":{"footnotes":""},"categories":[2820],"tags":[1111,11,1777,674,1011,27,775,12,25,2215,104,640],"class_list":{"0":"post-529406","1":"post","2":"type-post","3":"status-publish","4":"format-standard","5":"has-post-thumbnail","7":"category-strasbourg","8":"tag-actu","9":"tag-actualites","10":"tag-eu","11":"tag-europe","12":"tag-fr","13":"tag-france","14":"tag-grand-est","15":"tag-news","16":"tag-republique-francaise","17":"tag-sncf","18":"tag-societe","19":"tag-strasbourg"},"share_on_mastodon":{"url":"https:\/\/pubeurope.com\/@fr\/115537796528442473","error":""},"_links":{"self":[{"href":"https:\/\/www.europesays.com\/fr\/wp-json\/wp\/v2\/posts\/529406","targetHints":{"allow":["GET"]}}],"collection":[{"href":"https:\/\/www.europesays.com\/fr\/wp-json\/wp\/v2\/posts"}],"about":[{"href":"https:\/\/www.europesays.com\/fr\/wp-json\/wp\/v2\/types\/post"}],"author":[{"embeddable":true,"href":"https:\/\/www.europesays.com\/fr\/wp-json\/wp\/v2\/users\/2"}],"replies":[{"embeddable":true,"href":"https:\/\/www.europesays.com\/fr\/wp-json\/wp\/v2\/comments?post=529406"}],"version-history":[{"count":0,"href":"https:\/\/www.europesays.com\/fr\/wp-json\/wp\/v2\/posts\/529406\/revisions"}],"wp:featuredmedia":[{"embeddable":true,"href":"https:\/\/www.europesays.com\/fr\/wp-json\/wp\/v2\/media\/350159"}],"wp:attachment":[{"href":"https:\/\/www.europesays.com\/fr\/wp-json\/wp\/v2\/media?parent=529406"}],"wp:term":[{"taxonomy":"category","embeddable":true,"href":"https:\/\/www.europesays.com\/fr\/wp-json\/wp\/v2\/categories?post=529406"},{"taxonomy":"post_tag","embeddable":true,"href":"https:\/\/www.europesays.com\/fr\/wp-json\/wp\/v2\/tags?post=529406"}],"curies":[{"name":"wp","href":"https:\/\/api.w.org\/{rel}","templated":true}]}}