{"id":529409,"date":"2025-11-12T17:02:14","date_gmt":"2025-11-12T17:02:14","guid":{"rendered":"https:\/\/www.europesays.com\/fr\/529409\/"},"modified":"2025-11-12T17:02:14","modified_gmt":"2025-11-12T17:02:14","slug":"a-nice-les-200-millions-deuros-pour-les-patinoires-en-vue-des-jo-dhiver-interrogent","status":"publish","type":"post","link":"https:\/\/www.europesays.com\/fr\/529409\/","title":{"rendered":"\u00e0 Nice, les 200 millions d\u2019euros pour les patinoires en vue des JO d\u2019hiver interrogent"},"content":{"rendered":"<p>\n    Les sports de glace des Jeux olympiques d\u2019hiver de 2030 doivent se tenir \u00e0 Nice mais les infrastructures manquent et seraient on\u00e9reuses, ce qui pose de nouveau question depuis qu\u2019un co\u00fbt plus pr\u00e9cis a \u00e9t\u00e9 avanc\u00e9.<\/p>\n<p class=\"fig-paragraph\">Le\u00a0<a href=\"http:\/\/www.lefigaro.fr\/nice\/jo-d-hiver-2030-deux-patinoires-seront-amenagees-dans-le-stade-allianz-riviera-de-nice-20241026\" data-fig-type=\"NewsFlash\" data-gtm-custom-categorie=\"navigation\" data-gtm-custom-action=\"crossclick\" data-gtm-custom-label=\"Contextuel\" data-gtm-event=\"customEventSPE\" data-fig-domain=\"LEFIGARO\" target=\"_blank\" rel=\"noopener\">stade Allianz Riviera<\/a>\u00a0couvert par une sorte de bulle et une patinoire toute neuve construite \u00e0 quelques encablures\u00a0: voil\u00e0 le projet pour que Nice (Alpes-Maritimes) accueille les sports de glace lors des\u00a0<a href=\"http:\/\/www.lefigaro.fr\/sports\/sports-d-hiver\/clement-noel-les-jo-2030-ne-doivent-pas-etre-un-coup-d-epee-dans-l-eau-20250409\" data-fig-type=\"NewsFlash\" data-gtm-custom-categorie=\"navigation\" data-gtm-custom-action=\"crossclick\" data-gtm-custom-label=\"Contextuel\" data-gtm-event=\"customEventSPE\" data-fig-domain=\"LEFIGARO\" target=\"_blank\" rel=\"noopener\">Jeux olympiques d\u2019hiver de 2030<\/a>, ce qui pose encore question au vu du co\u00fbt estim\u00e9 pour de telles infrastructures.<\/p>\n<p class=\"fig-paragraph\">Ces deux am\u00e9nagements se chiffreraient \u00e0 plus de 200 millions d\u2019euros (environ 80 pour le stade, 130 pour la nouvelle patinoire) selon le d\u00e9put\u00e9 rapporteur Fr\u00e9d\u00e9ric Maillot (GDR-communiste, 6e circonscription de La R\u00e9union), qui s\u2019est bas\u00e9 sur les donn\u00e9es de l\u2019institut g\u00e9n\u00e9ral des finances. Un co\u00fbt qui n\u2019\u00e9tait jusque-l\u00e0 pas connu et qu\u2019a pu se faire confirmer Le Figaro par une source proche du dossier.<\/p>\n<p>                                    <a class=\"fig-a11y-skip a11y-hidden\" href=\"#fig-a11y-skip-main-inarticle\"><br \/>\n        Passer la publicit\u00e9<br \/>\n    <\/a><\/p>\n<p class=\"fig-paragraph\">\u00abC\u2019est une folie budg\u00e9taire, c\u2019est un caprice de riche que l\u2019on ne peut pas se permettre. \u00c0 l\u2019\u00e9vidence, ce choix refl\u00e8te d\u2019un arbitrage politique et non d\u2019une r\u00e9flexion financi\u00e8re\u00bb, a d\u00e9nonc\u00e9 l\u2019\u00e9lu en commission des affaires culturelles lors de l\u2019audition de la ministre des Sports,\u00a0<a href=\"http:\/\/www.lefigaro.fr\/sports\/autres-sports\/marina-ferrari-revient-au-gouvernement-aux-sports-avec-les-jo-d-hiver-en-vue-20251006\" data-fig-type=\"NewsFlash\" data-gtm-custom-categorie=\"navigation\" data-gtm-custom-action=\"crossclick\" data-gtm-custom-label=\"Contextuel\" data-gtm-event=\"customEventSPE\" data-fig-domain=\"LEFIGARO\" target=\"_blank\" rel=\"noopener\">Marina Ferrari<\/a>. Ce dernier a annonc\u00e9 qu\u2019il allait d\u00e9poser un amendement pour chercher si d\u2019autres solutions existent.<\/p>\n<p>\u00abPeut-on se permettre cette d\u00e9pense\u00a0?\u00bb<\/p>\n<p class=\"fig-paragraph\">\u00abJe ne suis pas un ennemi du sport et je suis pour les JO\u00bb, assure Fr\u00e9d\u00e9ric Maillot au Figaro. \u00abMais \u00e0 l\u2019heure o\u00f9 l\u2019on nous demande de faire des \u00e9conomies, peut-on se permettre cette d\u00e9pense alors que dans le m\u00eame temps, on baisse les cr\u00e9dits pour les jeunes et le sport pour tous\u00a0? C\u2019est questionnant\u00bb, r\u00e9sume-t-il en expliquant qu\u2019en \u00e9tant originaire de l\u2019\u00eele de La R\u00e9union, il n\u2019a aucun int\u00e9r\u00eat \u00e0 d\u00e9fendre un projet plut\u00f4t qu\u2019un autre.<\/p>\n<p class=\"fig-paragraph\">Car il a \u00e9voqu\u00e9 les patinoires de Lyon ou encore de Paris pour l\u2019accueil des \u00e9preuves olympiques de hockey plut\u00f4t que Nice, et alors que ces deux villes recevront le mondial de la discipline en 2028. Celle de Pralognan-la-Vanoise, utilis\u00e9e pour Jeux de 1992, est aussi fonctionnelle, a-t-il rappel\u00e9.<\/p>\n<p class=\"fig-paragraph\">Pour les JO d\u2019hiver de 2030 dans les Alpes fran\u00e7aises, il est pr\u00e9vu que le p\u00f4le \u00abglace\u00bb se trouve dans la capitale azur\u00e9enne, qui ne poss\u00e8de pourtant pas les infrastructures n\u00e9cessaires. L\u2019actuelle patinoire Jean-Bouin est\u00a0<a href=\"http:\/\/www.lefigaro.fr\/nice\/nice-jugee-obsolete-la-patinoire-du-complexe-jean-bouin-n-aura-pas-sa-place-dans-le-futur-pole-aquatique-20241117\" data-fig-type=\"NewsFlash\" data-gtm-custom-categorie=\"navigation\" data-gtm-custom-action=\"crossclick\" data-gtm-custom-label=\"Contextuel\" data-gtm-event=\"customEventSPE\" data-fig-domain=\"LEFIGARO\" target=\"_blank\" rel=\"noopener\">jug\u00e9e obsol\u00e8te<\/a>, seuls le palais Nika\u00efa et celui des expositions peuvent \u00eatre am\u00e9nag\u00e9s pour certaines \u00e9preuves. Celle de patinage de vitesse sera finalement d\u00e9localis\u00e9e \u00e0 l\u2019\u00e9tranger (Italie ou Pays-Bas) faute d\u2019un grand anneau de glace existant et constructible dans l\u2019Hexagone.<\/p>\n<p class=\"fig-paragraph\">Pour le hockey, l\u2019id\u00e9e de couvrir le stade Allianz Riviera, antre de l\u2019OGC Nice dans l\u2019ouest de la ville, a \u00e9t\u00e9 avanc\u00e9e afin de disposer de deux grandes patinoires. Un am\u00e9nagement d\u00e9mentiel, \u00abqui va marquer l\u2019histoire olympique\u00bb soutient-on, gr\u00e2ce \u00e0 l\u2019accueil de 17.000 spectateurs l\u00e0 o\u00f9 les autres sites ne poss\u00e8dent que 5000 places. Il n\u2019emp\u00eache que la r\u00e9alisation se r\u00e9v\u00e8le complexe et on\u00e9reuse, d\u2019autant plus que le club de football devra se trouver un nouveau rectangle vert pour plusieurs mois.<\/p>\n<p>    Deux patinoires seraient am\u00e9nag\u00e9es dans le stade Allianz Riviera de Nice.<br \/>\n                Visuel candidature Alpes fran\u00e7aises 2030<\/p>\n<p>                                    <a class=\"fig-a11y-skip a11y-hidden\" href=\"#fig-a11y-skip-main-inarticle_mtf\"><br \/>\n        Passer la publicit\u00e9<br \/>\n    <\/a><\/p>\n<p class=\"fig-paragraph\">\u00abC\u2019est un am\u00e9nagement lourd, un \u00e9quipement qui n\u2019a pas \u00e9t\u00e9 du tout con\u00e7u pour \u00eatre une salle omnisports\u00bb, a critiqu\u00e9 le d\u00e9put\u00e9 Fr\u00e9d\u00e9ric Maillot. \u00abSi un imp\u00e9ratif \u00e9conomique est cens\u00e9 guider la pr\u00e9paration des Jeux, alors il faut le dire, il est \u00e0 g\u00e9om\u00e9trie variable\u00bb, a-t-il encore raill\u00e9. \u00abC\u2019est un scandale \u00e9cologique et budg\u00e9taire\u00bb, a rench\u00e9ri\u00a0<a href=\"http:\/\/www.lefigaro.fr\/nice\/municipales-2026-a-nice-face-a-estrosi-et-ciotti-une-candidate-ecologiste-d-union-de-la-gauche-mais-sans-lfi-20250905\" data-fig-type=\"NewsFlash\" data-gtm-custom-categorie=\"navigation\" data-gtm-custom-action=\"crossclick\" data-gtm-custom-label=\"Contextuel\" data-gtm-event=\"customEventSPE\" data-fig-domain=\"LEFIGARO\" target=\"_blank\" rel=\"noopener\">Juliette Chesnel-Le Roux<\/a>, chef de file des \u00e9cologistes \u00e0 Nice et\u00a0<a href=\"http:\/\/www.lefigaro.fr\/nice\/jo-d-hiver-de-2030-dans-les-alpes-des-ecologistes-denoncent-une-candidature-de-complaisance-20230823\" data-fig-type=\"NewsFlash\" data-gtm-custom-categorie=\"navigation\" data-gtm-custom-action=\"crossclick\" data-gtm-custom-label=\"Contextuel\" data-gtm-event=\"customEventSPE\" data-fig-domain=\"LEFIGARO\" target=\"_blank\" rel=\"noopener\">oppos\u00e9e d\u00e8s le d\u00e9part aux JO d\u2019hiver<\/a>.<\/p>\n<p>\u00abPertinent\u00bb<\/p>\n<p class=\"fig-paragraph\">Mais la ministre des Sports, Marina Ferrari, a r\u00e9affirm\u00e9 lors de son audition \u00e0 l\u2019Assembl\u00e9e nationale que le projet ni\u00e7ois \u00e9tait \u00abpertinent\u00bb. Lors d\u2019une visite des lieux en mars dernier,\u00a0<a href=\"http:\/\/www.lefigaro.fr\/sports\/jeux-olympiques\/alpes-2030-le-patron-du-comite-d-organisation-edgar-grospiron-s-attend-a-un-champ-de-bosses-20250218\" data-fig-type=\"Article\" data-gtm-custom-categorie=\"navigation\" data-gtm-custom-action=\"crossclick\" data-gtm-custom-label=\"Contextuel\" data-gtm-event=\"customEventSPE\" data-fig-domain=\"LEFIGARO\" target=\"_blank\" rel=\"noopener\">Edgar Grospiron, le pr\u00e9sident du comit\u00e9 d\u2019organisation (Cojop)<\/a>\u00a0avait d\u00e9j\u00e0 essay\u00e9\u00a0<a href=\"http:\/\/www.lefigaro.fr\/nice\/jo-d-hiver-2030-malgre-des-amenagements-importants-a-realiser-les-patinoires-de-nice-pas-remises-en-cause-20250408\" data-fig-type=\"NewsFlash\" data-gtm-custom-categorie=\"navigation\" data-gtm-custom-action=\"crossclick\" data-gtm-custom-label=\"Contextuel\" data-gtm-event=\"customEventSPE\" data-fig-domain=\"LEFIGARO\" target=\"_blank\" rel=\"noopener\">d\u2019\u00e9teindre la pol\u00e9mique naissante<\/a>\u00a0autour du choix de Nice. \u00abAucune remise en cause\u00bb, assurait-il, puisque la ville constitue \u00abune pi\u00e8ce essentielle de notre dispositif\u00bb. \u00abJ\u2019ai pu personnellement constater la l\u00e9gitimit\u00e9 de ce site\u00bb, indiquait-il.<\/p>\n<p class=\"fig-body-link\">\n            \u00c0 lire aussi<br \/>\n        <a class=\"fig-body-link__link fig-premium-mark\" href=\"http:\/\/www.lefigaro.fr\/sports\/jeux-olympiques\/jo-2030-risque-de-derapage-budgetaire-defi-environnemental-sites-a-definir-les-cinq-dossiers-brulants-de-grospiron-20250214\" data-fig-type=\"NewsFlash\" data-gtm-custom-categorie=\"navigation\" data-gtm-custom-action=\"crossclick\" data-gtm-custom-label=\"Contextuel\" data-gtm-event=\"customEventSPE\" data-fig-domain=\"LEFIGARO\" target=\"_blank\" rel=\"noopener\"><\/p>\n<p>        JO 2030\u00a0: risque de d\u00e9rapage budg\u00e9taire, d\u00e9fi environnemental, sites \u00e0 d\u00e9finir\u2026 Les 5 dossiers br\u00fblants d\u2019Edgar Grospiron<br \/>\n    <\/a>\n<\/p>\n<p class=\"fig-paragraph\">Sollicit\u00e9, le Cojop n\u2019a pas souhait\u00e9 faire de commentaire suppl\u00e9mentaire sur le sujet ni\u00e7ois et rappelle seulement que le \u00absch\u00e9ma pr\u00e9f\u00e9rentiel\u00bb, qui comprend les diff\u00e9rents sites de la candidature, dont Nice, a \u00e9t\u00e9 valid\u00e9 le 21 juillet dernier. Lors d\u2019un r\u00e9cent conseil d\u2019administration du Cojop, un premier budget de 2,130 milliards d\u2019euros a \u00e9t\u00e9 avanc\u00e9.<\/p>\n<p class=\"fig-paragraph\">Ce budget ne concerne que l\u2019aspect organisationnel mais pas le volet structurel\u00a0: cette mission de construction d\u2019\u00e9quipement revient \u00e0 la Solideo, la soci\u00e9t\u00e9 publique de livraison des ouvrages olympiques, qui est pr\u00e9sid\u00e9e dans le cadre des JO d\u2019hiver 2030 par\u00a0<a href=\"http:\/\/www.lefigaro.fr\/politique\/renaud-muselier-va-mettre-la-region-sud-paca-en-economie-de-paix-20250325\" data-fig-type=\"Article\" data-gtm-custom-categorie=\"navigation\" data-gtm-custom-action=\"crossclick\" data-gtm-custom-label=\"Contextuel\" data-gtm-event=\"customEventSPE\" data-fig-domain=\"LEFIGARO\" target=\"_blank\" rel=\"noopener\">Renaud Muselier<\/a>, pr\u00e9sident de la r\u00e9gion Paca. Sollicit\u00e9e, la Solideo n\u2019a pas non plus souhait\u00e9 r\u00e9agir.<\/p>\n<p>Seule construction en h\u00e9ritage<\/p>\n<p class=\"fig-paragraph\">La nouvelle patinoire ni\u00e7oise, imagin\u00e9e dans la plaine du Var avec pr\u00e8s de 4000 places, serait la seule construction en \u00abh\u00e9ritage\u00bb, rappelle un d\u00e9fenseur du sujet. Un \u00e9quipement qui serait utile \u00e0 la cinqui\u00e8me ville de France, \u00abune terre historique de glace\u00bb, soutient-il encore en r\u00e9f\u00e9rence au club de hockey de premi\u00e8re division, qui pourrait profiter ensuite de cette nouvelle enceinte. Avec ce p\u00f4le glace ni\u00e7ois et les recettes de la billetterie, la ville table sur des retomb\u00e9es de 400 millions d\u2019euros avec la cr\u00e9ation de 5700 emplois.<\/p>\n<p>                                    <a class=\"fig-a11y-skip a11y-hidden\" href=\"#fig-a11y-skip-main-inarticle_btf\"><br \/>\n        Passer la publicit\u00e9<br \/>\n    <\/a><\/p>\n<p class=\"fig-paragraph\">M\u00eame si la loi olympique qui consacre le budget de l\u2019\u00c9tat \u00e0 ces futurs Jeux n\u2019est pas encore adopt\u00e9e, des appels d\u2019offres ont \u00e9t\u00e9 lanc\u00e9s. Pour les infrastructures ni\u00e7oises, trois candidats sont encore en course et doivent pr\u00e9senter leurs maquettes. Le d\u00e9but des travaux est esp\u00e9r\u00e9 en 2027 pour une livraison esp\u00e9r\u00e9e en septembre 2029 en ce qui concerne la nouvelle patinoire et le village olympique, \u00e9galement pr\u00e9vu dans l\u2019ouest de la ville.<\/p>\n","protected":false},"excerpt":{"rendered":"Les sports de glace des Jeux olympiques d\u2019hiver de 2030 doivent se tenir \u00e0 Nice mais les infrastructures&hellip;\n","protected":false},"author":2,"featured_media":529410,"comment_status":"","ping_status":"","sticky":false,"template":"","format":"standard","meta":{"footnotes":""},"categories":[2819],"tags":[1111,11,2397,1777,674,1011,27,4133,21243,12,2401,882,25],"class_list":{"0":"post-529409","1":"post","2":"type-post","3":"status-publish","4":"format-standard","5":"has-post-thumbnail","7":"category-nice","8":"tag-actu","9":"tag-actualites","10":"tag-christian-estrosi","11":"tag-eu","12":"tag-europe","13":"tag-fr","14":"tag-france","15":"tag-hockey-sur-glace","16":"tag-jeux-olympiques-dhiver","17":"tag-news","18":"tag-nice","19":"tag-provence-alpes-cote-dazur","20":"tag-republique-francaise"},"share_on_mastodon":{"url":"","error":""},"_links":{"self":[{"href":"https:\/\/www.europesays.com\/fr\/wp-json\/wp\/v2\/posts\/529409","targetHints":{"allow":["GET"]}}],"collection":[{"href":"https:\/\/www.europesays.com\/fr\/wp-json\/wp\/v2\/posts"}],"about":[{"href":"https:\/\/www.europesays.com\/fr\/wp-json\/wp\/v2\/types\/post"}],"author":[{"embeddable":true,"href":"https:\/\/www.europesays.com\/fr\/wp-json\/wp\/v2\/users\/2"}],"replies":[{"embeddable":true,"href":"https:\/\/www.europesays.com\/fr\/wp-json\/wp\/v2\/comments?post=529409"}],"version-history":[{"count":0,"href":"https:\/\/www.europesays.com\/fr\/wp-json\/wp\/v2\/posts\/529409\/revisions"}],"wp:featuredmedia":[{"embeddable":true,"href":"https:\/\/www.europesays.com\/fr\/wp-json\/wp\/v2\/media\/529410"}],"wp:attachment":[{"href":"https:\/\/www.europesays.com\/fr\/wp-json\/wp\/v2\/media?parent=529409"}],"wp:term":[{"taxonomy":"category","embeddable":true,"href":"https:\/\/www.europesays.com\/fr\/wp-json\/wp\/v2\/categories?post=529409"},{"taxonomy":"post_tag","embeddable":true,"href":"https:\/\/www.europesays.com\/fr\/wp-json\/wp\/v2\/tags?post=529409"}],"curies":[{"name":"wp","href":"https:\/\/api.w.org\/{rel}","templated":true}]}}