{"id":52941,"date":"2025-04-25T23:23:09","date_gmt":"2025-04-25T23:23:09","guid":{"rendered":"https:\/\/www.europesays.com\/fr\/52941\/"},"modified":"2025-04-25T23:23:09","modified_gmt":"2025-04-25T23:23:09","slug":"previsions-du-samedi-26-avril-2025-5","status":"publish","type":"post","link":"https:\/\/www.europesays.com\/fr\/52941\/","title":{"rendered":"pr\u00e9visions du samedi 26 avril 2025"},"content":{"rendered":"<p>Les nuages \u00e0 pr\u00e9voir aujourd&rsquo;hui, \u00e0 Bordeaux, et un ciel encore gris. Le mercure affichera 13\u00b0C en moyenne. Un vent de nord-ouest soufflera l\u00e9g\u00e8rement, avec 11 km\/h. Le soleil fera d\u00e9faut le matin, car le ciel sera couvert par des nuages. Il faudra pr\u00e9voir des perturbations, les Bordelais se retrouveront sous des pluies \u00e9parses. Il va faire 13\u00b0C en moyenne. De petites averses rendront l&rsquo;apr\u00e8s-midi maussade. Les maximales iront jusqu&rsquo;\u00e0 15\u00b0C et les minimales seront de 13\u00b0C. Pour le soir, des pluies \u00e9parses vont tomber sur la ville. C&rsquo;est un ciel brumeux que conna\u00eetra la nuit de samedi \u00e0 dimanche.<\/p>\n<p>Demain, le vent va progressivement \u00e9loigner la grisaille \u00e0 Bordeaux. C&rsquo;est une hausse de quelques degr\u00e9s que vont enregistrer les temp\u00e9ratures. Les valeurs afficheront entre 11 et 21\u00b0C. Les temp\u00e9ratures s&rsquo;\u00e9chelonneront entre 12\u00b0C et 18\u00b0C dans la matin\u00e9e. Un vent de nord-ouest rafra\u00eechira quelque peu l&rsquo;atmosph\u00e8re. Les temp\u00e9ratures vont monter pendant l&rsquo;apr\u00e8s-midi de plusieurs degr\u00e9s. Les valeurs seront comprises entre 18 et 21\u00b0C. Le ciel va l\u00e9g\u00e8rement se d\u00e9gager dans la soir\u00e9e avec des \u00e9claircies. Les temp\u00e9ratures s&rsquo;\u00e9chelonneront de 15 \u00e0 18\u00b0C. Une modeste brise de nord-est sera ressentie par les habitants.<\/p>\n<p>Les jours passent et se ressemblent. Des temp\u00e9ratures dans les 17\u00b0C accompagneront un ciel ensoleill\u00e9.<\/p>\n<p><\/p>\n","protected":false},"excerpt":{"rendered":"Les nuages \u00e0 pr\u00e9voir aujourd&rsquo;hui, \u00e0 Bordeaux, et un ciel encore gris. Le mercure affichera 13\u00b0C en moyenne.&hellip;\n","protected":false},"author":2,"featured_media":52942,"comment_status":"","ping_status":"","sticky":false,"template":"","format":"standard","meta":{"footnotes":""},"categories":[2817],"tags":[1111,11,3177,1997,1777,674,1011,27,2905,12,2219,2119,25],"class_list":{"0":"post-52941","1":"post","2":"type-post","3":"status-publish","4":"format-standard","5":"has-post-thumbnail","7":"category-bordeaux","8":"tag-actu","9":"tag-actualites","10":"tag-aquitaine","11":"tag-bordeaux","12":"tag-eu","13":"tag-europe","14":"tag-fr","15":"tag-france","16":"tag-gironde","17":"tag-news","18":"tag-nouvelle-aquitaine","19":"tag-previsions-meteo","20":"tag-republique-francaise"},"share_on_mastodon":{"url":"https:\/\/pubeurope.com\/@fr\/114401181971302474","error":""},"_links":{"self":[{"href":"https:\/\/www.europesays.com\/fr\/wp-json\/wp\/v2\/posts\/52941","targetHints":{"allow":["GET"]}}],"collection":[{"href":"https:\/\/www.europesays.com\/fr\/wp-json\/wp\/v2\/posts"}],"about":[{"href":"https:\/\/www.europesays.com\/fr\/wp-json\/wp\/v2\/types\/post"}],"author":[{"embeddable":true,"href":"https:\/\/www.europesays.com\/fr\/wp-json\/wp\/v2\/users\/2"}],"replies":[{"embeddable":true,"href":"https:\/\/www.europesays.com\/fr\/wp-json\/wp\/v2\/comments?post=52941"}],"version-history":[{"count":0,"href":"https:\/\/www.europesays.com\/fr\/wp-json\/wp\/v2\/posts\/52941\/revisions"}],"wp:featuredmedia":[{"embeddable":true,"href":"https:\/\/www.europesays.com\/fr\/wp-json\/wp\/v2\/media\/52942"}],"wp:attachment":[{"href":"https:\/\/www.europesays.com\/fr\/wp-json\/wp\/v2\/media?parent=52941"}],"wp:term":[{"taxonomy":"category","embeddable":true,"href":"https:\/\/www.europesays.com\/fr\/wp-json\/wp\/v2\/categories?post=52941"},{"taxonomy":"post_tag","embeddable":true,"href":"https:\/\/www.europesays.com\/fr\/wp-json\/wp\/v2\/tags?post=52941"}],"curies":[{"name":"wp","href":"https:\/\/api.w.org\/{rel}","templated":true}]}}