{"id":529411,"date":"2025-11-12T17:03:19","date_gmt":"2025-11-12T17:03:19","guid":{"rendered":"https:\/\/www.europesays.com\/fr\/529411\/"},"modified":"2025-11-12T17:03:19","modified_gmt":"2025-11-12T17:03:19","slug":"le-reseau-de-transport-ouvre-sa-troisieme-ligne-de-navibus-sur-la-loire","status":"publish","type":"post","link":"https:\/\/www.europesays.com\/fr\/529411\/","title":{"rendered":"Le r\u00e9seau de transport ouvre sa troisi\u00e8me ligne de Navibus sur la Loire"},"content":{"rendered":"<p>Dans la cit\u00e9 des ducs, les transports en commun ne se limitent pas qu\u2019aux bus et aux tramways. Travers\u00e9e par la <a href=\"https:\/\/www.20minutes.fr\/faits_divers\/4177485-20251006-loire-atlantique-voiture-tombe-loire-secours-interviennent\" target=\"_blank\" class=\"c-link c-link--is-underlined\" rel=\"noopener\">Loire<\/a>, la ville b\u00e9n\u00e9ficie de trois liaisons fluviales. L\u2019une d\u2019entre elles, la ligne Navibus N2, a \u00e9t\u00e9 inaugur\u00e9e mercredi matin en pr\u00e9sence de <a href=\"https:\/\/www.20minutes.fr\/dossier\/johanna_rolland\" target=\"_blank\" class=\"c-link c-link--is-underlined\" rel=\"noopener\">Johanna Rolland<\/a>, maire socialiste.<\/p>\n<p>Cet am\u00e9nagement qui relie Trentemoult-Sabli\u00e8res \u00e0 Rez\u00e9, Bas-Chantenay et l\u2019\u00eele de <a href=\"https:\/\/www.20minutes.fr\/nantes\/\" target=\"_blank\" class=\"c-link c-link--is-underlined\" rel=\"noopener\">Nantes<\/a>, fait suite \u00e0 \u00ab\u00a0la concertation publique men\u00e9e en\u00a02022, durant laquelle les habitantes et habitants ont exprim\u00e9 un fort soutien en faveur de ce franchissement [\u2026] qui facilite les d\u00e9placements quotidiens\u00a0\u00bb entre les deux rives.<\/p>\n<p>140 places de parking<\/p>\n<p>Ce nouvel axe fluvial s\u2019inscrit dans le prolongement de la ligne de Navibus d\u00e9j\u00e0 existante reliant Bas-Chantenay au Hangar \u00e0 bananes avec \u00ab\u00a0l\u2019am\u00e9nagement d\u2019un embarcad\u00e8re et d\u2019un parking-relais\u00a0\u00bb de 140 places et une station de v\u00e9los en libre-service c\u00f4t\u00e9 Trentemoult, d\u00e9taille Nantes m\u00e9tropole dans un communiqu\u00e9.<\/p>\n<p>Cette nouvelle ligne est ouverte de 7 heures \u00e0 20 heures entre octobre et mai et de 7 heures \u00e0 minuit de juin \u00e0 septembre avec une navette toutes les 20 minutes aux heures de pointe et toutes les 32 minutes pendant les heures creuses.<\/p>\n","protected":false},"excerpt":{"rendered":"Dans la cit\u00e9 des ducs, les transports en commun ne se limitent pas qu\u2019aux bus et aux tramways.&hellip;\n","protected":false},"author":2,"featured_media":529412,"comment_status":"","ping_status":"","sticky":false,"template":"","format":"standard","meta":{"footnotes":""},"categories":[2818],"tags":[1111,11,1777,674,1011,27,3047,766,12,2636,1306,25,2803,2216],"class_list":{"0":"post-529411","1":"post","2":"type-post","3":"status-publish","4":"format-standard","5":"has-post-thumbnail","7":"category-nantes","8":"tag-actu","9":"tag-actualites","10":"tag-eu","11":"tag-europe","12":"tag-fr","13":"tag-france","14":"tag-loire-atlantique","15":"tag-nantes","16":"tag-news","17":"tag-pays-de-la-loire","18":"tag-regions","19":"tag-republique-francaise","20":"tag-transport","21":"tag-transports-en-commun"},"share_on_mastodon":{"url":"https:\/\/pubeurope.com\/@fr\/115537812226279750","error":""},"_links":{"self":[{"href":"https:\/\/www.europesays.com\/fr\/wp-json\/wp\/v2\/posts\/529411","targetHints":{"allow":["GET"]}}],"collection":[{"href":"https:\/\/www.europesays.com\/fr\/wp-json\/wp\/v2\/posts"}],"about":[{"href":"https:\/\/www.europesays.com\/fr\/wp-json\/wp\/v2\/types\/post"}],"author":[{"embeddable":true,"href":"https:\/\/www.europesays.com\/fr\/wp-json\/wp\/v2\/users\/2"}],"replies":[{"embeddable":true,"href":"https:\/\/www.europesays.com\/fr\/wp-json\/wp\/v2\/comments?post=529411"}],"version-history":[{"count":0,"href":"https:\/\/www.europesays.com\/fr\/wp-json\/wp\/v2\/posts\/529411\/revisions"}],"wp:featuredmedia":[{"embeddable":true,"href":"https:\/\/www.europesays.com\/fr\/wp-json\/wp\/v2\/media\/529412"}],"wp:attachment":[{"href":"https:\/\/www.europesays.com\/fr\/wp-json\/wp\/v2\/media?parent=529411"}],"wp:term":[{"taxonomy":"category","embeddable":true,"href":"https:\/\/www.europesays.com\/fr\/wp-json\/wp\/v2\/categories?post=529411"},{"taxonomy":"post_tag","embeddable":true,"href":"https:\/\/www.europesays.com\/fr\/wp-json\/wp\/v2\/tags?post=529411"}],"curies":[{"name":"wp","href":"https:\/\/api.w.org\/{rel}","templated":true}]}}