{"id":529413,"date":"2025-11-12T17:04:17","date_gmt":"2025-11-12T17:04:17","guid":{"rendered":"https:\/\/www.europesays.com\/fr\/529413\/"},"modified":"2025-11-12T17:04:17","modified_gmt":"2025-11-12T17:04:17","slug":"marc-sdf-dort-dans-sa-voiture-depuis-quatre-ans-pres-de-nantes","status":"publish","type":"post","link":"https:\/\/www.europesays.com\/fr\/529413\/","title":{"rendered":"Marc, SDF, dort dans sa voiture depuis quatre ans pr\u00e8s de Nantes"},"content":{"rendered":"<p>                    Par<br \/>\n        <strong><br \/>\n            <a href=\"https:\/\/actu.fr\/auteur\/laure-gentil\" title=\"Consulter tous les articles de Laure Gentil\" target=\"_blank\" rel=\"noopener\">Laure Gentil<\/a><br \/>\n                    <\/strong><\/p>\n<p>        Publi\u00e9 le<\/p>\n<p>            12 nov. 2025 \u00e0 17h59        <\/p>\n<p>Impossible de rater la petite voiture sans permis recouverte de ruban adh\u00e9sif. Elle semble tomber en morceaux. Pourtant, c\u2019est l\u00e0 que <b>Marc<\/b>, un Nantais de 61\u00a0ans, dort et vit. Cet homme, qui a travaill\u00e9 15\u00a0ans \u00e0 la Poste, huit ans dans une imprimerie \u00e0 <b><a href=\"https:\/\/actu.fr\/pays-de-la-loire\/carquefou_44026\" target=\"_blank\" rel=\"noopener\">Carquefou<\/a> <\/b>et deux ans en tant que gardien de gymnase pour la mairie n\u2019a plus rien, \u00e0 part ce v\u00e9hicule gris et minuscule qu\u2019il a gar\u00e9 dans un parking de <a href=\"https:\/\/actu.fr\/pays-de-la-loire\/saint-herblain_44162\" target=\"_blank\" rel=\"noopener\"><b>Saint-Herblain<\/b><\/a>, \u00e0 quelques rues de la maison qu\u2019il partageait autrefois avec ses parents. Marc se sent abandonn\u00e9 par la mairie et la pr\u00e9fecture. \u00ab\u2009\u00c7a fait quatre ans que je vis dans ma voiture\u2009\u00bb, admet-il avec un sourire las \u00e0 actu Nantes.<\/p>\n<p>Un rat dans le moteur<\/p>\n<p class=\" wall-content\">\u00ab\u2009Ma vie elle a bascul\u00e9 un petit peu\u2009\u00bb, nous dit-il simplement. Apr\u00e8s trois divorces, le d\u00e9c\u00e8s de sa m\u00e8re en 2021 est le point de bascule. \u00ab\u2009Je vivais avec elle dans sa maison parce qu\u2019elle avait du mal \u00e0 vivre seule\u2009\u00bb, raconte Marc. \u00ab\u2009Elle souffrait de la maladie d\u2019Alzheimer.\u2009\u00bb La<b> succession se passe mal<\/b> entre lui et ses cinq fr\u00e8res\u2009: \u00ab\u2009chacun voulait sa part\u2009\u00bb. La maison est vendue, il ne lui reste plus suffisamment d\u2019\u00e9conomies pour trouver un appartement et il doit vivre plusieurs mois dans des chambres d\u2019h\u00f4tel. Retrouver du travail est impossible pour le sexag\u00e9naire.<\/p>\n<blockquote class=\"ac-article-quote wall-content\">\n<p>Je ne peux plus travailler, j\u2019ai des \u0153d\u00e8mes, j\u2019ai de l\u2019arthrose et j\u2019ai la prostate qui d\u00e9conne.<\/p>\n<p>Marc<\/p><\/blockquote>\n<p class=\" wall-content\">Il ne lui reste donc que sa voiture et une couverture. Se reposer devient un parcours du combattant. \u00ab\u2009J\u2019ai peur de dormir la nuit et d\u2019\u00eatre agress\u00e9 parce que la voiture ne ferme pas\u2009\u00bb, confie l\u2019homme, les traits fatigu\u00e9s. Alors, Marc dort le jour. Il se contorsionne comme il peut dans le petit espace de son v\u00e9hicule et se repose \u00e0 moiti\u00e9 assis, \u00e0 moiti\u00e9 coucher. Le sexag\u00e9naire se retrouve aujourd\u2019hui <b>coup\u00e9 de tout lien social et surtout sans toit, <\/b>alors m\u00eame que l\u2019hiver est l\u00e0. Sa seule compagnie est le rat qui vient se r\u00e9fugier dans le moteur tous les soirs. Parfois des amis ou ses ni\u00e8ces viennent le voir.<\/p>\n<p>    <img   decoding=\"async\" loading=\"lazy\" class=\"size-large\" src=\"https:\/\/www.europesays.com\/fr\/wp-content\/uploads\/2025\/11\/fb9f932a64196edaf932a6419d2cf9v-960x640.jpeg\" alt=\"La voiture sans permis de Marc ne fonctionne plus. Du ruban adh\u00e9sif colmate les br\u00e8ches.\" width=\"960\" height=\"640\"\/><br \/>\n    La voiture sans permis de Marc ne fonctionne plus. Du ruban adh\u00e9sif colmate les br\u00e8ches. \u00a9Laure GENTIL<\/p>\n<p class=\" wall-content\">Marc essaye de prendre soin de lui-m\u00eame et va de temps en temps dans un gymnase ou prend une chambre d\u2019h\u00f4tel pour une nuit\u2009: \u00ab\u2009Comme \u00e7a, je peux me doucher\u2009\u00bb. Le RSA et les dons des habitants des habitants de Saint-Herblain lui permettent de manger. Mais aller jusqu\u2019au supermarch\u00e9 \u00e0 pied lui fait mal.<\/p>\n<p class=\" wall-content\">Pour <b>Pierrick Guisnel, <\/b>pr\u00e9sident de l\u2019association Les Habitants ont la parole, Marc a \u00e9t\u00e9 oubli\u00e9 par l\u2019\u00c9tat et la mairie. \u00ab\u2009On a d\u00e9couvert l\u2019affaire il y a \u00e0 peu pr\u00e8s deux mois. On est tomb\u00e9s de haut \u00e9videmment\u2009\u00bb, indique-t-il \u00e0 actu Nantes.<\/p>\n<p>Votre r\u00e9gion, votre actu !<\/p>\n<p>Recevez chaque jour les infos qui comptent pour vous.<\/p>\n<p>\t<a href=\"https:\/\/actu.fr\/newsletter\" class=\"ac-btn ac-btn--corner ac-btn--medium ac-btn--blue800\" target=\"_blank\" rel=\"noopener\">S&rsquo;incrire<\/a><br \/>\n\u00ab\u2009Il est tomb\u00e9 dans un oubli total\u2009\u00bb<\/p>\n<p class=\" wall-content\">Selon Pierrick Guisnel, Marc \u00ab\u2009est tomb\u00e9 dans un oubli total\u2009\u00bb. Son dossier n\u2019aurait \u00e9t\u00e9 actualis\u00e9 qu\u2019en ao\u00fbt\u00a02021 sans suivi ou r\u00e9actualisation de sa demande de logement. Le pr\u00e9sident d\u2019association assure avoir envoy\u00e9 un courrier \u00e0 la mairie de Saint-Herblain. La demande de logement a \u00e9t\u00e9 mise \u00e0 jour en octobre dernier. Pierrick Guisnel assure avoir aussi contact\u00e9 la pr\u00e9fecture. \u00ab\u2009Il va falloir qu\u2019\u00e0 un moment quelqu\u2019un se d\u00e9cide\u2009\u00bb, s\u2019agace-t-il.<\/p>\n<p class=\" wall-content\">Du c\u00f4t\u00e9 de la<b> mairie de Saint-Herblain<\/b>, sollicit\u00e9e par\u00a0actu Nantes, celle-ci reconna\u00eet que Marc est \u00ab\u2009connu des services municipaux\u2009\u00bb et d\u00e9nonce une \u00ab<b>\u2009instrumentalisation politique<\/b> de cette situation individuelle via les r\u00e9seaux sociaux par une association clairement affili\u00e9e depuis sa cr\u00e9ation au candidat de droite d\u00e9clar\u00e9 depuis trois \u00e9lections municipales\u2009\u00bb.<\/p>\n<blockquote class=\"ac-article-quote wall-content\">\n<p>Il est domicili\u00e9 au CCAS de Saint-Herblain depuis trois ans (auquel il rend tr\u00e8s peu visite, m\u00eame pour retirer son courrier, ce qui est un motif de radiation non appliqu\u00e9), mais avec une interruption de quatre mois due au fait qu\u2019il n\u2019avait pas fait de demande de renouvellement. Il b\u00e9n\u00e9ficie d\u2019un accompagnement social par une association professionnelle dans le cadre du RSA. L\u2019an dernier, alors qu\u2019il stationnait d\u00e9j\u00e0 sur un parking municipal, la Ville avait activ\u00e9 plusieurs leviers \u2013 toujours actifs \u2013 avec ses partenaires dont des maraudes du Samu social (veille sanitaire, accompagnement aux d\u00e9marches) et le suivi par l\u2019EDS Espace des solidarit\u00e9s du D\u00e9partement. Enfin, la police municipale passe \u00e9galement le voir.<\/p>\n<p>Ville de Saint-Herblain<\/p><\/blockquote>\n<p class=\" wall-content\">Marc est \u00ab\u2009inscrit comme demandeur de logement social depuis cinq ans\u2009\u00bb bien que selon la Ville, le profil de Marc ne le qualifie pas \u00ab\u2009pour le logement social mais pour un h\u00e9bergement\u2009\u00bb. Le sexag\u00e9naire a \u00e9t\u00e9 orient\u00e9 en 2024 vers un \u00ab\u2009dispositif d\u2019h\u00e9bergement, qu\u2019il a quitt\u00e9 de sa propre initiative.\u2009\u00bb Marc explique \u00eatre parti suite \u00e0 des menaces de la part d\u2019autres r\u00e9sidents.<\/p>\n<p class=\" wall-content\">Aujourd\u2019hui, ce Nantais souhaite juste passer l\u2019hiver au chaud\u2009: \u00ab\u2009J\u2019en ai marre de la rue\u2009\u00bb.<\/p>\n<p class=\" wall-content\">Personnalisez votre actualit\u00e9 en ajoutant vos villes et m\u00e9dias en favori avec <a href=\"https:\/\/moncompte.actu.fr\" title=\"D\u00e9couvez Mon Actu\" rel=\"nofollow noopener\" data-trk=\"{&quot;cta&quot;:{&quot;action&quot;:&quot;https:\\\/\\\/moncompte.actu.fr&quot;,&quot;category&quot;:&quot;mon compte&quot;,&quot;from&quot;:&quot;article footer&quot;,&quot;name&quot;:&quot;Mon actu&quot;,&quot;type&quot;:&quot;cta&quot;}}\" target=\"_blank\">Mon Actu<\/a>.<\/p>\n","protected":false},"excerpt":{"rendered":"Par Laure Gentil Publi\u00e9 le 12 nov. 2025 \u00e0 17h59 Impossible de rater la petite voiture sans permis&hellip;\n","protected":false},"author":2,"featured_media":529414,"comment_status":"","ping_status":"","sticky":false,"template":"","format":"standard","meta":{"footnotes":""},"categories":[2818],"tags":[1111,11,1777,674,1011,27,766,12,4518,2636,25,104,3400,240],"class_list":{"0":"post-529413","1":"post","2":"type-post","3":"status-publish","4":"format-standard","5":"has-post-thumbnail","7":"category-nantes","8":"tag-actu","9":"tag-actualites","10":"tag-eu","11":"tag-europe","12":"tag-fr","13":"tag-france","14":"tag-nantes","15":"tag-news","16":"tag-pauvrete","17":"tag-pays-de-la-loire","18":"tag-republique-francaise","19":"tag-societe","20":"tag-solidarite","21":"tag-temoignage"},"share_on_mastodon":{"url":"https:\/\/pubeurope.com\/@fr\/115537816654613832","error":""},"_links":{"self":[{"href":"https:\/\/www.europesays.com\/fr\/wp-json\/wp\/v2\/posts\/529413","targetHints":{"allow":["GET"]}}],"collection":[{"href":"https:\/\/www.europesays.com\/fr\/wp-json\/wp\/v2\/posts"}],"about":[{"href":"https:\/\/www.europesays.com\/fr\/wp-json\/wp\/v2\/types\/post"}],"author":[{"embeddable":true,"href":"https:\/\/www.europesays.com\/fr\/wp-json\/wp\/v2\/users\/2"}],"replies":[{"embeddable":true,"href":"https:\/\/www.europesays.com\/fr\/wp-json\/wp\/v2\/comments?post=529413"}],"version-history":[{"count":0,"href":"https:\/\/www.europesays.com\/fr\/wp-json\/wp\/v2\/posts\/529413\/revisions"}],"wp:featuredmedia":[{"embeddable":true,"href":"https:\/\/www.europesays.com\/fr\/wp-json\/wp\/v2\/media\/529414"}],"wp:attachment":[{"href":"https:\/\/www.europesays.com\/fr\/wp-json\/wp\/v2\/media?parent=529413"}],"wp:term":[{"taxonomy":"category","embeddable":true,"href":"https:\/\/www.europesays.com\/fr\/wp-json\/wp\/v2\/categories?post=529413"},{"taxonomy":"post_tag","embeddable":true,"href":"https:\/\/www.europesays.com\/fr\/wp-json\/wp\/v2\/tags?post=529413"}],"curies":[{"name":"wp","href":"https:\/\/api.w.org\/{rel}","templated":true}]}}