{"id":529423,"date":"2025-11-12T17:09:13","date_gmt":"2025-11-12T17:09:13","guid":{"rendered":"https:\/\/www.europesays.com\/fr\/529423\/"},"modified":"2025-11-12T17:09:13","modified_gmt":"2025-11-12T17:09:13","slug":"vieux-lille-cassandre-va-bientot-vous-regaler-avec-ses-bento-cakes-et-autres-gourmandises","status":"publish","type":"post","link":"https:\/\/www.europesays.com\/fr\/529423\/","title":{"rendered":"Vieux-Lille. Cassandre va bient\u00f4t vous r\u00e9galer avec ses bento cakes et autres gourmandises"},"content":{"rendered":"<p>                    Par<br \/>\n        <strong><br \/>\n            <a href=\"https:\/\/actu.fr\/auteur\/amandine-vachez\" title=\"Consulter tous les articles de Amandine Vachez\" target=\"_blank\" rel=\"noopener\">Amandine Vachez<\/a><br \/>\n                    <\/strong><\/p>\n<p>        Publi\u00e9 le<\/p>\n<p>            12 nov. 2025 \u00e0 17h42        <\/p>\n<p>S\u2019ils sont aussi bons que beaux, il y aura foule dans la boutique de Cassandre Verdier\u2009! La Lilloise,<b> i<\/b><b>nfirmi\u00e8re lib\u00e9rale de m\u00e9tier<\/b>, qui confectionne des <b>bento cakes <\/b>et <b>autres g\u00e2teaux sur commande <\/b>\u00e0 c\u00f4t\u00e9 depuis 2\u00a0ans, se lance dans une nouvelle \u00e9tape professionnelle. Elle ouvrira d\u2019ici <b>fin novembre\u00a02025<\/b> sa <b>boutique<\/b> dans le <a href=\"https:\/\/actu.fr\/lille\" target=\"_blank\" rel=\"noopener\">Vieux-Lille<\/a> (Nord).<\/p>\n<p>Nouveau look pour une nouvelle boutique<\/p>\n<p class=\" wall-content\">Lundi 10 novembre 2025, c\u2019est dans le local de son commerce, en pleins <a href=\"https:\/\/actu.fr\/tag\/travaux\" target=\"_blank\" rel=\"noopener\">travaux<\/a>, que nous sommes all\u00e9s \u00e0 la rencontre de Cassandre, apr\u00e8s sa tourn\u00e9e du matin. Sortie de ses rendez-vous en tant qu\u2019infirmi\u00e8re lib\u00e9rale, elle enfile la casquette de<b> g\u00e9rante de boutique.<\/b> Elle pr\u00e9pare, avec ses proches, l\u2019ouverture, derri\u00e8re la vitrine du<b> 56, rue Saint-Andr\u00e9. <\/b>De nombreuses personnes curieuses observent ce man\u00e8ge qui se d\u00e9roule apr\u00e8s le d\u00e9part de la <a href=\"https:\/\/actu.fr\/hauts-de-france\/lille_59350\/un-an-apres-jb-lebas-une-nouvelle-briocherie-festive-va-ouvrir-dans-le-vieux-lille_59701316.html\" target=\"_blank\" rel=\"noopener\">\u00ab\u2009briocherie\u2009\u00bb Sylvana<\/a>.<\/p>\n<p class=\" wall-content\">Comptoir en bois, peinture, nouvelles chaises couleur framboise\u2026 Tout prend forme, avant l\u2019<b>ouverture, le jeudi 20\u00a0novembre.<\/b> \u00ab\u2009Je r\u00e8gle les derniers d\u00e9tails, c\u2019est un peu la course\u2009\u00bb, sourit Cassandre, qui a h\u00e2te de faire d\u00e9couvrir l\u2019endroit qu\u2019elle a imagin\u00e9 \u00e0 la client\u00e8le.<\/p>\n<p class=\" wall-content\"><a href=\"https:\/\/www.instagram.com\/p\/DQ7j_neAi-p\/embed\" title=\"Ouvrir le lien sur Instagram\" target=\"_blank\" rel=\"noopener\">Visualiser le contenu sur Instagram<\/a><\/p>\n<p>Prendre soin des gens, leur donner du bonheur<\/p>\n<p class=\" wall-content\"><b>Cassandre, 39\u00a0ans<\/b>, maman<b>\u00a0de trois enfants<\/b>,<b> <\/b>a toujours pr\u00e9par\u00e9 des p\u00e2tisseries pour sa famille. \u00ab\u2009C\u2019est \u00e0 chaque occasion ma contribution. Et j\u2019ai une grande famille, donc \u00e0 chaque fois ce sont de belles quantit\u00e9s\u2009\u00bb, sourit-elle.<\/p>\n<p class=\" wall-content\">Elle a \u00e9t\u00e9 encourag\u00e9e \u00e0 aller plus loin \u00e0 plusieurs reprises par ses proches. C\u2019est une nouvelle suggestion de son cousin, il y a 2\u00a0ans, qui la pousse \u00e0 se lancer. Elle montre ses r\u00e9alisations sur les r\u00e9seaux sociaux. \u00c7a prend vite\u2009: elle <b>ouvre sa microentreprise<\/b> et <b>confectionne les commandes depuis chez elle.<\/b><\/p>\n<p class=\" wall-content\"><a href=\"https:\/\/www.instagram.com\/p\/DQxJxK-giUF\/embed\" title=\"Ouvrir le lien sur Instagram\" target=\"_blank\" rel=\"noopener\">Visualiser le contenu sur Instagram<\/a><\/p>\n<p class=\" wall-content\"><a href=\"https:\/\/www.instagram.com\/p\/DMlPIjNMvuq\/embed\" title=\"Ouvrir le lien sur Instagram\" target=\"_blank\" rel=\"noopener\">Visualiser le contenu sur Instagram<\/a><\/p>\n<p class=\" wall-content\">En avril\u00a02025, elle construit un labo, chez elle, pour avoir plus de place. Puis en juillet s\u2019est pr\u00e9sent\u00e9e l\u2019opportunit\u00e9 de r\u00e9cup\u00e9rer ce local, rue Saint-Andr\u00e9. Elle se lance alors dans une nouvelle \u00e9tape de cette aventure. \u00ab\u2009C\u2019est mon conjoint qui va \u00eatre content, il n\u2019aura plus \u00e0 faire toute la vaisselle\u2009\u00bb, sourit Cassandre, qui se r\u00e9jouit d\u2019avoir <b>un bel outil de travail \u00e0 disposition.<\/b><\/p>\n<p class=\" wall-content\">Jusqu\u2019en fin d\u2019ann\u00e9e, elle poursuivra son activit\u00e9 d\u2019infirmi\u00e8re \u00e0 c\u00f4t\u00e9 de la gestion de la boutique, avant de <b>s\u2019y consacrer pleinement d\u00e9but 2026<\/b>, avec une vendeuse qu\u2019elle a d\u00e9j\u00e0 trouv\u00e9e\u2009!<\/p>\n<p>Votre r\u00e9gion, votre actu !<\/p>\n<p>Recevez chaque jour les infos qui comptent pour vous.<\/p>\n<p>\t<a href=\"https:\/\/actu.fr\/newsletter\" class=\"ac-btn ac-btn--corner ac-btn--medium ac-btn--blue800\" target=\"_blank\" rel=\"noopener\">S&rsquo;incrire<\/a><\/p>\n<p class=\" wall-content\"><a href=\"https:\/\/www.instagram.com\/p\/DQKXlL4AhlH\/embed\" title=\"Ouvrir le lien sur Instagram\" target=\"_blank\" rel=\"noopener\">Visualiser le contenu sur Instagram<\/a><\/p>\n<p>Une boutique autour du cake design<\/p>\n<p class=\" wall-content\">Dans la boutique de Cassandre, on trouvera des p\u00e2tisseries confectionn\u00e9es avec soin. \u00ab\u2009Le concept tourne <b>autour du cake design<\/b>, avec comme produit phare le<b> bento cake<\/b>\u2009\u00bb, nous pr\u00e9sente-t-elle. \u00c0 savoir des <b>g\u00e2teaux individuels de 10\u00a0cm de diam\u00e8tre<\/b>, d\u00e9cor\u00e9s avec soin, voire personnalis\u00e9s (comptez en moyenne 3 ou 4\u00a0jours pour une r\u00e9alisation sur-mesure).<\/p>\n<p class=\" wall-content\"><a href=\"https:\/\/www.instagram.com\/p\/DQm6Bmegsta\/embed\" title=\"Ouvrir le lien sur Instagram\" target=\"_blank\" rel=\"noopener\">Visualiser le contenu sur Instagram<\/a><\/p>\n<p class=\" wall-content\">Cassandre ne s\u2019arr\u00eatera pas \u00e0 cette sp\u00e9cialit\u00e9 en particulier. Elle confectionnera aussi des <b>layer cakes <\/b>sur commande (comptez entre 4\u00a0jours et une semaine en fonction des demandes), et s\u2019\u00e9vertuera \u00e0 mettre en rayon des recettes de <b>p\u00e2tisserie traditionnelle<\/b>, au fil de ses envies. \u00ab\u2009Il y aura forc\u00e9ment des choses que j\u2019aime, dans ma boutique.\u2009\u00bb \u00c0 savoir des g\u00e2teaux tr\u00e8s gourmands, \u00ab\u2009pour les go\u00fbters du dimanche.\u2009\u00bb <b>Tartes tatin, cupcakes <\/b>et autres sucreries d\u00e9cor\u00e9es selon les tendances dans des propositions plus ou moins originales.<\/p>\n<p class=\" wall-content\">L\u2019ouverture \u00e9tant pr\u00e9vue en fin d\u2019ann\u00e9e, la boutique passera vite en mode No\u00ebl, avec les <b>incontournables b\u00fbches<\/b>, \u00ab\u2009\u00e9videmment d\u00e9cor\u00e9es avec soin\u2009!\u2009\u00bb<\/p>\n<p>\u00c0 midi ou pour le go\u00fbter<\/p>\n<p class=\" wall-content\">Chez Cassandre, vous pourrez trouver <b>de quoi manger le midi<\/b>, avec une formule (d\u00e8s 12,90\u00a0euros) incluant <b>un sandwich, \u00e0 base de focaccia ou de muffin anglais.<\/b> \u00ab\u2009Je voulais proposer ce qu\u2019on ne trouve pas ailleurs\u2009\u00bb, confie Cassandre, qui proposera \u00e0 la carte des <b>boissons chaudes <\/b>et des <b>jus de fruits frais.<\/b><\/p>\n<p class=\" wall-content\">La boutique sera ouverte du mercredi au vendredi de 10\u2009h \u00e0 18\u2009h, samedi de 9\u2009h \u00e0 18\u2009h et dimanche de 9\u2009h \u00e0 13\u2009h (adaptable en d\u00e9but d\u2019ann\u00e9e 2026, en fonction des demandes).<\/p>\n<p>En savoir plus\u2009: <a href=\"https:\/\/www.cassandreverdier.fr\/\" target=\"_blank\" rel=\"noopener\">site officiel de Cassandre Verdier<\/a>.<\/p>\n<p class=\" wall-content\">Personnalisez votre actualit\u00e9 en ajoutant vos villes et m\u00e9dias en favori avec <a href=\"https:\/\/moncompte.actu.fr\" title=\"D\u00e9couvez Mon Actu\" rel=\"nofollow noopener\" data-trk=\"{&quot;cta&quot;:{&quot;action&quot;:&quot;https:\\\/\\\/moncompte.actu.fr&quot;,&quot;category&quot;:&quot;mon compte&quot;,&quot;from&quot;:&quot;article footer&quot;,&quot;name&quot;:&quot;Mon actu&quot;,&quot;type&quot;:&quot;cta&quot;}}\" target=\"_blank\">Mon Actu<\/a>.<\/p>\n<p>                    <script async src=\"\/\/www.instagram.com\/embed.js\"><\/script><\/p>\n","protected":false},"excerpt":{"rendered":"Par Amandine Vachez Publi\u00e9 le 12 nov. 2025 \u00e0 17h42 S\u2019ils sont aussi bons que beaux, il y&hellip;\n","protected":false},"author":2,"featured_media":529424,"comment_status":"","ping_status":"","sticky":false,"template":"","format":"standard","meta":{"footnotes":""},"categories":[2815],"tags":[1111,11,215,1777,674,1011,27,811,1307,12,3147,25,104],"class_list":{"0":"post-529423","1":"post","2":"type-post","3":"status-publish","4":"format-standard","5":"has-post-thumbnail","7":"category-lille","8":"tag-actu","9":"tag-actualites","10":"tag-commerce","11":"tag-eu","12":"tag-europe","13":"tag-fr","14":"tag-france","15":"tag-hauts-de-france","16":"tag-lille","17":"tag-news","18":"tag-nouveaux-commerces","19":"tag-republique-francaise","20":"tag-societe"},"share_on_mastodon":{"url":"https:\/\/pubeurope.com\/@fr\/115537835882538451","error":""},"_links":{"self":[{"href":"https:\/\/www.europesays.com\/fr\/wp-json\/wp\/v2\/posts\/529423","targetHints":{"allow":["GET"]}}],"collection":[{"href":"https:\/\/www.europesays.com\/fr\/wp-json\/wp\/v2\/posts"}],"about":[{"href":"https:\/\/www.europesays.com\/fr\/wp-json\/wp\/v2\/types\/post"}],"author":[{"embeddable":true,"href":"https:\/\/www.europesays.com\/fr\/wp-json\/wp\/v2\/users\/2"}],"replies":[{"embeddable":true,"href":"https:\/\/www.europesays.com\/fr\/wp-json\/wp\/v2\/comments?post=529423"}],"version-history":[{"count":0,"href":"https:\/\/www.europesays.com\/fr\/wp-json\/wp\/v2\/posts\/529423\/revisions"}],"wp:featuredmedia":[{"embeddable":true,"href":"https:\/\/www.europesays.com\/fr\/wp-json\/wp\/v2\/media\/529424"}],"wp:attachment":[{"href":"https:\/\/www.europesays.com\/fr\/wp-json\/wp\/v2\/media?parent=529423"}],"wp:term":[{"taxonomy":"category","embeddable":true,"href":"https:\/\/www.europesays.com\/fr\/wp-json\/wp\/v2\/categories?post=529423"},{"taxonomy":"post_tag","embeddable":true,"href":"https:\/\/www.europesays.com\/fr\/wp-json\/wp\/v2\/tags?post=529423"}],"curies":[{"name":"wp","href":"https:\/\/api.w.org\/{rel}","templated":true}]}}