{"id":529425,"date":"2025-11-12T17:10:13","date_gmt":"2025-11-12T17:10:13","guid":{"rendered":"https:\/\/www.europesays.com\/fr\/529425\/"},"modified":"2025-11-12T17:10:13","modified_gmt":"2025-11-12T17:10:13","slug":"lun-de-ces-calendriers-de-lavent-fabriques-pres-de-lille-renferme-une-incroyable-bague-en-or","status":"publish","type":"post","link":"https:\/\/www.europesays.com\/fr\/529425\/","title":{"rendered":"L&rsquo;un de ces calendriers de l&rsquo;Avent, fabriqu\u00e9s pr\u00e8s de Lille, renferme une incroyable bague en or"},"content":{"rendered":"<p>                    Par<br \/>\n        <strong><br \/>\n            <a href=\"https:\/\/actu.fr\/auteur\/hervine-mahaud\" title=\"Consulter tous les articles de Hervine Mahaud\" target=\"_blank\" rel=\"noopener\">Hervine Mahaud<\/a><br \/>\n                    <\/strong><\/p>\n<p>        Publi\u00e9 le<\/p>\n<p>            12 nov. 2025 \u00e0 18h06        <\/p>\n<p>Un <b>No\u00ebl magique<\/b> se pr\u00e9pare cet hiver dans la <a href=\"https:\/\/actu.fr\/lille\/\" target=\"_blank\" rel=\"noopener\">m\u00e9tropole de Lille<\/a>. Bas\u00e9e \u00e0 <a href=\"https:\/\/actu.fr\/hauts-de-france\/marcq-en-baroeul_59378\" target=\"_blank\" rel=\"noopener\">Marcq-en-Bar\u0153ul<\/a>, la cr\u00e9atrice de gourmandises L\u00e9a Paget confectionne depuis plusieurs ann\u00e9es des <b>guimauves<\/b> et <b>p\u00e2tes de fruits<\/b> d\u00e9licieusement fondantes. Pour la premi\u00e8re fois, elle lance un <b data-end=\"630\">calendrier de l\u2019Avent\u00a0<\/b>qui m\u00eale magie, raffinement et\u2026 or v\u00e9ritable. En effet, dans l\u2019un d\u2019entre eux se cache un <b>ticket d\u2019or<\/b> offrant une <b>bague<\/b> cr\u00e9\u00e9e par un illustre <b>joaillier lillois<\/b>.<\/p>\n<p>L\u00e9a Paget lance son premier calendrier de l\u2019Avent : 24 cases gourmandes \u00e0 ouvrir pour attendre No\u00ebl<\/p>\n<p data-end=\"1074\" class=\" wall-content\">\u00ab\u00a0C\u2019est un projet sur lequel je travail depuis juin dernier et qui me tient vraiment \u00e0 c\u0153ur\u00a0\u00bb, confie L\u00e9a Paget, le sourire dans la voix. Son id\u00e9e ? Cr\u00e9er un calendrier de l\u2019Avent pas comme les autres, une <b data-end=\"946\">ode \u00e0 la douceur et \u00e0 la gourmandise<\/b>, o\u00f9 chaque jour r\u00e9v\u00e8le une surprise faite maison : <a href=\"https:\/\/actu.fr\/hauts-de-france\/marcq-en-baroeul_59378\/fabriquees-pres-de-lille-ces-gourmandises-font-encore-partie-des-meilleures-de-france_62597293.html\" target=\"_blank\" rel=\"noopener\">guimauves m\u00e9daill\u00e9es<\/a><b data-end=\"1072\">, p\u00e2tes de fruits, caramels, craquants chocolat\u00e9s\u2026<\/b><\/p>\n<p data-end=\"1074\" class=\" wall-content\">\n<a href=\"https:\/\/www.instagram.com\/p\/DQXO7unDF_i\/embed\" title=\"Ouvrir le lien sur Instagram\" target=\"_blank\" rel=\"noopener\">Visualiser le contenu sur Instagram<\/a><\/p>\n<p data-end=\"1507\" class=\" wall-content\">Vingt-quatre tr\u00e9sors \u00e0 d\u00e9couvrir, dont six cr\u00e9ations exclusives pens\u00e9es sp\u00e9cialement pour l\u2019occasion. Parmi elles, une <b data-end=\"1229\">guimauve \u00e0 la truffe fran\u00e7aise<\/b> (le champignon, pas le chocolat), un <b data-end=\"1319\">craquant chocolat blanc fleur d\u2019oranger-pistache<\/b>, ou encore un <b data-end=\"1374\">dulce aux noix de p\u00e9can caram\u00e9lis\u00e9es<\/b>. Des saveurs d\u00e9licates, parfois inattendues, mais toujours r\u00e9confortantes \u2014 comme un retour \u00e0 l\u2019enfance sous les lumi\u00e8res de No\u00ebl.<\/p>\n<p>Un bijou comme une gourmandise \u00e9ternelle<\/p>\n<p data-end=\"1839\" class=\" wall-content\">Et parce que la magie de No\u00ebl se nourrit aussi de surprise, L\u00e9a a gliss\u00e9 dans l\u2019un des calendriers un <b data-end=\"1675\">ticket d\u2019or<\/b>. L\u2019heureuse personne qui le trouvera remportera une <b data-end=\"1748\">bague sur mesure<\/b>, imagin\u00e9e avec la <b data-end=\"1799\">Maison de joaillerie Vaneste<\/b>, institution lilloise fond\u00e9e en 1884.<\/p>\n<p data-end=\"2303\" class=\" wall-content\">De cette rencontre entre le sucre et l\u2019or est n\u00e9e une cr\u00e9ation unique : une <b data-end=\"1937\">bague en or rose<\/b>, <b data-end=\"1973\">sertie d\u2019un saphir scintillant<\/b>, dessin\u00e9e par <b data-end=\"2006\">Maxime Vaneste<\/b> et fa\u00e7onn\u00e9e dans l\u2019atelier historique de la maison.<\/p>\n<p data-end=\"2303\" class=\" wall-content\">\n<a href=\"https:\/\/www.instagram.com\/p\/DQdwZGgDClw\/embed\" title=\"Ouvrir le lien sur Instagram\" target=\"_blank\" rel=\"noopener\">Visualiser le contenu sur Instagram<\/a><\/p>\n<p>Votre r\u00e9gion, votre actu !<\/p>\n<p>Recevez chaque jour les infos qui comptent pour vous.<\/p>\n<p>\t<a href=\"https:\/\/actu.fr\/newsletter\" class=\"ac-btn ac-btn--corner ac-btn--medium ac-btn--blue800\" target=\"_blank\" rel=\"noopener\">S&rsquo;incrire<\/a><\/p>\n<p data-end=\"2303\" class=\" wall-content\">Ses <b data-end=\"2087\">six modules d\u00e9licats<\/b>, dont deux sertis de diamants, rappellent la l\u00e9g\u00e8ret\u00e9 des guimauves de L\u00e9a Paget. Une pi\u00e8ce estim\u00e9e \u00e0 <b data-end=\"2210\">2 900 euros<\/b>, pens\u00e9e comme \u00ab\u00a0un bijou gourmand, un talisman po\u00e9tique pour illuminer la magie de No\u00ebl\u00a0\u00bb.<\/p>\n<p>Une collaboration 100 % lilloise<\/p>\n<p data-end=\"2622\" class=\" wall-content\">\u00ab\u00a0J\u2019avais envie que ce projet c\u00e9l\u00e8bre \u00e0 la fois la douceur et le savoir-faire local\u00a0\u00bb, explique L\u00e9a. Avec Vaneste, elle partage ce go\u00fbt du travail bien fait, du geste artisanal. Ensemble, ils signent un objet rare, \u00e0 mi-chemin entre la <b data-end=\"2619\">confiserie et la haute joaillerie<\/b>.<\/p>\n<p data-end=\"2981\" class=\" wall-content\">Et le succ\u00e8s s\u2019annonce d\u00e9j\u00e0 : le <b data-end=\"2697\">calendrier de l\u2019Avent Maison Bonheur<\/b>, propos\u00e9 \u00e0 <b data-end=\"2717\">69 \u20ac<\/b>, est disponible <b data-end=\"2761\">en \u00e9dition tr\u00e8s limit\u00e9e<\/b> (250 exemplaires seulement) <a href=\"https:\/\/leapaget.com\/produit\/precommande-calendrier-de-lavent-2025\/\" target=\"_blank\" rel=\"noopener\">sur le site de L\u00e9a Paget<\/a>. Entre magie, gourmandise et \u00e9motion, il promet d\u2019accompagner les f\u00eates avec une douceur toute lilloise, et peut-\u00eatre, pour l\u2019un ou l\u2019une d\u2019entre vous, un bijou en or \u00e0 la cl\u00e9.<\/p>\n<p class=\" wall-content\">Personnalisez votre actualit\u00e9 en ajoutant vos villes et m\u00e9dias en favori avec <a href=\"https:\/\/moncompte.actu.fr\" title=\"D\u00e9couvez Mon Actu\" rel=\"nofollow noopener\" data-trk=\"{&quot;cta&quot;:{&quot;action&quot;:&quot;https:\\\/\\\/moncompte.actu.fr&quot;,&quot;category&quot;:&quot;mon compte&quot;,&quot;from&quot;:&quot;article footer&quot;,&quot;name&quot;:&quot;Mon actu&quot;,&quot;type&quot;:&quot;cta&quot;}}\" target=\"_blank\">Mon Actu<\/a>.<\/p>\n<p>                    <script async src=\"\/\/www.instagram.com\/embed.js\"><\/script><\/p>\n","protected":false},"excerpt":{"rendered":"Par Hervine Mahaud Publi\u00e9 le 12 nov. 2025 \u00e0 18h06 Un No\u00ebl magique se pr\u00e9pare cet hiver dans&hellip;\n","protected":false},"author":2,"featured_media":529426,"comment_status":"","ping_status":"","sticky":false,"template":"","format":"standard","meta":{"footnotes":""},"categories":[2815],"tags":[1111,11,33,1777,674,1011,27,811,1307,12,15830,25],"class_list":{"0":"post-529425","1":"post","2":"type-post","3":"status-publish","4":"format-standard","5":"has-post-thumbnail","7":"category-lille","8":"tag-actu","9":"tag-actualites","10":"tag-economie","11":"tag-eu","12":"tag-europe","13":"tag-fr","14":"tag-france","15":"tag-hauts-de-france","16":"tag-lille","17":"tag-news","18":"tag-noel","19":"tag-republique-francaise"},"share_on_mastodon":{"url":"https:\/\/pubeurope.com\/@fr\/115537839847130383","error":""},"_links":{"self":[{"href":"https:\/\/www.europesays.com\/fr\/wp-json\/wp\/v2\/posts\/529425","targetHints":{"allow":["GET"]}}],"collection":[{"href":"https:\/\/www.europesays.com\/fr\/wp-json\/wp\/v2\/posts"}],"about":[{"href":"https:\/\/www.europesays.com\/fr\/wp-json\/wp\/v2\/types\/post"}],"author":[{"embeddable":true,"href":"https:\/\/www.europesays.com\/fr\/wp-json\/wp\/v2\/users\/2"}],"replies":[{"embeddable":true,"href":"https:\/\/www.europesays.com\/fr\/wp-json\/wp\/v2\/comments?post=529425"}],"version-history":[{"count":0,"href":"https:\/\/www.europesays.com\/fr\/wp-json\/wp\/v2\/posts\/529425\/revisions"}],"wp:featuredmedia":[{"embeddable":true,"href":"https:\/\/www.europesays.com\/fr\/wp-json\/wp\/v2\/media\/529426"}],"wp:attachment":[{"href":"https:\/\/www.europesays.com\/fr\/wp-json\/wp\/v2\/media?parent=529425"}],"wp:term":[{"taxonomy":"category","embeddable":true,"href":"https:\/\/www.europesays.com\/fr\/wp-json\/wp\/v2\/categories?post=529425"},{"taxonomy":"post_tag","embeddable":true,"href":"https:\/\/www.europesays.com\/fr\/wp-json\/wp\/v2\/tags?post=529425"}],"curies":[{"name":"wp","href":"https:\/\/api.w.org\/{rel}","templated":true}]}}