{"id":529427,"date":"2025-11-12T17:11:13","date_gmt":"2025-11-12T17:11:13","guid":{"rendered":"https:\/\/www.europesays.com\/fr\/529427\/"},"modified":"2025-11-12T17:11:13","modified_gmt":"2025-11-12T17:11:13","slug":"apres-une-bagarre-un-homme-sempare-dun-couteau-de-cuisine-dans-un-magasin-a-marseille-pour-en-decoudre","status":"publish","type":"post","link":"https:\/\/www.europesays.com\/fr\/529427\/","title":{"rendered":"Apr\u00e8s une bagarre, un homme s&#8217;empare d&rsquo;un couteau de cuisine dans un magasin \u00e0 Marseille pour en d\u00e9coudre"},"content":{"rendered":"<p>Il est environ midi, ce mardi 11 novembre, lorsque, \u00e0 deux pas d&rsquo;une c\u00e9r\u00e9monie de comm\u00e9moration de l&rsquo;armistice, une bagarre \u00e9clate dans le quartier de Saint-Lazare, pr\u00e8s de l&rsquo;avenue Camille-Pelletan, dans le 3e arrondissement de Marseille. Une patrouille de <a href=\"https:\/\/www.laprovence.com\/article\/region\/12933092407315\/sur-la-place-castellane-a-marseille-la-police-municipale-fait-la-chasse-aux-scooters\" target=\"_blank\" rel=\"noopener\">policiers municipaux<\/a> \u00e0 scooter d\u00e9couvre alors un homme en sang ,la t\u00eate comme un compteur \u00e0 gaz; sur la place de Strasbourg.<\/p>\n<p>Alors que l&rsquo;\u00e9quipage d&rsquo;approche pour prodiguer les premiers soins \u00e0 l&rsquo;homme encore sonn\u00e9, ce dernier retrouve soudain de la vigueur et semble embarrass\u00e9 par quelque chose. Il tente m\u00eame de glisser un objet cach\u00e9 dans son pantalon \u00e0 un autre homme, lorsque les agents le surprennent. Il s&rsquo;agit en fait d&rsquo;un couteau \u00e0 la lame d\u00e9mesur\u00e9ment grande, qui est aussit\u00f4t saisi. Alors que la victime devenue suspect est menott\u00e9e, un d\u00e9tail intrigue en outre les policiers : une inscription \u00ab\u00a015\u20ac\u00a0\u00bb au marqueur, encore bien visible sur la lame.<\/p>\n<p>Une rixe au couteau sur fond de trafic de cigarette<\/p>\n<p>\u00c0 d\u00e9faut d&rsquo;explications claires du mis en cause, les agents demandent aux op\u00e9rateurs du centre de vid\u00e9osurveillance de regarder les images enregistr\u00e9es par les cam\u00e9ras de la place avant leur arriv\u00e9e. Apr\u00e8s quelques minutes, l&rsquo;explication arrive enfin par radio : l&rsquo;homme bless\u00e9, qui se trouve \u00eatre tr\u00e8s actif dans le <a href=\"https:\/\/www.laprovence.com\/article\/faits-divers-justice\/7309888747262\/130-cartouches-de-cigarettes-de-contrebande-decouvertes-chez-un-sexagenaire-a-marignane\" target=\"_blank\" rel=\"noopener\">trafic de cigarettes <\/a>dans le quartier, s&rsquo;en est pris \u00e0 un autre homme avant de recevoir un coup de poing au visage. Furieux, il s&rsquo;est pr\u00e9cipit\u00e9 dans un magasin \u00e0 deux pas et s&rsquo;est empar\u00e9 du plus grand couteau qu&rsquo;il y a trouv\u00e9.<\/p>\n<p>C&rsquo;est avec ce mod\u00e8le de cuisine \u00e0 15\u20ac, d&rsquo;une bonne trentaine de centim\u00e8tres qu&rsquo;il a pourchass\u00e9 son \u00ab\u00a0agresseur\u00a0\u00bb avant d&rsquo;\u00eatre interpell\u00e9 par une patrouille. \u00c2g\u00e9 de 35 ans, il a \u00e9t\u00e9 remis au commissariat afin d&rsquo;\u00eatre plac\u00e9 en garde \u00e0 vue.<\/p>\n<p><img alt=\"\" loading=\"lazy\" width=\"18\" height=\"18\" decoding=\"async\" data-nimg=\"1\" class=\"mx-[8px]\" style=\"color:transparent\" src=\"https:\/\/www.laprovence.com\/_next\/static\/media\/comment.b95dda91.svg\"\/>D\u00e9marrez la conversation<\/p>\n<p class=\"text-[1.8rem] mt-[32px]\">Votre opinion compte pour nous. Rejoignez la communaut\u00e9 laprovence.com en r\u00e9agissant sur l&rsquo;article Apr\u00e8s une bagarre, un homme s&#8217;empare d&rsquo;un couteau de cuisine dans un magasin \u00e0 Marseille pour en d\u00e9coudre.<\/p>\n","protected":false},"excerpt":{"rendered":"Il est environ midi, ce mardi 11 novembre, lorsque, \u00e0 deux pas d&rsquo;une c\u00e9r\u00e9monie de comm\u00e9moration de l&rsquo;armistice,&hellip;\n","protected":false},"author":2,"featured_media":529428,"comment_status":"","ping_status":"","sticky":false,"template":"","format":"standard","meta":{"footnotes":""},"categories":[2814],"tags":[17,1111,11,150,10737,5264,2837,1777,674,274,1011,27,4933,884,12,882,25,64845,96],"class_list":{"0":"post-529427","1":"post","2":"type-post","3":"status-publish","4":"format-standard","5":"has-post-thumbnail","7":"category-marseille","8":"tag-17","9":"tag-actu","10":"tag-actualites","11":"tag-apres","12":"tag-bagarre","13":"tag-couteau","14":"tag-dun","15":"tag-eu","16":"tag-europe","17":"tag-faits-divers-justice","18":"tag-fr","19":"tag-france","20":"tag-homme","21":"tag-marseille","22":"tag-news","23":"tag-provence-alpes-cote-dazur","24":"tag-republique-francaise","25":"tag-sempare","26":"tag-une"},"share_on_mastodon":{"url":"https:\/\/pubeurope.com\/@fr\/115537844291393721","error":""},"_links":{"self":[{"href":"https:\/\/www.europesays.com\/fr\/wp-json\/wp\/v2\/posts\/529427","targetHints":{"allow":["GET"]}}],"collection":[{"href":"https:\/\/www.europesays.com\/fr\/wp-json\/wp\/v2\/posts"}],"about":[{"href":"https:\/\/www.europesays.com\/fr\/wp-json\/wp\/v2\/types\/post"}],"author":[{"embeddable":true,"href":"https:\/\/www.europesays.com\/fr\/wp-json\/wp\/v2\/users\/2"}],"replies":[{"embeddable":true,"href":"https:\/\/www.europesays.com\/fr\/wp-json\/wp\/v2\/comments?post=529427"}],"version-history":[{"count":0,"href":"https:\/\/www.europesays.com\/fr\/wp-json\/wp\/v2\/posts\/529427\/revisions"}],"wp:featuredmedia":[{"embeddable":true,"href":"https:\/\/www.europesays.com\/fr\/wp-json\/wp\/v2\/media\/529428"}],"wp:attachment":[{"href":"https:\/\/www.europesays.com\/fr\/wp-json\/wp\/v2\/media?parent=529427"}],"wp:term":[{"taxonomy":"category","embeddable":true,"href":"https:\/\/www.europesays.com\/fr\/wp-json\/wp\/v2\/categories?post=529427"},{"taxonomy":"post_tag","embeddable":true,"href":"https:\/\/www.europesays.com\/fr\/wp-json\/wp\/v2\/tags?post=529427"}],"curies":[{"name":"wp","href":"https:\/\/api.w.org\/{rel}","templated":true}]}}