{"id":529441,"date":"2025-11-12T17:19:13","date_gmt":"2025-11-12T17:19:13","guid":{"rendered":"https:\/\/www.europesays.com\/fr\/529441\/"},"modified":"2025-11-12T17:19:13","modified_gmt":"2025-11-12T17:19:13","slug":"que-vaut-le-coyote-le-nouveau-queer-saloon-du-marais","status":"publish","type":"post","link":"https:\/\/www.europesays.com\/fr\/529441\/","title":{"rendered":"Que vaut Le Coyote, le nouveau \u00abqueer saloon\u00bb du Marais ?"},"content":{"rendered":"<p>\n    <strong>CRITIQUE GASTRONOMIQUE\u00a0&#8211; <\/strong>Ce bar \u00e0 vin et \u00e0 manger est un faux antre tr\u00e8s r\u00e9ussi dans ses effets \u00ab\u200amexichics\u00bb o\u00f9 viennent des filles nettement plus cool que woke et des gar\u00e7ons pas franchement Brokeback Mountain.<\/p>\n<p class=\"fig-paragraph\">Si vous n\u2019aviez pas d\u00e9j\u00e0 devin\u00e9, la carte vite tendue a le m\u00e9rite de vous mettre au parfum. Titr\u00e9e\u00a0: \u00ab\u200aQueer saloon\u00a0\u00bb. En clair et donc en queer, consid\u00e9rez, ici, aux ombres d\u2019un\u00a0<a href=\"https:\/\/www.lefigaro.fr\/gastronomie\/que-vaut-supperblue-la-nouvelle-table-de-l-ex-top-chef-yoni-saada-dans-le-marais-20230601\" target=\"_blank\" data-fig-type=\"Article\" rel=\"noopener\" data-gtm-custom-categorie=\"navigation\" data-gtm-custom-action=\"crossclick\" data-gtm-custom-label=\"Contextuel\" data-gtm-event=\"customEventSPE\" data-fig-domain=\"LEFIGARO\">Marais<\/a>\u00a0qui ne s\u2019est jamais trop fait prier pour ce style d\u2019aventures, un\u00a0<a href=\"http:\/\/www.lefigaro.fr\/gastronomie\/pourquoi-frenchie-est-il-le-bar-a-vin-le-plus-couru-de-la-capitale-20250125\" target=\"_blank\" data-fig-type=\"Article\" rel=\"noopener\" data-gtm-custom-categorie=\"navigation\" data-gtm-custom-action=\"crossclick\" data-gtm-custom-label=\"Contextuel\" data-gtm-event=\"customEventSPE\" data-fig-domain=\"LEFIGARO\">bar \u00e0 vin<\/a>\u00a0et \u00e0 manger tr\u00e8s ouvertement d\u00e9di\u00e9 (disons very open) aux lesbiennes, gays et autre fluidit\u00e9 de genre. Et si l\u2019on a certes toujours un peu de mal \u00e0 saisir ces repaires qui sous (multi) couleur de droit aux diff\u00e9rences affichent de ces \u00e9tiquettes qu\u2019ils ne go\u00fbteraient pas qu\u2019on leur colle en retour, ne pas prendre cette revendication trop au s\u00e9rieux.<\/p>\n<p class=\"fig-paragraph\">Apr\u00e8s tout, depuis que Paris est mode et monde, de\u00a0<a href=\"http:\/\/www.lefigaro.fr\/gastronomie\/vivide-a-pigalle-le-restaurant-100-vegetal-qui-reconcilie-avec-la-haute-gastronomie-20251107\" target=\"_blank\" data-fig-type=\"Article\" rel=\"noopener\" data-gtm-custom-categorie=\"navigation\" data-gtm-custom-action=\"crossclick\" data-gtm-custom-label=\"Contextuel\" data-gtm-event=\"customEventSPE\" data-fig-domain=\"LEFIGARO\">Pigalle<\/a>\u00a0jusqu\u2019\u00e0 l\u2019\u00c9toile, de Michou au Pulp, de Cage aux Folles, rien de bien nouveau sous la lune. Ah si, justement, ici, on peut aussi tremper son cookie dans son th\u00e9 d\u00e8s 9\u00a0heures du mat\u2019 et venir croquer au d\u00e9jeuner. En attendant il fait nuit et ma grande fille m\u2019a textot\u00e9 la veille\u00a0: \u00ab\u200aJ\u2019ai test\u00e9 Coyote,\u00a0<a href=\"https:\/\/www.lefigaro.fr\/sortir-paris\/2019\/03\/20\/30004-20190320ARTFIG00015-gramme-remarquable-cafe-cantine-du-marais.php\" target=\"_blank\" data-fig-type=\"Article\" rel=\"noopener\" data-gtm-custom-categorie=\"navigation\" data-gtm-custom-action=\"crossclick\" data-gtm-custom-label=\"Contextuel\" data-gtm-event=\"customEventSPE\" data-fig-domain=\"LEFIGARO\">l\u2019ancien Gramme<\/a><\/p>\n<p class=\"fig-premium-paywall__infos\">\n        Cet article est r\u00e9serv\u00e9 aux abonn\u00e9s.        Il vous reste 72% \u00e0 d\u00e9couvrir.\n    <\/p>\n<p>                <img  data- alt=\"Le Figaro\" class=\"fig-img--complete fig-img\"\/><\/p>\n<p class=\"fig-premium-paywall__title\">Black Friday<\/p>\n<p class=\"fig-premium-paywall__subtitle\">-70% sur l&rsquo;abonnement num\u00e9rique<\/p>\n<p class=\"fig-premium-paywall__connect\">\n                D\u00e9j\u00e0 abonn\u00e9\u00a0?                <a class=\"fig-premium-paywall__connect-link\" href=\"https:\/\/connect.lefigaro.fr\/login?client=horizon_web&amp;type=main&amp;redirect_uri=https%3A%2F%2Fwww.lefigaro.fr%2Fgastronomie%2Fque-vaut-le-coyote-le-nouveau-queer-saloon-du-marais-20251112\" data-js-gtm=\"{&quot;customCategorie&quot;: &quot;conversion&quot;, &quot;customAction&quot;: &quot;before_Landing_Connexion_paywall_auto&quot;, &quot;customLabel&quot;: &quot;bGVmaWdhcm8uZnJfXzFmMGJmZDRiLTA2Y2YtNmNjOC1iYTNkLWFmZGY1OWYyZjY1MF9fQXJ0aWNsZQ==_Que vaut Le Coyote, le nouveau \u00abqueer saloon\u00bb du Marais\u00a0?_377&quot;, &quot;customIDSPE&quot;: &quot;bGVmaWdhcm8uZnJfXzFmMGJmZDRiLTA2Y2YtNmNjOC1iYTNkLWFmZGY1OWYyZjY1MF9fQXJ0aWNsZQ==&quot;, &quot;event&quot;: &quot;customEventSPE&quot;}\" target=\"_blank\" rel=\"noopener\"><br \/>\n                    Connectez-vous<br \/>\n                <\/a>\n            <\/p>\n","protected":false},"excerpt":{"rendered":"CRITIQUE GASTRONOMIQUE\u00a0&#8211; Ce bar \u00e0 vin et \u00e0 manger est un faux antre tr\u00e8s r\u00e9ussi dans ses effets&hellip;\n","protected":false},"author":2,"featured_media":529442,"comment_status":"","ping_status":"","sticky":false,"template":"","format":"standard","meta":{"footnotes":""},"categories":[1888],"tags":[11,1777,674,1011,27,12,626,25,2923,2068],"class_list":{"0":"post-529441","1":"post","2":"type-post","3":"status-publish","4":"format-standard","5":"has-post-thumbnail","7":"category-paris","8":"tag-actualites","9":"tag-eu","10":"tag-europe","11":"tag-fr","12":"tag-france","13":"tag-news","14":"tag-paris","15":"tag-republique-francaise","16":"tag-restaurants","17":"tag-sortir-a-paris"},"share_on_mastodon":{"url":"https:\/\/pubeurope.com\/@fr\/115537875098290887","error":""},"_links":{"self":[{"href":"https:\/\/www.europesays.com\/fr\/wp-json\/wp\/v2\/posts\/529441","targetHints":{"allow":["GET"]}}],"collection":[{"href":"https:\/\/www.europesays.com\/fr\/wp-json\/wp\/v2\/posts"}],"about":[{"href":"https:\/\/www.europesays.com\/fr\/wp-json\/wp\/v2\/types\/post"}],"author":[{"embeddable":true,"href":"https:\/\/www.europesays.com\/fr\/wp-json\/wp\/v2\/users\/2"}],"replies":[{"embeddable":true,"href":"https:\/\/www.europesays.com\/fr\/wp-json\/wp\/v2\/comments?post=529441"}],"version-history":[{"count":0,"href":"https:\/\/www.europesays.com\/fr\/wp-json\/wp\/v2\/posts\/529441\/revisions"}],"wp:featuredmedia":[{"embeddable":true,"href":"https:\/\/www.europesays.com\/fr\/wp-json\/wp\/v2\/media\/529442"}],"wp:attachment":[{"href":"https:\/\/www.europesays.com\/fr\/wp-json\/wp\/v2\/media?parent=529441"}],"wp:term":[{"taxonomy":"category","embeddable":true,"href":"https:\/\/www.europesays.com\/fr\/wp-json\/wp\/v2\/categories?post=529441"},{"taxonomy":"post_tag","embeddable":true,"href":"https:\/\/www.europesays.com\/fr\/wp-json\/wp\/v2\/tags?post=529441"}],"curies":[{"name":"wp","href":"https:\/\/api.w.org\/{rel}","templated":true}]}}