{"id":529449,"date":"2025-11-12T17:23:14","date_gmt":"2025-11-12T17:23:14","guid":{"rendered":"https:\/\/www.europesays.com\/fr\/529449\/"},"modified":"2025-11-12T17:23:14","modified_gmt":"2025-11-12T17:23:14","slug":"face-a-la-hausse-du-cout-de-la-vie-pour-les-americains-le-ministre-de-leconomie-de-trump-veut-baisser-les-droits-de-douane-sur-le-cafe-et-les-bananes","status":"publish","type":"post","link":"https:\/\/www.europesays.com\/fr\/529449\/","title":{"rendered":"Face \u00e0 la hausse du co\u00fbt de la vie pour les Am\u00e9ricains, le ministre de l&rsquo;Economie de Trump veut baisser les droits de douane sur le caf\u00e9 et les bananes"},"content":{"rendered":"<p>Alors que le co\u00fbt de la vie a augment\u00e9 aux \u00c9tats-Unis, le gouvernement r\u00e9fl\u00e9chit \u00e0 des mesures pour r\u00e9duire l&rsquo;impact des droits de douane pour les consommateurs am\u00e9ricains.<\/p>\n<p>Le ministre am\u00e9ricain des Finances a affirm\u00e9 mercredi qu&rsquo;une annonce \u00ab\u00a0significative\u00a0\u00bb \u00e9tait dans les tuyaux aux \u00c9tats-Unis pour rendre moins ch\u00e8res des denr\u00e9es non produites sur place, actuellement frapp\u00e9es par <a href=\"https:\/\/www.bfmtv.com\/economie\/international\/donald-trump-reflechit-a-un-plan-b-si-la-cour-supreme-bloquait-ses-droits-de-douane_AD-202511060964.html\" title=\"Donald Trump r\u00e9fl\u00e9chit \u00e0 un &quot;plan B&quot; si la Cour supr\u00eame bloquait ses droits de douane\" class=\"internal_link\" rel=\"nofollow noopener\" target=\"_blank\">les droits de douane voulus par Donald Trump<\/a>.<\/p>\n<p>Depuis un cinglant revers \u00e0 des scrutins locaux, la majorit\u00e9 r\u00e9publicaine a remis la question du <a href=\"https:\/\/www.bfmtv.com\/economie\/international\/il-n-y-a-quasiment-plus-d-inflation-grace-aux-droits-de-douane-selon-donald-trump-alors-que-la-hausse-des-prix-est-plus-haut-depuis-8-mois_AV-202509150537.html\" title=\"&quot;Il n&#039;y a quasiment plus d&#039;inflation&quot; gr\u00e2ce aux droits de douane, selon Donald Trump\u2026 alors que la hausse des prix est au plus haut depuis 8 mois\" class=\"internal_link\" rel=\"nofollow noopener\" target=\"_blank\">co\u00fbt de la vie<\/a> en t\u00eate de ses priorit\u00e9s. Or les droits de douane mis en place par l&rsquo;ex\u00e9cutif touchent presque toutes les importations, m\u00eame quand la production locale ne peut couvrir les besoins.<\/p>\n<p>Dans une interview \u00e0 la cha\u00eene de t\u00e9l\u00e9vision Fox news mercredi, le secr\u00e9taire au Tr\u00e9sor Scott Bessent a dit que les consommateurs pouvaient s&rsquo;attendre \u00e0 une annonce \u00ab\u00a0significative dans les prochains jours concernant les choses qui ne sont pas cultiv\u00e9es aux \u00c9tats-Unis\u00a0\u00bb.<\/p>\n<blockquote class=\"embed embed_quote\"><p>\u00ab\u00a0Le caf\u00e9 en fait partie, les bananes, d&rsquo;autres fruits, des choses comme \u00e7a\u00a0\u00bb, a-t-il ajout\u00e9, affirmant que \u00ab\u00a0cela fera baisser les prix tr\u00e8s rapidement\u00a0\u00bb.<\/p><\/blockquote>\n<p>Le ministre n&rsquo;a pas donn\u00e9 de pr\u00e9cisions, mais le pr\u00e9sident Donald Trump avait d\u00e9clar\u00e9 dans une pr\u00e9c\u00e9dente interview qu&rsquo;il allait \u00ab\u00a0r\u00e9duire certains droits de douane, on aura du caf\u00e9 qui viendra\u00a0\u00bb aux Etats-Unis.<\/p>\n<p><a href=\"https:\/\/www.bfmtv.com\/economie\/consommation\/donald-trump-accable-le-bresil-de-droits-de-douane-et-ce-sont-les-americains-buveurs-de-cafe-qui-trinquent_AD-202510210691.html\" title=\"Donald Trump accable le Br\u00e9sil de droits de douane et ce sont les Am\u00e9ricains buveurs de caf\u00e9 qui trinquent\" class=\"internal_link\" rel=\"nofollow noopener\" target=\"_blank\">Les prix du caf\u00e9 ont bondi<\/a> de pr\u00e8s de 19% sur un an, selon les derni\u00e8res donn\u00e9es officielles disponibles (indice CPI pour septembre).<\/p>\n<p>Des al\u00e9as climatiques dans les pays producteurs expliquent en partie cette hausse, mais jouent aussi <a href=\"https:\/\/www.bfmtv.com\/economie\/international\/le-president-lula-estime-que-les-droits-de-douane-faramineux-de-trump-contre-le-bresil-sont-une-erreur-et-il-compte-bien-le-lui-dire_AD-202510240331.html\" title=\"Le pr\u00e9sident Lula estime que les droits de douane faramineux de Trump contre le Br\u00e9sil sont une &quot;erreur&quot; et il compte bien le lui dire\" class=\"internal_link\" rel=\"nofollow noopener\" target=\"_blank\">les taxes douani\u00e8res de 50%<\/a> impos\u00e9es par Donald Trump sur de nombreux produits en provenance du Br\u00e9sil.<\/p>\n<p>Les bananes consomm\u00e9es aux \u00c9tats-Unis sont aussi massivement import\u00e9es, principalement de quatre pays: Guatemala, Equateur, Costa Rica et Honduras, selon les donn\u00e9es du minist\u00e8re de l&rsquo;Agriculture.<\/p>\n<p>Ces derniers mois, cette production a \u00e9t\u00e9 frapp\u00e9e par 10 ou 15% de surtaxe.<\/p>\n<p><img decoding=\"async\" src=\"https:\/\/www.europesays.com\/fr\/wp-content\/uploads\/2025\/09\/principale-544_1.jpg\"  alt=\"Le 3216 RMC : Journ\u00e9e mondiale du caf\u00e9, comment prenez-vous votre caf\u00e9 ? - 01\/10\" title=\"Le 3216 RMC : Journ\u00e9e mondiale du caf\u00e9, comment prenez-vous votre caf\u00e9 ? - 01\/10\"\/>Le 3216 RMC : Journ\u00e9e mondiale du caf\u00e9, comment prenez-vous votre caf\u00e9 ? &#8211; 01\/10<\/p>\n","protected":false},"excerpt":{"rendered":"Alors que le co\u00fbt de la vie a augment\u00e9 aux \u00c9tats-Unis, le gouvernement r\u00e9fl\u00e9chit \u00e0 des mesures pour&hellip;\n","protected":false},"author":2,"featured_media":529450,"comment_status":"","ping_status":"","sticky":false,"template":"","format":"standard","meta":{"footnotes":""},"categories":[1589],"tags":[11,73,1866,12,1864,1865,1863,308],"class_list":{"0":"post-529449","1":"post","2":"type-post","3":"status-publish","4":"format-standard","5":"has-post-thumbnail","7":"category-etats-unis","8":"tag-actualites","9":"tag-etats-unis","10":"tag-etats-unis-damerique","11":"tag-news","12":"tag-united-states","13":"tag-united-states-of-america","14":"tag-us","15":"tag-usa"},"share_on_mastodon":{"url":"https:\/\/pubeurope.com\/@fr\/115537891609791954","error":""},"_links":{"self":[{"href":"https:\/\/www.europesays.com\/fr\/wp-json\/wp\/v2\/posts\/529449","targetHints":{"allow":["GET"]}}],"collection":[{"href":"https:\/\/www.europesays.com\/fr\/wp-json\/wp\/v2\/posts"}],"about":[{"href":"https:\/\/www.europesays.com\/fr\/wp-json\/wp\/v2\/types\/post"}],"author":[{"embeddable":true,"href":"https:\/\/www.europesays.com\/fr\/wp-json\/wp\/v2\/users\/2"}],"replies":[{"embeddable":true,"href":"https:\/\/www.europesays.com\/fr\/wp-json\/wp\/v2\/comments?post=529449"}],"version-history":[{"count":0,"href":"https:\/\/www.europesays.com\/fr\/wp-json\/wp\/v2\/posts\/529449\/revisions"}],"wp:featuredmedia":[{"embeddable":true,"href":"https:\/\/www.europesays.com\/fr\/wp-json\/wp\/v2\/media\/529450"}],"wp:attachment":[{"href":"https:\/\/www.europesays.com\/fr\/wp-json\/wp\/v2\/media?parent=529449"}],"wp:term":[{"taxonomy":"category","embeddable":true,"href":"https:\/\/www.europesays.com\/fr\/wp-json\/wp\/v2\/categories?post=529449"},{"taxonomy":"post_tag","embeddable":true,"href":"https:\/\/www.europesays.com\/fr\/wp-json\/wp\/v2\/tags?post=529449"}],"curies":[{"name":"wp","href":"https:\/\/api.w.org\/{rel}","templated":true}]}}