{"id":529452,"date":"2025-11-12T17:25:17","date_gmt":"2025-11-12T17:25:17","guid":{"rendered":"https:\/\/www.europesays.com\/fr\/529452\/"},"modified":"2025-11-12T17:25:17","modified_gmt":"2025-11-12T17:25:17","slug":"la-grace-de-boualem-sansal-a-la-demande-de-lallemagne-revele-t-elle-limpuissance-demmanuel-macron","status":"publish","type":"post","link":"https:\/\/www.europesays.com\/fr\/529452\/","title":{"rendered":"La gr\u00e2ce de Boualem Sansal \u00e0 la demande de l\u2019Allemagne r\u00e9v\u00e8le-t-elle l\u2019impuissance d\u2019Emmanuel Macron\u00a0?"},"content":{"rendered":"<p>        <img decoding=\"async\" loading=\"lazy\" src=\"https:\/\/www.europesays.com\/fr\/wp-content\/uploads\/2025\/11\/f48f98e_upload-1-1zepnm6uwkd4-afp-20250815-hl-hcampos-2851030-v1-highres-francepoliticsactivismfreed.jpeg\"  width=\"728\" height=\"409\" alt=\"Une affiche demandant la lib\u00e9ration de Boualem Sansal devant la mairie du 16e arrondissement, \u00e0 Paris, le 15\u00a0ao\u00fbt 2025.\"\/>  <\/p>\n<p>HENRIQUE CAMPOS \/ Hans Lucas via AFP<\/p>\n<p>Une affiche demandant la lib\u00e9ration de Boualem Sansal devant la mairie du 16e arrondissement, \u00e0 Paris, le 15\u00a0ao\u00fbt 2025.<\/p>\n<p>      <strong>EN BREF<\/strong> <strong>\u2022 <\/strong>Boualem Sansal, \u00e9crivain franco-alg\u00e9rien, a \u00e9t\u00e9 graci\u00e9 apr\u00e8s l\u2019intervention  du pr\u00e9sident allemand, mettant fin \u00e0 une crise diplomatique entre Alger et Paris.<br \/><strong>\u2022 <\/strong>Certains d\u00e9put\u00e9s fran\u00e7ais critiquent la gestion du dossier par la France et parlent m\u00eame d\u2019une \u00ab\u00a0gifle pour la diplomatie fran\u00e7aise\u00a0\u00bb. <br \/><strong>\u2022 <\/strong>En r\u00e9alit\u00e9, la m\u00e9diation allemande est vue comme une solution pour \u00e9viter l\u2019humiliation des parties impliqu\u00e9es.                         <\/p>\n<p class=\"asset asset-text\">POLITIQUE &#8211; C\u2019est la fin d\u2019un feuilleton qui aura dur\u00e9 pr\u00e8s d\u2019un an. L\u2019\u00e9crivain franco-alg\u00e9rien Boualem Sansal, emprisonn\u00e9 depuis le 16\u00a0novembre\u00a02024\u00a0en Alg\u00e9rie et au c\u0153ur d\u2019une grave crise diplomatique entre Alger et Paris, <a href=\"https:\/\/www.huffingtonpost.fr\/international\/article\/l-ecrivain-boualem-sansal-gracie-par-l-algerie-apres-la-demande-du-president-allemand_257070.html\" target=\"_blank\" rel=\"noopener\">a \u00e9t\u00e9 graci\u00e9 ce mercredi 12\u00a0novembre<\/a> suite \u00e0 l\u2019action de l\u2019Allemagne.<\/p>\n<p class=\"asset asset-text\">Le pr\u00e9sident alg\u00e9rien <a href=\"https:\/\/www.huffingtonpost.fr\/international\/article\/boualem-sansal-soutenu-par-le-president-allemand-qui-demande-sa-grace-a-abdelmadjid-tebboune_256999.html\" target=\"_blank\" rel=\"noopener\">Abdelmadjid Tebboune<\/a> \u00ab\u00a0a (en effet) r\u00e9pondu favorablement\u00a0\u00bb \u00e0 une demande de son homologue allemand Frank-Walter Steinmeier, \u00ab\u00a0concernant l\u2019octroi d\u2019une gr\u00e2ce en faveur de Boualem Sansal\u00a0\u00bb. \u00ab\u00a0Cette demande a retenu son attention en raison de sa nature et de ses motifs humanitaires\u00a0\u00bb, a ajout\u00e9 la pr\u00e9sidence alg\u00e9rienne, en pr\u00e9cisant que \u00ab\u00a0l\u2019\u00c9tat allemand prendra en charge le transfert et le traitement\u00a0\u00bb de l\u2019\u00e9crivain.<\/p>\n<p class=\"asset asset-text\">\u00ab\u00a0Je salue le tiers de confiance qu\u2019a \u00e9t\u00e9 l\u2019Allemagne, et notamment le pr\u00e9sident allemand, qui a permis la lib\u00e9ration de Boualem Sansal \u00e0 peu pr\u00e8s un an apr\u00e8s son emprisonnement en Alg\u00e9rie\u00a0\u00bb, a salu\u00e9 Emmanuel Macron avant un discours consacr\u00e9 au spatial \u00e0 Toulouse.<\/p>\n<p class=\"asset asset-text\">Si \u00e0 l\u2019Assembl\u00e9e nationale, le Premier Ministre fran\u00e7ais S\u00e9bastien Lecornu a exprim\u00e9 son \u00ab\u00a0soulagement\u00a0\u00bb apr\u00e8s ce d\u00e9nouement, et plusieurs \u00e9lus de premier plan et de tous bords comme Laurent Wauquiez (LR), G\u00e9rard Larcher (LR), Marine Le Pen (RN), Paul Christophe (Horizons) ou le Parti socialiste se sont r\u00e9jouis de cette lib\u00e9ration, certains d\u00e9put\u00e9s &#8211; essentiellement d\u2019extr\u00eame droite &#8211; n\u2019ont pas h\u00e9sit\u00e9 \u00e0 enfoncer la diplomatie fran\u00e7aise.<\/p>\n<p class=\"asset asset-text\">\u00ab\u00a0Notre reconnaissance va \u00e0 l\u2019Allemagne qui r\u00e9ussit l\u00e0 o\u00f9 le gouvernement fran\u00e7ais \u00e9choue\u00a0\u00bb, a ainsi point\u00e9 <a href=\"https:\/\/www.huffingtonpost.fr\/politique\/article\/eric-ciotti-va-faire-tres-plaisir-a-la-sphere-bollore-avec-cette-commission-d-enquete_256263.html\" target=\"_blank\" rel=\"noopener\">\u00c9ric Ciotti<\/a> (UDR) sur X.<\/p>\n<p class=\"asset asset-text\">Toujours sur le m\u00eame r\u00e9seau social, au Rassemblement national, Guillaume Bigot a fustig\u00e9 une \u00ab\u00a0\u00e9norme d\u00e9monstration de l\u2019\u00e9chec\u00a0de la diplomatie Macron-Barrot\u00a0\u00bb, tandis que son coll\u00e8gue Michael Taverne se demande s\u2019il faut \u00ab\u00a0remercier l\u2019Allemagne\u00a0\u00bb. \u00ab\u00a0Le fait que l\u2019Alg\u00e9rie ait attendu une intervention de l\u2019Allemagne pour obtemp\u00e9rer est une nouvelle gifle pour la diplomatie fran\u00e7aise\u00a0\u00bb, \u00e9crit Manon Bouquin. Pascale Piera, d\u00e9put\u00e9e RN au parlement europ\u00e9en, d\u00e9nonce de son c\u00f4t\u00e9 un \u00ab\u00a0signal envoy\u00e9 (&#8230;) d\u00e9sastreux \u2014 celui d\u2019une France affaiblie sur la sc\u00e8ne internationale\u00a0\u00bb.<\/p>\n<p>                     L\u2019intervention d\u2019\u00ab\u00a0un pays tiers\u00a0\u00bb, une n\u00e9cessit\u00e9    <\/p>\n<p class=\"asset asset-text\">Mais si la lecture brute de l\u2019information de cette lib\u00e9ration peut laisser penser dans un premier temps que l\u2019Allemagne tient le beau r\u00f4le, et que la France a \u00e9chou\u00e9, c\u2019est en fait bien plus complexe et subtil que cela. Comme l\u2019explique le pr\u00e9sident LR de la commission des affaires \u00e9trang\u00e8res du S\u00e9nat, C\u00e9dric Perrin, la machine diplomatique fran\u00e7aise a plut\u00f4t bien fonctionn\u00e9, sous les radars, dans la r\u00e9solution de cette tr\u00e8s m\u00e9diatique affaire.<\/p>\n<p class=\"asset asset-text\">\u00ab\u00a0Il \u00e9tait n\u00e9cessaire qu\u2019un pays tiers intervienne afin de ne pas humilier le pouvoir alg\u00e9rien. \u00c7a faisait un moment qu\u2019on entendait parler de cette solution pour que tout le monde sorte par le haut. Mais il faut relativiser les choses. En France, beaucoup de personnes se sont battues pour cette lib\u00e9ration. Il y a quelques jours, le sort de Boualem Sansal a \u00e9t\u00e9 \u00e9voqu\u00e9 entre G\u00e9rard Larcher et le Pape L\u00e9on XIV qui entretient de bons rapports avec le pr\u00e9sident Tebboune\u00a0\u00bb, relate-t-il ainsi, lui qui fait partie de la d\u00e9l\u00e9gation s\u00e9natoriale au Vatican.<\/p>\n<p class=\"asset asset-text\">\u00ab\u00a0Passer par un pays tiers, c\u2019\u00e9tait la solution pour que personne ne perde la face\u00a0\u00bb, \u00e9claire encore la vice-pr\u00e9sidente socialiste de la commission des affaires \u00e9trang\u00e8res, H\u00e9l\u00e8ne Conway-Mouret, <a href=\"https:\/\/www.publicsenat.fr\/actualites\/politique\/grace-de-boualem-sansal-passer-par-un-pays-tiers-cetait-la-solution-pour-que-personne-ne-perde-la-face?at_content=link&amp;at_term=publicsenat&amp;at_campaign=twitter&amp;at_medium=Social&amp;at_source=nonli\" target=\"_blank\" rel=\"noopener\" title=\"Nouvelle fen\u00eatre\">comme le rapporte Public-S\u00e9nat<\/a>.<\/p>\n<p class=\"asset asset-text\">Une pr\u00e9c\u00e9dente m\u00e9diation allemande, d\u00e9j\u00e0, avait \u00e9chou\u00e9 en mars, au plus fort de la crise entre Alger et Paris, <a href=\"https:\/\/www.lemonde.fr\/international\/article\/2025\/11\/12\/boualem-sansal-gracie-par-le-president-algerien_6653143_3210.html\" target=\"_blank\" rel=\"noopener\" title=\"Nouvelle fen\u00eatre\">rappelle par ailleurs Le Monde<\/a>. Finalement, le d\u00e9nouement de ce 12\u00a0novembre n\u2019est que \u00ab\u00a0la concr\u00e9tisation d\u2019un plan esquiss\u00e9 par la diplomatie fran\u00e7aise au cours de l\u2019\u00e9t\u00e9, consciente de l\u2019impasse dans laquelle s\u2019\u00e9taient engouffr\u00e9es [Paris et Alger]\u00a0\u00bb, \u00e9crit le quotidien national. Cette lib\u00e9ration, \u00ab\u00a0c\u2019est le fruit des efforts constants de la France et d\u2019une m\u00e9thode faite de respect, de calme et d\u2019exigence\u00a0\u00bb, a comment\u00e9 Emmanuel Macron ce mercredi.<\/p>\n<p class=\"asset asset-text\">Enfin, rappelons que l\u2019Allemagne a une longue tradition d\u2019accueil de dissidents, despotes et dirigeants malades dans son h\u00f4pital de la Charit\u00e9 \u00e0 Berlin, l\u2019un des plus r\u00e9put\u00e9s d\u2019Europe. Il y a cinq ans, il avait accueilli l\u2019opposant russe Alexe\u00ef Navalny, victime d\u2019un empoisonnement. Avant lui, l\u2019ancienne Premi\u00e8re ministre ukrainienne Ioulia Timochenko y avait \u00e9t\u00e9 soign\u00e9e pour des douleurs dorsales.<\/p>\n","protected":false},"excerpt":{"rendered":"HENRIQUE CAMPOS \/ Hans Lucas via AFP Une affiche demandant la lib\u00e9ration de Boualem Sansal devant la mairie&hellip;\n","protected":false},"author":2,"featured_media":529453,"comment_status":"","ping_status":"","sticky":false,"template":"","format":"standard","meta":{"footnotes":""},"categories":[1587],"tags":[11,15,672,4142,1804,1805,1803,1777,674,1801,14,12,316,1802],"class_list":{"0":"post-529452","1":"post","2":"type-post","3":"status-publish","4":"format-standard","5":"has-post-thumbnail","7":"category-allemagne","8":"tag-actualites","9":"tag-algerie","10":"tag-allemagne","11":"tag-boualem-sansal","12":"tag-bundesrepublik-deutschland","13":"tag-de","14":"tag-deutschland","15":"tag-eu","16":"tag-europe","17":"tag-germany","18":"tag-international","19":"tag-news","20":"tag-politique","21":"tag-republique-federale-dallemagne"},"share_on_mastodon":{"url":"https:\/\/pubeurope.com\/@fr\/115537898824047909","error":""},"_links":{"self":[{"href":"https:\/\/www.europesays.com\/fr\/wp-json\/wp\/v2\/posts\/529452","targetHints":{"allow":["GET"]}}],"collection":[{"href":"https:\/\/www.europesays.com\/fr\/wp-json\/wp\/v2\/posts"}],"about":[{"href":"https:\/\/www.europesays.com\/fr\/wp-json\/wp\/v2\/types\/post"}],"author":[{"embeddable":true,"href":"https:\/\/www.europesays.com\/fr\/wp-json\/wp\/v2\/users\/2"}],"replies":[{"embeddable":true,"href":"https:\/\/www.europesays.com\/fr\/wp-json\/wp\/v2\/comments?post=529452"}],"version-history":[{"count":0,"href":"https:\/\/www.europesays.com\/fr\/wp-json\/wp\/v2\/posts\/529452\/revisions"}],"wp:featuredmedia":[{"embeddable":true,"href":"https:\/\/www.europesays.com\/fr\/wp-json\/wp\/v2\/media\/529453"}],"wp:attachment":[{"href":"https:\/\/www.europesays.com\/fr\/wp-json\/wp\/v2\/media?parent=529452"}],"wp:term":[{"taxonomy":"category","embeddable":true,"href":"https:\/\/www.europesays.com\/fr\/wp-json\/wp\/v2\/categories?post=529452"},{"taxonomy":"post_tag","embeddable":true,"href":"https:\/\/www.europesays.com\/fr\/wp-json\/wp\/v2\/tags?post=529452"}],"curies":[{"name":"wp","href":"https:\/\/api.w.org\/{rel}","templated":true}]}}