{"id":529454,"date":"2025-11-12T17:26:18","date_gmt":"2025-11-12T17:26:18","guid":{"rendered":"https:\/\/www.europesays.com\/fr\/529454\/"},"modified":"2025-11-12T17:26:18","modified_gmt":"2025-11-12T17:26:18","slug":"comment-les-facteurs-environnementaux-contribuent-ils-aux-maladies-cardiovasculaires-en-europe","status":"publish","type":"post","link":"https:\/\/www.europesays.com\/fr\/529454\/","title":{"rendered":"Comment les facteurs environnementaux contribuent-ils aux maladies cardiovasculaires en Europe ?"},"content":{"rendered":"<p class=\"mb-4 text-lg md:leading-8 break-words\">Selon un nouveau rapport de l&rsquo;Agence europ\u00e9enne pour l&rsquo;environnement (AEE), l&rsquo;am\u00e9lioration de l&rsquo;environnement permettrait d&rsquo;\u00e9viter un d\u00e9c\u00e8s d&rsquo;origine cardiovasculaire sur cinq dans l&rsquo;Union europ\u00e9enne.<\/p>\n<p class=\"mb-4 text-lg md:leading-8 break-words\">Selon la <a href=\"https:\/\/www.escardio.org\/The-ESC\/Advocacy\/Call-for-Action#\" rel=\"nofollow noopener\" target=\"_blank\" data-ylk=\"slk:Soci\u00e9t\u00e9 europ\u00e9enne de cardiologie;elm:context_link;itc:0;sec:content-canvas\" class=\"link \"><strong>Soci\u00e9t\u00e9 europ\u00e9enne de cardiologie<\/strong><\/a>, les maladies cardiovasculaires sont la cause la plus fr\u00e9quente de d\u00e9c\u00e8s dans l&rsquo;Union europ\u00e9enne. En 2022, plus de 1,7 million de personnes en sont mortes, soit un tiers de l&rsquo;ensemble des d\u00e9c\u00e8s survenus dans l&rsquo;Union cette ann\u00e9e-l\u00e0.<\/p>\n<p class=\"mb-4 text-lg md:leading-8 break-words\">Les maladies cardiovasculaires contribuent \u00e9galement de mani\u00e8re significative \u00e0 l&rsquo;invalidit\u00e9, \u00e0 la retraite anticip\u00e9e et \u00e0 l&rsquo;absent\u00e9isme, ce qui r\u00e9duit la qualit\u00e9 de vie.<\/p>\n<p class=\"mb-4 text-lg md:leading-8 break-words\">Elles co\u00fbtent \u00e9galement \u00e0 l&rsquo;Union europ\u00e9enne plus de 282 milliards d&rsquo;euros par an en raison de la baisse de la productivit\u00e9 et de la production \u00e9conomique, selon la <a href=\"https:\/\/health.ec.europa.eu\/non-communicable-diseases\/cardiovascular-health%5Fen#towards-an-eu-cardiovascular-health-plan\" rel=\"nofollow noopener\" target=\"_blank\" data-ylk=\"slk:Commission europ\u00e9enne;elm:context_link;itc:0;sec:content-canvas\" class=\"link \"><strong>Commission europ\u00e9enne<\/strong><\/a>.<\/p>\n<p>Des diff\u00e9rences notables entre les \u00c9tats membres<\/p>\n<p class=\"mb-4 text-lg md:leading-8 break-words\">Outre les caract\u00e9ristiques personnelles telles que l&rsquo;\u00e2ge et les ant\u00e9c\u00e9dents familiaux, les facteurs environnementaux jouent \u00e9galement un r\u00f4le cl\u00e9 dans les maladies cardiovasculaires.<\/p>\n<p class=\"mb-4 text-lg md:leading-8 break-words\">Dans l&rsquo;UE, on estime que des facteurs tels que la pollution de l&rsquo;air, les temp\u00e9ratures extr\u00eames et les produits chimiques sont \u00e0 l&rsquo;origine d&rsquo;au moins 18 % de l&rsquo;ensemble des d\u00e9c\u00e8s dus aux maladies cardiovasculaires.<\/p>\n<p class=\"mb-4 text-lg md:leading-8 break-words\">La Pologne (23,69 %) et la Bulgarie (23,98 %) sont les pays de l&rsquo;UE o\u00f9 la part des d\u00e9c\u00e8s par maladies cardiovasculaires li\u00e9s \u00e0 des risques environnementaux est la plus \u00e9lev\u00e9e.<\/p>\n<p class=\"mb-4 text-lg md:leading-8 break-words\">\u00c0 l&rsquo;oppos\u00e9, la Finlande et la Su\u00e8de enregistrent les taux les plus faibles, avec respectivement 9,72 % et 10,01 %.<\/p>\n<p>Les effets n\u00e9fastes de la pollution de l&rsquo;air<\/p>\n<p class=\"mb-4 text-lg md:leading-8 break-words\">Selon le <a href=\"https:\/\/ehnheart.org\/activities\/prevention\/air-pollution\/\" rel=\"nofollow noopener\" target=\"_blank\" data-ylk=\"slk:R\u00e9seau europ\u00e9en du c\u0153ur,;elm:context_link;itc:0;sec:content-canvas\" class=\"link \"><strong>R\u00e9seau europ\u00e9en du c\u0153ur<\/strong>,<\/a> la pollution atmosph\u00e9rique est \u00e0 l&rsquo;origine d&rsquo;environ 8 % des d\u00e9c\u00e8s dus aux maladies cardiovasculaires dans l&rsquo;UE chaque ann\u00e9e.<\/p>\n<p class=\"mb-4 text-lg md:leading-8 break-words\">Les particules fines &#8211; qui proviennent de sources telles que les \u00e9missions des v\u00e9hicules, les processus industriels et la combustion de combustibles fossiles &#8211; le dioxyde d&rsquo;azote et l&rsquo;ozone sont les trois principaux polluants li\u00e9s aux maladies cardiovasculaires en Europe.<\/p>\n<p class=\"mb-4 text-lg md:leading-8 break-words\">En 2022, la Pologne (82,32 %) et l&rsquo;Irlande (81,83 %) \u00e9taient les \u00c9tats membres pr\u00e9sentant les taux les plus \u00e9lev\u00e9s de d\u00e9c\u00e8s pr\u00e9matur\u00e9s dus \u00e0 l&rsquo;exposition aux particules fines.<\/p>\n<p class=\"mb-4 text-lg md:leading-8 break-words\">En revanche, la Finlande et l&rsquo;Estonie enregistraient les taux les plus faibles, avec respectivement 5,48 % et 11,21 %.<\/p>\n<p class=\"mb-4 text-lg md:leading-8 break-words\">L&rsquo;exposition \u00e0 long terme \u00e0 ces polluants contribue de mani\u00e8re significative \u00e0 la mortalit\u00e9 pr\u00e9matur\u00e9e et aux maladies cardiovasculaires chroniques, notamment les crises cardiaques, les accidents vasculaires c\u00e9r\u00e9braux et l&rsquo;insuffisance cardiaque.<\/p>\n<p class=\"mb-4 text-lg md:leading-8 break-words\">On estime \u00e9galement qu&rsquo;environ 66 000 d\u00e9c\u00e8s pr\u00e9matur\u00e9s par an dans l&rsquo;UE sont imputables \u00e0 l&rsquo;exposition au bruit des transports, dont plus de 30 % \u00e0 des causes cardiovasculaires.<\/p>\n<p class=\"mb-4 text-lg md:leading-8 break-words\">Les politiques et r\u00e9glementations de l&rsquo;UE, qui visent \u00e0 lutter contre la pollution atmosph\u00e9rique, portent cependant leurs fruits. La pollution atmosph\u00e9rique a diminu\u00e9 dans l&rsquo;ensemble de l&rsquo;UE, ce qui se traduit par une baisse notable du nombre de d\u00e9c\u00e8s pr\u00e9matur\u00e9s.<\/p>\n<p class=\"mb-4 text-lg md:leading-8 break-words\">N\u00e9anmoins, 95 % des habitants de l&rsquo;UE, en particulier ceux des zones urbaines, sont encore expos\u00e9s \u00e0 des niveaux de pollution dangereux.<\/p>\n","protected":false},"excerpt":{"rendered":"Selon un nouveau rapport de l&rsquo;Agence europ\u00e9enne pour l&rsquo;environnement (AEE), l&rsquo;am\u00e9lioration de l&rsquo;environnement permettrait d&rsquo;\u00e9viter un d\u00e9c\u00e8s d&rsquo;origine&hellip;\n","protected":false},"author":2,"featured_media":529455,"comment_status":"","ping_status":"","sticky":false,"template":"","format":"standard","meta":{"footnotes":""},"categories":[1586],"tags":[11,1777,674,1011,27,49094,32962,12,25,64848],"class_list":{"0":"post-529454","1":"post","2":"type-post","3":"status-publish","4":"format-standard","5":"has-post-thumbnail","7":"category-europe","8":"tag-actualites","9":"tag-eu","10":"tag-europe","11":"tag-fr","12":"tag-france","13":"tag-lunion-europeenne-2","14":"tag-maladies-cardiovasculaires","15":"tag-news","16":"tag-republique-francaise","17":"tag-societe-europeenne-de-cardiologie"},"share_on_mastodon":{"url":"https:\/\/pubeurope.com\/@fr\/115537902605041964","error":""},"_links":{"self":[{"href":"https:\/\/www.europesays.com\/fr\/wp-json\/wp\/v2\/posts\/529454","targetHints":{"allow":["GET"]}}],"collection":[{"href":"https:\/\/www.europesays.com\/fr\/wp-json\/wp\/v2\/posts"}],"about":[{"href":"https:\/\/www.europesays.com\/fr\/wp-json\/wp\/v2\/types\/post"}],"author":[{"embeddable":true,"href":"https:\/\/www.europesays.com\/fr\/wp-json\/wp\/v2\/users\/2"}],"replies":[{"embeddable":true,"href":"https:\/\/www.europesays.com\/fr\/wp-json\/wp\/v2\/comments?post=529454"}],"version-history":[{"count":0,"href":"https:\/\/www.europesays.com\/fr\/wp-json\/wp\/v2\/posts\/529454\/revisions"}],"wp:featuredmedia":[{"embeddable":true,"href":"https:\/\/www.europesays.com\/fr\/wp-json\/wp\/v2\/media\/529455"}],"wp:attachment":[{"href":"https:\/\/www.europesays.com\/fr\/wp-json\/wp\/v2\/media?parent=529454"}],"wp:term":[{"taxonomy":"category","embeddable":true,"href":"https:\/\/www.europesays.com\/fr\/wp-json\/wp\/v2\/categories?post=529454"},{"taxonomy":"post_tag","embeddable":true,"href":"https:\/\/www.europesays.com\/fr\/wp-json\/wp\/v2\/tags?post=529454"}],"curies":[{"name":"wp","href":"https:\/\/api.w.org\/{rel}","templated":true}]}}