{"id":529462,"date":"2025-11-12T17:30:35","date_gmt":"2025-11-12T17:30:35","guid":{"rendered":"https:\/\/www.europesays.com\/fr\/529462\/"},"modified":"2025-11-12T17:30:35","modified_gmt":"2025-11-12T17:30:35","slug":"france-ukraine-la-composition-probable-des-bleus-avec-kante-olise-et-cherki-titulaires","status":"publish","type":"post","link":"https:\/\/www.europesays.com\/fr\/529462\/","title":{"rendered":"France-Ukraine\u00a0: la composition probable des Bleus avec Kant\u00e9, Olise et Cherki titulaires"},"content":{"rendered":"<p class=\"paragraph text_align_left lp-f-body-02\">La deuxi\u00e8me s\u00e9ance collective de la semaine, seulement, a eu des allures de r\u00e9p\u00e9tition pour<a href=\"https:\/\/www.leparisien.fr\/sports\/football\/equipe-de-france\/\" target=\"_blank\" rel=\"noreferrer noopener\"> l\u2019\u00e9quipe de France<\/a> ce mercredi en fin d\u2019apr\u00e8s-midi. \u00c0 la veille d\u2019affronter l\u2019Ukraine jeudi soir (20h45), un match qui pourrait leur permettre de valider leur ticket pour <a href=\"https:\/\/www.leparisien.fr\/sports\/football\/coupe-du-monde\/\" target=\"_blank\" rel=\"noreferrer noopener\">la Coupe du monde 2026<\/a> en cas de succ\u00e8s, les Bleus ont r\u00e9p\u00e9t\u00e9 leurs gammes sur la pelouse du Parc des Princes et tent\u00e9, dans la mesure du possible, de cr\u00e9er quelques automatismes.<\/p>\n<p class=\"paragraph text_align_left lp-f-body-02\">En l\u2019absence de nombreux cadres sur le front de l\u2019attaque, Didier Deschamps est \u00e0 la recherche de la meilleure formule offensive. Lors de la mise en place tactique effectu\u00e9e durant l\u2019entra\u00eenement et r\u00e9v\u00e9l\u00e9e par <a href=\"https:\/\/www.lequipe.fr\/Football\/Actualites\/Composition-de-l-equipe-de-france-lucas-digne-et-rayan-cherki-devraient-etre-titulaires-contre-l-ukraine\/1609390\" target=\"_blank\" rel=\"noreferrer noopener\">L\u2019\u00c9quipe<\/a>, le s\u00e9lectionneur a opt\u00e9, <a href=\"https:\/\/www.leparisien.fr\/sports\/football\/equipe-de-france\/france-ukraine-les-bleus-entre-chambrage-et-repetition-de-gammes-11-11-2025-Z3ABJWRX3NE75M354RZASHZRMQ.php\" target=\"_blank\" rel=\"noreferrer noopener\">comme on pouvait le pressentir<\/a>, pour un quatuor in\u00e9dit mais s\u00e9duisant sur le papier avec Rayan Cherki align\u00e9 dans un r\u00f4le de meneur de jeu, en soutien du capitaine Kylian Mbapp\u00e9.<\/p>\n<p>Lucas Digne plut\u00f4t que Theo Hernandez<\/p>\n<p class=\"paragraph text_align_left lp-f-body-02\">La position axiale du joueur de Manchester City, qui pourrait donc conna\u00eetre sa troisi\u00e8me s\u00e9lection, d\u00e9calerait Michael Olise dans le couloir droit, o\u00f9 il a l\u2019habitude d\u2019\u00e9voluer avec le Bayern Munich. Laiss\u00e9 sur le banc des rempla\u00e7ants dimanche avec le PSG, lors de la victoire \u00e0 Lyon, Bradley Barcola semble pr\u00eat \u00e0 retrouver les terrains et occuperait le c\u00f4t\u00e9 gauche. L\u2019association est prometteuse et permettrait \u00e0 l\u2019\u00e9quipe de France de s\u2019appuyer sur la cr\u00e9ativit\u00e9 des deux gauchers Cherki et Olise pour servir Mbapp\u00e9 dans les meilleures conditions.<\/p>\n<p class=\"paragraph text_align_left lp-f-body-02\">Au milieu de terrain, <a href=\"https:\/\/www.leparisien.fr\/sports\/football\/equipe-de-france\/on-sait-quon-peut-compter-sur-lui-ngolo-kante-et-les-bleus-une-histoire-damour-sans-fin-12-11-2025-ASIYFNRLEBG2LF6QDNP2O6WGLI.php\" target=\"_blank\" rel=\"noreferrer noopener\">N\u2019Golo Kant\u00e9 devrait retrouver une place de titulaire<\/a> et conna\u00eetre sa 65e s\u00e9lection, pratiquement un an jour pour jour apr\u00e8s sa derni\u00e8re apparition sous le maillot de l\u2019\u00e9quipe de France (14 novembre face \u00e0 Isra\u00ebl). \u00ab Il maintient son niveau, en disputant plus de matchs cette saison avec la Ligue des champions asiatique (avec Al-Ittihad en Arabie saoudite). Il a un v\u00e9cu et une exp\u00e9rience importants pour ce type de rendez-vous \u00bb, <a href=\"https:\/\/www.leparisien.fr\/sports\/football\/coupe-du-monde\/equipe-de-france-les-absents-ne-nous-permettent-pas-de-repeter-les-automatismes-regrette-didier-deschamps-12-11-2025-LFW2CDIUZBF6JBM34GAN3U5NI4.php\" target=\"_blank\" rel=\"noreferrer noopener\">a expliqu\u00e9 Didier Deschamps en conf\u00e9rence de presse ce mercredi<\/a>. Le v\u00e9t\u00e9ran du groupe tricolore (34 ans) devrait former la paire de r\u00e9cup\u00e9rateurs avec Manu Kon\u00e9.<\/p>\n<p class=\"paragraph text_align_left lp-f-body-02\">Le reste du onze de d\u00e9part de l\u2019\u00e9quipe de France devrait \u00eatre beaucoup plus traditionnel avec un secteur d\u00e9fensif qui se reposera sur ses hommes forts. On retrouvera la charni\u00e8re compos\u00e9e de William Saliba et Dayot Upamecano, tandis que les couloirs seront occup\u00e9s par Jules Kound\u00e9 \u00e0 droite et Lucas Digne \u00e0 gauche.<\/p>\n<p class=\"paragraph text_align_left lp-f-body-02\"><b>La composition probable des Bleus :<\/b> Maignan \u2013 Kound\u00e9, Saliba, Upamecano, Digne \u2013 Kant\u00e9, Kon\u00e9 \u2013 Olise, Cherki, Barcola \u2013 Mbapp\u00e9 (cap.).<\/p>\n","protected":false},"excerpt":{"rendered":"La deuxi\u00e8me s\u00e9ance collective de la semaine, seulement, a eu des allures de r\u00e9p\u00e9tition pour l\u2019\u00e9quipe de France&hellip;\n","protected":false},"author":2,"featured_media":529463,"comment_status":"","ping_status":"","sticky":false,"template":"","format":"standard","meta":{"footnotes":""},"categories":[4],"tags":[11,451,63,1011,27,12,25,60],"class_list":{"0":"post-529462","1":"post","2":"type-post","3":"status-publish","4":"format-standard","5":"has-post-thumbnail","7":"category-france","8":"tag-actualites","9":"tag-coupe-du-monde","10":"tag-football","11":"tag-fr","12":"tag-france","13":"tag-news","14":"tag-republique-francaise","15":"tag-sports"},"share_on_mastodon":{"url":"https:\/\/pubeurope.com\/@fr\/115537918341528135","error":""},"_links":{"self":[{"href":"https:\/\/www.europesays.com\/fr\/wp-json\/wp\/v2\/posts\/529462","targetHints":{"allow":["GET"]}}],"collection":[{"href":"https:\/\/www.europesays.com\/fr\/wp-json\/wp\/v2\/posts"}],"about":[{"href":"https:\/\/www.europesays.com\/fr\/wp-json\/wp\/v2\/types\/post"}],"author":[{"embeddable":true,"href":"https:\/\/www.europesays.com\/fr\/wp-json\/wp\/v2\/users\/2"}],"replies":[{"embeddable":true,"href":"https:\/\/www.europesays.com\/fr\/wp-json\/wp\/v2\/comments?post=529462"}],"version-history":[{"count":0,"href":"https:\/\/www.europesays.com\/fr\/wp-json\/wp\/v2\/posts\/529462\/revisions"}],"wp:featuredmedia":[{"embeddable":true,"href":"https:\/\/www.europesays.com\/fr\/wp-json\/wp\/v2\/media\/529463"}],"wp:attachment":[{"href":"https:\/\/www.europesays.com\/fr\/wp-json\/wp\/v2\/media?parent=529462"}],"wp:term":[{"taxonomy":"category","embeddable":true,"href":"https:\/\/www.europesays.com\/fr\/wp-json\/wp\/v2\/categories?post=529462"},{"taxonomy":"post_tag","embeddable":true,"href":"https:\/\/www.europesays.com\/fr\/wp-json\/wp\/v2\/tags?post=529462"}],"curies":[{"name":"wp","href":"https:\/\/api.w.org\/{rel}","templated":true}]}}