{"id":529466,"date":"2025-11-12T17:33:12","date_gmt":"2025-11-12T17:33:12","guid":{"rendered":"https:\/\/www.europesays.com\/fr\/529466\/"},"modified":"2025-11-12T17:33:12","modified_gmt":"2025-11-12T17:33:12","slug":"a-39-ans-benjamin-urdapilleta-sort-de-sa-retraite-et-arrive-a-perpignan-lequipe","status":"publish","type":"post","link":"https:\/\/www.europesays.com\/fr\/529466\/","title":{"rendered":"\u00c0 39 ans, Benjamin Urdapilleta sort de sa retraite et arrive \u00e0 Perpignan &#8211; L&#039;\u00c9quipe"},"content":{"rendered":"<ol>\n<li><a href=\"https:\/\/news.google.com\/rss\/articles\/CBMiuwFBVV95cUxOR2psSm1KTnFINlJpUGZ5V05QOXNwVDNwV3QxdHRFZkdSN2lWS2NuMVZtWkJsV0N2WG9QQXlXQXc4c1NHSUlQVjJJaVNnT0Nqbks5SnBPN3VHYUF4MWw2VnNQNHZGVEhmRVNadXEyV01IYmFqV2tLMmN6U2NBNm14STlVSnVyS2MwQUJRcmVpUXpuX3RwX0ZoYV9nRXJIbjNGRWY3aHFDNExPWFlVVzhpcHgtUmczQ0tpU0hJ?oc=5\" target=\"_blank\" rel=\"nofollow noopener\">\u00c0 39 ans, Benjamin Urdapilleta sort de sa retraite et arrive \u00e0 Perpignan<\/a>&nbsp;&nbsp;L&rsquo;\u00c9quipe<\/li>\n<li><a href=\"https:\/\/news.google.com\/rss\/articles\/CBMiiwFBVV95cUxNcjdLSDF4MWsxWUpZaHU5ZDQ0akI3eVhKVVdrWU43WGJLTnNrZmpHUHpUdzMxb0xiX0xMLXlLY3dVSkNiek5iYnROZEVGa19aZC1oV2NrclNVdk4wb3JldVRrUXJMXzRFTHVZV2tHV2JaNTBIYkttbUlBT2lOUlMyUGFMdldSc0VIaEhN?oc=5\" target=\"_blank\" rel=\"nofollow noopener\">Usap: Urdapilleta sort de sa retraite<\/a>&nbsp;&nbsp;Sports.fr<\/li>\n<li><a href=\"https:\/\/news.google.com\/rss\/articles\/CBMi2AFBVV95cUxOb3lod3lhU29mci1XR0htWnBfS19jTTktQVNiSlU1ckFSbWhSYkxnTUFtUVdkeVRMYnVUSzFaZ1dEcy1Tb2dnSkw2bjhlanlSMlE2NVRSQ0tKLWxzRDhiX29xNHdiWEZ2SDhXSjFQOU0wNjdjRFc2OXVubEhJWUtYX01RV01JV3dUbjZ6bHFqb19DSWlFZHFpR01EZkhkNlE5cEcyTmg3YzAxejhTT2M4TW9XdG00eENEUEtod243UVVyWDIxSko4ZXk3RFRhNkRJcnAxUUJBa2E?oc=5\" target=\"_blank\" rel=\"nofollow noopener\">Laurent Labit sur les prochains d\u00e9fis de Perpignan en Top 14 : \u00ab Quitter la 14e place fin janvier \u00bb<\/a>&nbsp;&nbsp;L&rsquo;\u00c9quipe<\/li>\n<li><a href=\"https:\/\/news.google.com\/rss\/articles\/CBMikwJBVV95cUxOR1ZXR2hjR19pamE4SmQ1SENQalVoRDFHLWRDY3J6Y1VHbjRCLXRKRjZONzNkRXJ3bG9UTUhUTzd4RWpjREV3WUh2YTM5N0hTM0NKR0tkcV9VQlYyWjRLSFU1b2NrTmdTU0tqaXRjX003cEJXaGhodExpeXYtaklVaDBYbWVSazBoajRNZkhXTl92cUZNVHl2N25NeXdCV0ZGWVVPeHRxU0tsSWlfV2JFTnplUHNBbmRkblQwcENnS1dDQ2t2LWxOeDJ1bnNaSEFENXlFY2VpYjZvSGZnWEcyR3ZhaFdYb194cHEzRVBYcmdUdjhSdFZtQm9NVXlCYXctWEcxNUlEamtCQUhKZGRZaHFoaw?oc=5\" target=\"_blank\" rel=\"nofollow noopener\">\u00ab\u00a0Si j\u2019avais senti que les gens \u00e9taient r\u00e9sign\u00e9s, je serai rest\u00e9 sur mon canap\u00e9\u00a0\u00bb, d\u00e9clare Labit<\/a>&nbsp;&nbsp;Rugbyrama<\/li>\n<li><a href=\"https:\/\/news.google.com\/rss\/articles\/CBMixgFBVV95cUxPNWtEYUlYS0RHVnFpN29VbENEcDNzRXpMNG0wT2xQSmY4VG9kVmIzeGhYWnlDVk5DU2kyZkFnYUh4WTMybTA2WE1BV28ycmd1cW8yRGlTNUoxLU5sVHdydkd6OUM3c1pGUTBmRUZpWTB4RlIxbF95UHB1ZWJwaTNZbUZGQ1ZaclRDMUc5WktUOUdsQk04cnE2NUY0aDNrSE11WXJCY0tJQk5QVVl0MlN6Wnc5TVphUDdreUNoMkR0NGxkR2xUdGc?oc=5\" target=\"_blank\" rel=\"nofollow noopener\">Benjamin Urdapilleta (ex-ASM Clermont) vers un retour en Top 14<\/a>&nbsp;&nbsp;La Montagne<\/li>\n<\/ol>\n","protected":false},"excerpt":{"rendered":"\u00c0 39 ans, Benjamin Urdapilleta sort de sa retraite et arrive \u00e0 Perpignan&nbsp;&nbsp;L&rsquo;\u00c9quipe Usap: Urdapilleta sort de sa&hellip;\n","protected":false},"author":2,"featured_media":529467,"comment_status":"","ping_status":"","sticky":false,"template":"","format":"standard","meta":{"footnotes":""},"categories":[1416],"tags":[1011,27,479,1468,60],"class_list":{"0":"post-529466","1":"post","2":"type-post","3":"status-publish","4":"format-standard","5":"has-post-thumbnail","7":"category-rugby","8":"tag-fr","9":"tag-france","10":"tag-rugby","11":"tag-rugby-football","12":"tag-sports"},"share_on_mastodon":{"url":"https:\/\/pubeurope.com\/@fr\/115537930107389492","error":""},"_links":{"self":[{"href":"https:\/\/www.europesays.com\/fr\/wp-json\/wp\/v2\/posts\/529466","targetHints":{"allow":["GET"]}}],"collection":[{"href":"https:\/\/www.europesays.com\/fr\/wp-json\/wp\/v2\/posts"}],"about":[{"href":"https:\/\/www.europesays.com\/fr\/wp-json\/wp\/v2\/types\/post"}],"author":[{"embeddable":true,"href":"https:\/\/www.europesays.com\/fr\/wp-json\/wp\/v2\/users\/2"}],"replies":[{"embeddable":true,"href":"https:\/\/www.europesays.com\/fr\/wp-json\/wp\/v2\/comments?post=529466"}],"version-history":[{"count":0,"href":"https:\/\/www.europesays.com\/fr\/wp-json\/wp\/v2\/posts\/529466\/revisions"}],"wp:featuredmedia":[{"embeddable":true,"href":"https:\/\/www.europesays.com\/fr\/wp-json\/wp\/v2\/media\/529467"}],"wp:attachment":[{"href":"https:\/\/www.europesays.com\/fr\/wp-json\/wp\/v2\/media?parent=529466"}],"wp:term":[{"taxonomy":"category","embeddable":true,"href":"https:\/\/www.europesays.com\/fr\/wp-json\/wp\/v2\/categories?post=529466"},{"taxonomy":"post_tag","embeddable":true,"href":"https:\/\/www.europesays.com\/fr\/wp-json\/wp\/v2\/tags?post=529466"}],"curies":[{"name":"wp","href":"https:\/\/api.w.org\/{rel}","templated":true}]}}