{"id":529468,"date":"2025-11-12T17:34:12","date_gmt":"2025-11-12T17:34:12","guid":{"rendered":"https:\/\/www.europesays.com\/fr\/529468\/"},"modified":"2025-11-12T17:34:12","modified_gmt":"2025-11-12T17:34:12","slug":"atp-masters-auger-aliassime-renverse-shelton-sports","status":"publish","type":"post","link":"https:\/\/www.europesays.com\/fr\/529468\/","title":{"rendered":"ATP &#8211; Masters : Auger-Aliassime renverse Shelton : Sports"},"content":{"rendered":"<p class=\"date\">\n                                                            Faraj Benlahoucine, Media365, publi\u00e9 le mercredi 12 novembre 2025 \u00e0 17h37\n                                                    <\/p>\n<p>Men\u00e9 d&rsquo;une manche, F\u00e9lix Auger-Aliassime a renvers\u00e9 Ben Shelton lors de son deuxi\u00e8me match des Masters. Le Canadien jouera sa qualification en demies dans deux jours face \u00e0 Alexander Zverev.<\/p>\n<p>La deuxi\u00e8me journ\u00e9e des Masters se r\u00e9v\u00e8le toujours riche en enseignements. Ce mardi, le second match du groupe B de Ben Shelton a quasiment ent\u00e9rin\u00e9 son \u00e9limination de la comp\u00e9tition avant son troisi\u00e8me match contre Jannik Sinner. Bien qu&rsquo;il s&rsquo;est adjug\u00e9 la premi\u00e8re manche, l&rsquo;Am\u00e9ricain s&rsquo;est fait renverser par F\u00e9lix Auger-Aliassime (4-6, 7-6(7), 7-5) face \u00e0 qui il n&rsquo;a jamais r\u00e9ussi \u00e0 s&rsquo;imposer en carri\u00e8re. Gr\u00e2ce \u00e0 son service retrouv\u00e9, le Canadien s&rsquo;est montr\u00e9 irr\u00e9sistible, signant un joli 80% de premi\u00e8res balles. Outre sa puissance, FAA a \u00e9galement montr\u00e9 des qualit\u00e9s hors-norme en retour.<\/p>\n<p>Auger-Aliassime jouera sa peau contre Zverev<\/p>\n<p>Sur sa troisi\u00e8me balle de match, F\u00e9lix Auger-Aliassime a renvoy\u00e9 un service canon de Ben Shelton, flash\u00e9 \u00e0 236km\/h. Au total, le 8e mondial a sign\u00e9 pas moins de 37 coups gagnants pour se d\u00e9faire du n\u00b05 \u00e0 l&rsquo;ATP en 2h36 de jeu. Relanc\u00e9 dans la course \u00e0 la qualification, le Canadien jouera sa place en demies dans deux jours contre Alexander Zverev qui affrontera pour sa part Jannik Sinner un peu plus tard dans la soir\u00e9e. Cette victoire en Masters est sa premi\u00e8re depuis 2022 et un exploit r\u00e9alis\u00e9 devant Rafael Nadal.<\/p>\n<p>Dans le groupe B, Carlos Alcaraz caracole en t\u00eate au b\u00e9n\u00e9fice de ses deux victoires. Taylor Fritz et Lorenzo Musetti comptent tous deux un bilan \u00e9quilibr\u00e9 tandis qu&rsquo;Alex De Minaur est quasiment \u00e9limin\u00e9 suite \u00e0 ses deux d\u00e9faites en deux journ\u00e9es.<\/p>\n","protected":false},"excerpt":{"rendered":"Faraj Benlahoucine, Media365, publi\u00e9 le mercredi 12 novembre 2025 \u00e0 17h37 Men\u00e9 d&rsquo;une manche, F\u00e9lix Auger-Aliassime a renvers\u00e9&hellip;\n","protected":false},"author":2,"featured_media":529469,"comment_status":"","ping_status":"","sticky":false,"template":"","format":"standard","meta":{"footnotes":""},"categories":[1415],"tags":[1011,27,60,1467],"class_list":{"0":"post-529468","1":"post","2":"type-post","3":"status-publish","4":"format-standard","5":"has-post-thumbnail","7":"category-tennis","8":"tag-fr","9":"tag-france","10":"tag-sports","11":"tag-tennis"},"share_on_mastodon":{"url":"https:\/\/pubeurope.com\/@fr\/115537933987974990","error":""},"_links":{"self":[{"href":"https:\/\/www.europesays.com\/fr\/wp-json\/wp\/v2\/posts\/529468","targetHints":{"allow":["GET"]}}],"collection":[{"href":"https:\/\/www.europesays.com\/fr\/wp-json\/wp\/v2\/posts"}],"about":[{"href":"https:\/\/www.europesays.com\/fr\/wp-json\/wp\/v2\/types\/post"}],"author":[{"embeddable":true,"href":"https:\/\/www.europesays.com\/fr\/wp-json\/wp\/v2\/users\/2"}],"replies":[{"embeddable":true,"href":"https:\/\/www.europesays.com\/fr\/wp-json\/wp\/v2\/comments?post=529468"}],"version-history":[{"count":0,"href":"https:\/\/www.europesays.com\/fr\/wp-json\/wp\/v2\/posts\/529468\/revisions"}],"wp:featuredmedia":[{"embeddable":true,"href":"https:\/\/www.europesays.com\/fr\/wp-json\/wp\/v2\/media\/529469"}],"wp:attachment":[{"href":"https:\/\/www.europesays.com\/fr\/wp-json\/wp\/v2\/media?parent=529468"}],"wp:term":[{"taxonomy":"category","embeddable":true,"href":"https:\/\/www.europesays.com\/fr\/wp-json\/wp\/v2\/categories?post=529468"},{"taxonomy":"post_tag","embeddable":true,"href":"https:\/\/www.europesays.com\/fr\/wp-json\/wp\/v2\/tags?post=529468"}],"curies":[{"name":"wp","href":"https:\/\/api.w.org\/{rel}","templated":true}]}}