{"id":52947,"date":"2025-04-25T23:26:14","date_gmt":"2025-04-25T23:26:14","guid":{"rendered":"https:\/\/www.europesays.com\/fr\/52947\/"},"modified":"2025-04-25T23:26:14","modified_gmt":"2025-04-25T23:26:14","slug":"un-village-securite-routiere-sur-la-grand-place","status":"publish","type":"post","link":"https:\/\/www.europesays.com\/fr\/52947\/","title":{"rendered":"Un Village s\u00e9curit\u00e9 routi\u00e8re sur la Grand\u2019 Place"},"content":{"rendered":"<ul class=\"post-meta\">\n<li class=\"post-meta-item\">Pr\u00e9vention\/S\u00e9curit\u00e9<\/li>\n<li class=\"post-meta-item\"> | Tous les articles<\/li>\n<\/ul>\n<p class=\"news-single-date\"> Publi\u00e9 le 25 avril 2025|  Coup<b>s<\/b> de c\u0153ur1<\/p>\n<p> <img decoding=\"async\" src=\"https:\/\/www.europesays.com\/fr\/wp-content\/uploads\/2025\/04\/securoutiere25-actu-703x395.png\" class=\"post-single-picture\" alt=\"\"\/><\/p>\n<p class=\"introduction\">La ville de Roubaix organise une journ\u00e9e d\u00e9di\u00e9e \u00e0 la s\u00e9curit\u00e9 routi\u00e8re sur la Grand&rsquo;Place, le mercredi 21 mai 2025 de 9h \u00e0 17h. Cet \u00e9v\u00e9nement vise \u00e0 sensibiliser les enfants, adolescents et adultes aux bonnes pratiques sur la route, en proposant diverses animations et ateliers interactifs.<\/p>\n<p>Le village sera ouvert, gratuitement, de 9h \u00e0 12h (pour les coll\u00e9giens uniquement) et de 13h \u00e0 17h (pour tous)<\/p>\n<p>Au programme :<\/p>\n<ul>\n<li>Stand sur conduites \u00e0 risques: simulateur choc par l\u2019association Vigi2roues + tapis simulation vitesse alcool\/drogue par la police municipale<\/li>\n<li>Stand sur les \u00e9quipements de s\u00e9curit\u00e9 par l\u2019association Vigi2 roues<\/li>\n<li>Voiture tonneau par \u00ab\u00a0la Feuille\u00a0\u00bb<\/li>\n<li>Sensibilisation sur les dangers de l\u2019usage d\u00e9tourn\u00e9 du protoxyde d\u2019azote<\/li>\n<li>Sensibilisation aux gestes qui sauvent<\/li>\n<li>Parcours mobilit\u00e9 handicap par l\u2019association \u00ab\u00a0Le Luc\u00a0\u00bb<\/li>\n<li>Stand Police municipale : jumelles radar et sensibilisation au code de la route<\/li>\n<li>Stand du service Pr\u00e9vention de la ville : piste junicode avec v\u00e9los<\/li>\n<li>Atelier jeu memory sur la s\u00e9curit\u00e9 routi\u00e8re pour les plus petits<\/li>\n<li>Atelier par le Conseil Municipal des Enfants : passage du permis trottinette<\/li>\n<li>Brigade motoris\u00e9e de la Police nationale<\/li>\n<li>Bus Ilevia : stand sur la visibilit\u00e9 \/ angles morts et la promotion des transports en commun<\/li>\n<li>Busabiclou : aide \u00e0 la r\u00e9paration v\u00e9lo<\/li>\n<li>Droit au v\u00e9lo par l\u2019association l\u2019ADAV<\/li>\n<li>Piste junicode gonflable de karts \u00e0 p\u00e9dales pour les 7 \u2013 12 ans par Kidovolant<\/li>\n<li>Piste junicode gonflable de voitures \u00e9lectriques pour les 3 \u2013 6 ans par Kidovolant<\/li>\n<\/ul>\n","protected":false},"excerpt":{"rendered":"Pr\u00e9vention\/S\u00e9curit\u00e9 | Tous les articles Publi\u00e9 le 25 avril 2025| Coups de c\u0153ur1 La ville de Roubaix organise&hellip;\n","protected":false},"author":2,"featured_media":52948,"comment_status":"","ping_status":"","sticky":false,"template":"","format":"standard","meta":{"footnotes":""},"categories":[2815],"tags":[1111,11,1777,674,1011,27,811,1307,12,25,5009],"class_list":{"0":"post-52947","1":"post","2":"type-post","3":"status-publish","4":"format-standard","5":"has-post-thumbnail","7":"category-lille","8":"tag-actu","9":"tag-actualites","10":"tag-eu","11":"tag-europe","12":"tag-fr","13":"tag-france","14":"tag-hauts-de-france","15":"tag-lille","16":"tag-news","17":"tag-republique-francaise","18":"tag-securite-routiere"},"share_on_mastodon":{"url":"https:\/\/pubeurope.com\/@fr\/114401193746022120","error":""},"_links":{"self":[{"href":"https:\/\/www.europesays.com\/fr\/wp-json\/wp\/v2\/posts\/52947","targetHints":{"allow":["GET"]}}],"collection":[{"href":"https:\/\/www.europesays.com\/fr\/wp-json\/wp\/v2\/posts"}],"about":[{"href":"https:\/\/www.europesays.com\/fr\/wp-json\/wp\/v2\/types\/post"}],"author":[{"embeddable":true,"href":"https:\/\/www.europesays.com\/fr\/wp-json\/wp\/v2\/users\/2"}],"replies":[{"embeddable":true,"href":"https:\/\/www.europesays.com\/fr\/wp-json\/wp\/v2\/comments?post=52947"}],"version-history":[{"count":0,"href":"https:\/\/www.europesays.com\/fr\/wp-json\/wp\/v2\/posts\/52947\/revisions"}],"wp:featuredmedia":[{"embeddable":true,"href":"https:\/\/www.europesays.com\/fr\/wp-json\/wp\/v2\/media\/52948"}],"wp:attachment":[{"href":"https:\/\/www.europesays.com\/fr\/wp-json\/wp\/v2\/media?parent=52947"}],"wp:term":[{"taxonomy":"category","embeddable":true,"href":"https:\/\/www.europesays.com\/fr\/wp-json\/wp\/v2\/categories?post=52947"},{"taxonomy":"post_tag","embeddable":true,"href":"https:\/\/www.europesays.com\/fr\/wp-json\/wp\/v2\/tags?post=52947"}],"curies":[{"name":"wp","href":"https:\/\/api.w.org\/{rel}","templated":true}]}}