{"id":529478,"date":"2025-11-12T17:43:12","date_gmt":"2025-11-12T17:43:12","guid":{"rendered":"https:\/\/www.europesays.com\/fr\/529478\/"},"modified":"2025-11-12T17:43:12","modified_gmt":"2025-11-12T17:43:12","slug":"murdaugh-murders-cette-histoire-vraie-affolante-qui-a-inspire-la-serie-a-succes-spoilers","status":"publish","type":"post","link":"https:\/\/www.europesays.com\/fr\/529478\/","title":{"rendered":"Murdaugh Murders : cette histoire vraie affolante qui a inspir\u00e9 la s\u00e9rie \u00e0 succ\u00e8s (spoilers)"},"content":{"rendered":"<p>Avis aux amateurs de faits divers et de s\u00e9ries : il est grand<br \/>\ntemps de jeter un \u0153il \u00e0 Murdaugh Murders, disponible sur <a href=\"https:\/\/www.disneyplus.com\/fr-fr\/\" rel=\"nofollow noopener\" target=\"_blank\">Disney+<\/a>, si<br \/>\nce n\u2019est pas d\u00e9j\u00e0 fait. Cette s\u00e9rie revient sur <strong>une affaire<br \/>\naussi complexe que fascinante<\/strong> qui s\u2019est d\u00e9roul\u00e9e au sud<br \/>\ndes Etats-Unis en juin 2021. Tout commence avec un accident de<br \/>\nbateau provoqu\u00e9 par le fils d\u2019Alex Murdaugh, un \u00e9minent avocat de<br \/>\nla r\u00e9gion.<\/p>\n<p>Paul Murdaugh a \u00e9t\u00e9 point\u00e9 du doigt pour avoir conduit<br \/>\nl\u2019embarcation en \u00e9tat d\u2019\u00e9bri\u00e9t\u00e9 et entra\u00een\u00e9 un accident \u00e0 l\u2019origine<br \/>\nde la disparition d\u2019une jeune femme, Mallory Beach. Prot\u00e9g\u00e9 par son<br \/>\np\u00e8re et tout le clan Murdaugh, <strong>Paul profite de l\u2019influence<br \/>\nde son nom de famille pour se couvrir<\/strong>. Jusqu\u2019\u00e0 ce qu\u2019une<br \/>\njournaliste, Mandy Matney, ne commence \u00e0 creuser autour d\u2019une<br \/>\nfamille que tout le monde pensait intouchable. C\u2019est alors que les<br \/>\nd\u00e9couvertes s&rsquo;encha\u00eenent.<\/p>\n<p>Murdaugh Murders : que s\u2019est-il vraiment pass\u00e9 ?<\/p>\n<p>En plus de l\u2019accident de bateau, le fils a\u00een\u00e9 de la famille<br \/>\nMurdaugh est \u00e0 son tour accus\u00e9 dans une vieille histoire d\u2019accident<br \/>\nde voiture et d\u2019homicide involontaire <a href=\"https:\/\/www.closermag.fr\/vecu\/crime-chez-les-murdaugh-le-fils-coupable-du-mysterieux-meurtre-de-stephen-smith-1704816\" rel=\"noopener\" target=\"_blank\">suite \u00e0 la mort de Stephen Smith<\/a>, avec qui certains lui<br \/>\npr\u00eatent une relation. <strong>Trafic de drogue, corruption,<br \/>\nd\u00e9tournement de fonds, fraude et vol<\/strong> viennent ensuite<br \/>\ns\u2019ajouter \u00e0 la longue liste de crimes dont est accus\u00e9 Alex<br \/>\nMurdaugh. Le 7 juin 2021, la spirale infernale qui a emport\u00e9<br \/>\nl\u2019avocat se termine par <a href=\"https:\/\/www.closermag.fr\/vecu\/horreur-a-halloween-ces-quelques-mots-en-apparence-innocents-qui-ont-provoque-un-double-meurtre-sanglant-3590521\" target=\"_blank\" rel=\"noopener\"><br \/>\nun double meurtre<\/a>. Sa femme Maggie et son fils cadet Paul sont<br \/>\nretrouv\u00e9s morts chez eux.<\/p>\n<p>Attention aux spoilers sur la fin de la s\u00e9rie dans la suite.<br \/>\nDans la s\u00e9rie Murdaugh Murders, Alex est boulevers\u00e9 lorsqu\u2019il<br \/>\nd\u00e9couvre les victimes et <strong>tout laisse penser qu\u2019il n\u2019a rien<br \/>\n\u00e0 voir avec ce crime atroce<\/strong>. Pourtant celles et ceux qui<br \/>\nse sont <a href=\"https:\/\/www.closermag.fr\/vecu\/crime-chez-les-murdaugh-cette-vente-macabre-qui-a-suivi-le-verdict-1704885\" target=\"_blank\" rel=\"noopener\"><br \/>\nrenseign\u00e9s sur la famille Murdaugh<\/a> le savent : l\u2019avocat a bel<br \/>\net bien \u00e9t\u00e9 condamn\u00e9 \u00e0 la prison \u00e0 perp\u00e9tuit\u00e9 sans possibilit\u00e9 de<br \/>\nremise en libert\u00e9 pour le meurtre de sa femme et de son fils.<\/p>\n<p>Plusieurs meurtres et des dizaines de<br \/>\nchefs d\u2019accusation<\/p>\n<p>Bien qu\u2019il ait ni\u00e9 les faits, Alex Murdaugh a \u00e9t\u00e9<br \/>\n<strong>reconnu coupable du double meurtre<\/strong> et se trouve<br \/>\ntoujours en prison. Une conclusion in\u00e9vitable face aux 102 chefs<br \/>\nd\u2019accusation qui le visaient. Outre les meurtres de Maggie et Paul<br \/>\nMurdaugh, celui de Mallory Beach et celui de Stephen Smith, la mort<br \/>\nde la gouvernante de la famille Murdaugh a aussi \u00e9t\u00e9 consid\u00e9r\u00e9e<br \/>\ncomme suspecte pendant plusieurs ann\u00e9es\u2026<\/p>\n","protected":false},"excerpt":{"rendered":"Avis aux amateurs de faits divers et de s\u00e9ries : il est grand temps de jeter un \u0153il&hellip;\n","protected":false},"author":2,"featured_media":529479,"comment_status":"","ping_status":"","sticky":false,"template":"","format":"standard","meta":{"footnotes":""},"categories":[1356],"tags":[58,59,1011,27,3172,44043,252,1364],"class_list":{"0":"post-529478","1":"post","2":"type-post","3":"status-publish","4":"format-standard","5":"has-post-thumbnail","7":"category-television","8":"tag-divertissement","9":"tag-entertainment","10":"tag-fr","11":"tag-france","12":"tag-pekin-express","13":"tag-stephane-rotenberg","14":"tag-television","15":"tag-tv"},"share_on_mastodon":{"url":"https:\/\/pubeurope.com\/@fr\/115537969498915919","error":""},"_links":{"self":[{"href":"https:\/\/www.europesays.com\/fr\/wp-json\/wp\/v2\/posts\/529478","targetHints":{"allow":["GET"]}}],"collection":[{"href":"https:\/\/www.europesays.com\/fr\/wp-json\/wp\/v2\/posts"}],"about":[{"href":"https:\/\/www.europesays.com\/fr\/wp-json\/wp\/v2\/types\/post"}],"author":[{"embeddable":true,"href":"https:\/\/www.europesays.com\/fr\/wp-json\/wp\/v2\/users\/2"}],"replies":[{"embeddable":true,"href":"https:\/\/www.europesays.com\/fr\/wp-json\/wp\/v2\/comments?post=529478"}],"version-history":[{"count":0,"href":"https:\/\/www.europesays.com\/fr\/wp-json\/wp\/v2\/posts\/529478\/revisions"}],"wp:featuredmedia":[{"embeddable":true,"href":"https:\/\/www.europesays.com\/fr\/wp-json\/wp\/v2\/media\/529479"}],"wp:attachment":[{"href":"https:\/\/www.europesays.com\/fr\/wp-json\/wp\/v2\/media?parent=529478"}],"wp:term":[{"taxonomy":"category","embeddable":true,"href":"https:\/\/www.europesays.com\/fr\/wp-json\/wp\/v2\/categories?post=529478"},{"taxonomy":"post_tag","embeddable":true,"href":"https:\/\/www.europesays.com\/fr\/wp-json\/wp\/v2\/tags?post=529478"}],"curies":[{"name":"wp","href":"https:\/\/api.w.org\/{rel}","templated":true}]}}