{"id":529480,"date":"2025-11-12T17:44:14","date_gmt":"2025-11-12T17:44:14","guid":{"rendered":"https:\/\/www.europesays.com\/fr\/529480\/"},"modified":"2025-11-12T17:44:14","modified_gmt":"2025-11-12T17:44:14","slug":"nanterre-le-tournage-dun-clip-de-gims-fait-vivre-une-soiree-agitee-aux-habitants-du-quartier-picasso","status":"publish","type":"post","link":"https:\/\/www.europesays.com\/fr\/529480\/","title":{"rendered":"Nanterre\u00a0: le tournage d\u2019un clip de Gims fait vivre une soir\u00e9e agit\u00e9e aux habitants du quartier Picasso"},"content":{"rendered":"<p class=\"paragraph text_align_left lp-f-body-02\">Le quartier Pablo-Picasso, \u00e0 Nanterre (Hauts-de-Seine), appr\u00e9cie beaucoup <a href=\"https:\/\/www.leparisien.fr\/culture-loisirs\/musique\/le-triomphe-de-gims-en-concert-a-paris-la-defense-arena-on-a-grandi-avec-lui-il-na-que-des-hits-15-12-2024-VXJ4VFJSDZHDVDZ25FWWR4YFPU.php\" target=\"_self\" rel=\"noopener\">Gims<\/a>. Ce qu\u2019il aime moins en revanche, ce sont ses mani\u00e8res. Ou plut\u00f4t les mani\u00e8res de l\u2019\u00e9quipe de production qui, dimanche soir, a investi la fameuse dalle, voisine de celle du Serpent, pour les besoins du tournage d\u2019un clip de rap avec, au menu : musique \u00e0 fond, drift de bolides survitamin\u00e9s et partie commune d\u2019immeuble plong\u00e9e dans le noir.<\/p>\n<p class=\"paragraph text_align_left lp-f-body-02\">Ce <a href=\"https:\/\/www.leparisien.fr\/faits-divers\/proces-du-clip-sauvage-tourne-a-toul-avec-jul-on-souhaitait-juste-mettre-de-la-lumiere-sur-notre-ville-31-05-2023-PQEOA6W2CBENVAVZKYF4IOAKXI.php\" target=\"_self\" rel=\"noopener\">tournage sauvage<\/a>, les habitants de la tour 19, immeuble de grande hauteur qui toise la dalle du Serpent, n\u2019en ont jamais \u00e9t\u00e9 avertis. Ni dans les jours, ni dans les heures qui ont pr\u00e9c\u00e9d\u00e9 l\u2019\u00e9v\u00e9nement. Ce n\u2019est que vers 23 heures, dimanche, apr\u00e8s les premiers crissements de pneus, qu\u2019ils ont compris qu\u2019une soir\u00e9e peu ordinaire se pr\u00e9parait en bas de chez eux.<\/p>\n","protected":false},"excerpt":{"rendered":"Le quartier Pablo-Picasso, \u00e0 Nanterre (Hauts-de-Seine), appr\u00e9cie beaucoup Gims. Ce qu\u2019il aime moins en revanche, ce sont ses&hellip;\n","protected":false},"author":2,"featured_media":529481,"comment_status":"","ping_status":"","sticky":false,"template":"","format":"standard","meta":{"footnotes":""},"categories":[1355],"tags":[58,59,118,1011,27,3314,1944,1361,873],"class_list":{"0":"post-529480","1":"post","2":"type-post","3":"status-publish","4":"format-standard","5":"has-post-thumbnail","7":"category-musique","8":"tag-divertissement","9":"tag-entertainment","10":"tag-faits-divers","11":"tag-fr","12":"tag-france","13":"tag-hauts-de-seine","14":"tag-ma-ville","15":"tag-music","16":"tag-musique"},"share_on_mastodon":{"url":"https:\/\/pubeurope.com\/@fr\/115537973421388259","error":""},"_links":{"self":[{"href":"https:\/\/www.europesays.com\/fr\/wp-json\/wp\/v2\/posts\/529480","targetHints":{"allow":["GET"]}}],"collection":[{"href":"https:\/\/www.europesays.com\/fr\/wp-json\/wp\/v2\/posts"}],"about":[{"href":"https:\/\/www.europesays.com\/fr\/wp-json\/wp\/v2\/types\/post"}],"author":[{"embeddable":true,"href":"https:\/\/www.europesays.com\/fr\/wp-json\/wp\/v2\/users\/2"}],"replies":[{"embeddable":true,"href":"https:\/\/www.europesays.com\/fr\/wp-json\/wp\/v2\/comments?post=529480"}],"version-history":[{"count":0,"href":"https:\/\/www.europesays.com\/fr\/wp-json\/wp\/v2\/posts\/529480\/revisions"}],"wp:featuredmedia":[{"embeddable":true,"href":"https:\/\/www.europesays.com\/fr\/wp-json\/wp\/v2\/media\/529481"}],"wp:attachment":[{"href":"https:\/\/www.europesays.com\/fr\/wp-json\/wp\/v2\/media?parent=529480"}],"wp:term":[{"taxonomy":"category","embeddable":true,"href":"https:\/\/www.europesays.com\/fr\/wp-json\/wp\/v2\/categories?post=529480"},{"taxonomy":"post_tag","embeddable":true,"href":"https:\/\/www.europesays.com\/fr\/wp-json\/wp\/v2\/tags?post=529480"}],"curies":[{"name":"wp","href":"https:\/\/api.w.org\/{rel}","templated":true}]}}