{"id":52949,"date":"2025-04-25T23:27:09","date_gmt":"2025-04-25T23:27:09","guid":{"rendered":"https:\/\/www.europesays.com\/fr\/52949\/"},"modified":"2025-04-25T23:27:09","modified_gmt":"2025-04-25T23:27:09","slug":"previsions-du-samedi-26-avril-2025-7","status":"publish","type":"post","link":"https:\/\/www.europesays.com\/fr\/52949\/","title":{"rendered":"pr\u00e9visions du samedi 26 avril 2025"},"content":{"rendered":"<p>\u00c0 Lille, les temp\u00e9ratures seront de 8\u00b0C au plus bas et de 19\u00b0C au maximum la journ\u00e9e. Un vent de nord-est soufflera l\u00e9g\u00e8rement. Le soleil sera au rendez-vous : une magnifique matin\u00e9e se pr\u00e9sente ! Les temp\u00e9ratures seront de 14\u00b0C. Le ciel sera relativement lumineux, avec quelques \u00e9claircies l&rsquo;apr\u00e8s-midi. Les temp\u00e9ratures vont enregistrer une augmentation de quelques degr\u00e9s. Les valeurs seront comprises entre 17 et 19\u00b0C. Il fera 14\u00b0C en moyenne le soir. Durant la nuit de samedi \u00e0 dimanche, le ciel sera limpide.<\/p>\n<p>Un beau soleil est pr\u00e9vu demain \u00e0 Lille. Le temps va se r\u00e9chauffer avec une hausse de quelques degr\u00e9s. Les temp\u00e9ratures afficheront entre 10 et 21\u00b0C. Un vent de nord-est soufflera l\u00e9g\u00e8rement, avec 9 km\/h dans la matin\u00e9e. Demain apr\u00e8s-midi, c&rsquo;est une hausse de quelques degr\u00e9s que vont conna\u00eetre les temp\u00e9ratures. Les valeurs s&rsquo;\u00e9chelonneront entre 18\u00b0C et 21\u00b0C. Demain soir, un vent de nord rafra\u00eechira l\u00e9g\u00e8rement l&rsquo;atmosph\u00e8re.<\/p>\n<p>Les jours suivants s&rsquo;annoncent identiques. On s&rsquo;attend \u00e0 des journ\u00e9es ensoleill\u00e9es, avec des temp\u00e9ratures dans les 16\u00b0C en moyenne.<\/p>\n<p><\/p>\n","protected":false},"excerpt":{"rendered":"\u00c0 Lille, les temp\u00e9ratures seront de 8\u00b0C au plus bas et de 19\u00b0C au maximum la journ\u00e9e. Un&hellip;\n","protected":false},"author":2,"featured_media":52950,"comment_status":"","ping_status":"","sticky":false,"template":"","format":"standard","meta":{"footnotes":""},"categories":[2815],"tags":[1111,11,1777,674,1011,27,811,1307,12,1308,1309,2119,25],"class_list":{"0":"post-52949","1":"post","2":"type-post","3":"status-publish","4":"format-standard","5":"has-post-thumbnail","7":"category-lille","8":"tag-actu","9":"tag-actualites","10":"tag-eu","11":"tag-europe","12":"tag-fr","13":"tag-france","14":"tag-hauts-de-france","15":"tag-lille","16":"tag-news","17":"tag-nord","18":"tag-nord-pas-de-calais","19":"tag-previsions-meteo","20":"tag-republique-francaise"},"share_on_mastodon":{"url":"https:\/\/pubeurope.com\/@fr\/114401197624430000","error":""},"_links":{"self":[{"href":"https:\/\/www.europesays.com\/fr\/wp-json\/wp\/v2\/posts\/52949","targetHints":{"allow":["GET"]}}],"collection":[{"href":"https:\/\/www.europesays.com\/fr\/wp-json\/wp\/v2\/posts"}],"about":[{"href":"https:\/\/www.europesays.com\/fr\/wp-json\/wp\/v2\/types\/post"}],"author":[{"embeddable":true,"href":"https:\/\/www.europesays.com\/fr\/wp-json\/wp\/v2\/users\/2"}],"replies":[{"embeddable":true,"href":"https:\/\/www.europesays.com\/fr\/wp-json\/wp\/v2\/comments?post=52949"}],"version-history":[{"count":0,"href":"https:\/\/www.europesays.com\/fr\/wp-json\/wp\/v2\/posts\/52949\/revisions"}],"wp:featuredmedia":[{"embeddable":true,"href":"https:\/\/www.europesays.com\/fr\/wp-json\/wp\/v2\/media\/52950"}],"wp:attachment":[{"href":"https:\/\/www.europesays.com\/fr\/wp-json\/wp\/v2\/media?parent=52949"}],"wp:term":[{"taxonomy":"category","embeddable":true,"href":"https:\/\/www.europesays.com\/fr\/wp-json\/wp\/v2\/categories?post=52949"},{"taxonomy":"post_tag","embeddable":true,"href":"https:\/\/www.europesays.com\/fr\/wp-json\/wp\/v2\/tags?post=52949"}],"curies":[{"name":"wp","href":"https:\/\/api.w.org\/{rel}","templated":true}]}}