{"id":529502,"date":"2025-11-12T17:55:16","date_gmt":"2025-11-12T17:55:16","guid":{"rendered":"https:\/\/www.europesays.com\/fr\/529502\/"},"modified":"2025-11-12T17:55:16","modified_gmt":"2025-11-12T17:55:16","slug":"saint-etienne-trois-jours-de-spectacles-gratuits-a-la-comete","status":"publish","type":"post","link":"https:\/\/www.europesays.com\/fr\/529502\/","title":{"rendered":"Saint-Etienne. Trois jours de spectacles gratuits \u00e0 La Com\u00e8te"},"content":{"rendered":"<p><img loading=\"lazy\" decoding=\"async\" alt=\"\u00a9 Pierre Grasset - La f\u00eate de La Com\u00e8te se tiendra \u00e0 Saint-Etienne du vendredi 21 \u00e0 dimanche 23 novembre.\" data-zoom-src=\"https:\/\/www.europesays.com\/fr\/wp-content\/uploads\/2025\/11\/initial-spectacle-rue-equilibriste-saint-etienne.jpg\" data-zoomable=\"\" height=\"702\" src=\"https:\/\/www.europesays.com\/fr\/wp-content\/uploads\/2025\/11\/initial-spectacle-rue-equilibriste-saint-etienne.jpg\" width=\"1248\"\/>  <\/p>\n<p class=\"article-desc\">\u00a9 Pierre Grasset &#8211; La f\u00eate de La Com\u00e8te se tiendra \u00e0 Saint-Etienne du vendredi 21 \u00e0 dimanche 23 novembre. <\/p>\n<p><strong>La F\u00eate de la Com\u00e8te<\/strong>, dans les anciens locaux de La Com\u00e9die de <strong>Saint-Etienne<\/strong>, revient pour une nouvelle \u00e9dition toujours plus festive, avec une<strong> programmation riche et \u00e9clectique<\/strong>. Ouverte \u00e0 tous, cette f\u00eate populaire permettra aux visiteurs de d\u00e9couvrir les coulisses de ce<a href=\"https:\/\/mesinfos.fr\/auvergne-rhone-alpes\/saint-etienne-la-comete-nouvel-acteur-culturel-89269.html\" rel=\"noopener\" target=\"_blank\"> site d\u00e9di\u00e9 \u00e0 la cr\u00e9ation et \u00e0 la pratique artistique<\/a>, avec des <strong>spectacles<\/strong>, des <strong>concerts<\/strong> et des <strong>ateliers <\/strong>pendant trois jours. <\/p>\n<p>De<strong> vendredi 21 \u00e0 dimanche 23 novembre, <\/strong>il y aura au programme : des initiations \u00e0 la cr\u00e9ation graphique, la pratique du chant immersif, de l\u2019\u00e9veil musical parents\/enfants, une d\u00e9couverte du clown et du th\u00e9\u00e2tre burlesque, ou encore des pratiques cr\u00e9atives autour de la danse. <\/p>\n<p>Des spectacles et ateliers pour tous les \u00e2ges et tous les niveaux \u00e0 La Com\u00e8te <\/p>\n<p>Vendredi, le<strong> groupe vocal Cantabile<\/strong> proposera un concert de chants classiques du baroque \u00e0 la musique moderne, le<strong> ch\u0153ur Bouts du monde<\/strong> proposera un voyage musical \u00e0 travers les chants d&rsquo;Europe de l&rsquo;Est. Un atelier d\u2019initiation \u00e0 ces chants est aussi organis\u00e9. Vendredi toujours, les familles pourront aller voir la fable dans\u00e9e et humoristique Croquette entre autres performances, ou encore, samedi d\u00e9couvrir des jeux musicaux entre parents et b\u00e9b\u00e9s.<\/p>\n<p>Le tout avant d\u2019aller \u00e9couter du jazz au Solar. Samedi, au programme Mon royaume pour un cheval, un spectacle acrobatique et po\u00e9tique dans un castelet miniature o\u00f9 th\u00e9\u00e2tre, chanson et cirque se rencontrent, quand, un peu plus tard, un <strong>duo comique <\/strong>abordera la mort avec humour et tendresse dans une <strong>conf\u00e9rence-spectacle d\u00e9cal\u00e9e<\/strong>. <\/p>\n<p>Dimanche, projection du film culte de Charlie Chaplin The Kid, accompagn\u00e9e en direct par un orchestre. <strong>Cot\u00e9s arts de la rue<\/strong>, des compagnies itin\u00e9rantes feront vibrer le quartier entre pi\u00e8ces burlesques,<strong> fanfare <\/strong>rythm\u00e9e inspir\u00e9e du Br\u00e9sil, entre <strong>spectacle d\u00e9ambulatoire <\/strong>dr\u00f4le et musical avec majorettes et fanfare r\u00e9tro. Voila un simple aper\u00e7u du programme du week-end disponible<a href=\"https:\/\/lacomete.saint-etienne.fr\/actus\/fete-de-la-comete\/\" rel=\"noopener\" target=\"_blank\"> sur le site de La Com\u00e8te<\/a>.<\/p>\n","protected":false},"excerpt":{"rendered":"\u00a9 Pierre Grasset &#8211; La f\u00eate de La Com\u00e8te se tiendra \u00e0 Saint-Etienne du vendredi 21 \u00e0 dimanche&hellip;\n","protected":false},"author":2,"featured_media":529503,"comment_status":"","ping_status":"","sticky":false,"template":"","format":"standard","meta":{"footnotes":""},"categories":[9653],"tags":[1111,11,2430,5972,1777,674,1011,27,873,12,36516,25,4001],"class_list":{"0":"post-529502","1":"post","2":"type-post","3":"status-publish","4":"format-standard","5":"has-post-thumbnail","7":"category-saint-etienne","8":"tag-actu","9":"tag-actualites","10":"tag-auvergne-rhone-alpes","11":"tag-danse","12":"tag-eu","13":"tag-europe","14":"tag-fr","15":"tag-france","16":"tag-musique","17":"tag-news","18":"tag-que-faire-ce-week-end-dans-la-loire","19":"tag-republique-francaise","20":"tag-saint-etienne"},"share_on_mastodon":{"url":"https:\/\/pubeurope.com\/@fr\/115538016803723536","error":""},"_links":{"self":[{"href":"https:\/\/www.europesays.com\/fr\/wp-json\/wp\/v2\/posts\/529502","targetHints":{"allow":["GET"]}}],"collection":[{"href":"https:\/\/www.europesays.com\/fr\/wp-json\/wp\/v2\/posts"}],"about":[{"href":"https:\/\/www.europesays.com\/fr\/wp-json\/wp\/v2\/types\/post"}],"author":[{"embeddable":true,"href":"https:\/\/www.europesays.com\/fr\/wp-json\/wp\/v2\/users\/2"}],"replies":[{"embeddable":true,"href":"https:\/\/www.europesays.com\/fr\/wp-json\/wp\/v2\/comments?post=529502"}],"version-history":[{"count":0,"href":"https:\/\/www.europesays.com\/fr\/wp-json\/wp\/v2\/posts\/529502\/revisions"}],"wp:featuredmedia":[{"embeddable":true,"href":"https:\/\/www.europesays.com\/fr\/wp-json\/wp\/v2\/media\/529503"}],"wp:attachment":[{"href":"https:\/\/www.europesays.com\/fr\/wp-json\/wp\/v2\/media?parent=529502"}],"wp:term":[{"taxonomy":"category","embeddable":true,"href":"https:\/\/www.europesays.com\/fr\/wp-json\/wp\/v2\/categories?post=529502"},{"taxonomy":"post_tag","embeddable":true,"href":"https:\/\/www.europesays.com\/fr\/wp-json\/wp\/v2\/tags?post=529502"}],"curies":[{"name":"wp","href":"https:\/\/api.w.org\/{rel}","templated":true}]}}