{"id":529508,"date":"2025-11-12T17:58:17","date_gmt":"2025-11-12T17:58:17","guid":{"rendered":"https:\/\/www.europesays.com\/fr\/529508\/"},"modified":"2025-11-12T17:58:17","modified_gmt":"2025-11-12T17:58:17","slug":"une-visite-en-immersion-au-coeur-de-la-flottille-amphibie-de-la-marine-nationale-en-escale-a-tarascon","status":"publish","type":"post","link":"https:\/\/www.europesays.com\/fr\/529508\/","title":{"rendered":"Une visite en immersion au c\u0153ur de la flottille amphibie de la Marine nationale en escale \u00e0 Tarascon"},"content":{"rendered":"<p>Trente m\u00e8tres de long et treize m\u00e8tres de large, 185 tonnes, une vitesse allant jusqu\u2019\u00e0 trente n\u0153uds\u2026 C\u2019est un engin de d\u00e9barquement <a href=\"https:\/\/www.laprovence.com\/article\/economie\/182746124328314\/hynaero-fait-le-choix-distres-pour-construire-son-nouveau-bombardier-deau-amphibie\" target=\"_blank\" rel=\"noopener\">amphibie<\/a> rapide (Edar), inhabituel dans la commune, qui a accost\u00e9 sur le quai Viking de la halte fluviale ce lundi 10\u00a0novembre. Une d\u00e9l\u00e9gation de la flottille amphibie de la Marine nationale a en effet rejoint Tarascon, sa ville marraine, par le fleuve.<\/p>\n<p>Une visite li\u00e9e aux c\u00e9r\u00e9monies de comm\u00e9moration du 11-Novembre auxquelles une d\u00e9l\u00e9gation de marins participait ce jour-l\u00e0 Cet \u00e9v\u00e9nement marque \u00e9galement les dix ans de jumelage entre la flottille amphibie (Flophib) et la commune de Tarascon, huit ans apr\u00e8s la derni\u00e8re venue d\u2019un tel engin dans la cit\u00e9 de <a href=\"https:\/\/www.laprovence.com\/article\/region\/25548220737815\/tarascon-larrivee-triomphale-de-tartarin\" target=\"_blank\" rel=\"noopener\">Tartarin<\/a>. \u00ab\u00a0Chaque unit\u00e9 de la Marine nationale est jumel\u00e9e avec une ville marraine. La flottille est tr\u00e8s heureuse d\u2019\u00eatre jumel\u00e9e avec Tarascon, qui n\u2019est pas tr\u00e8s loin de nous et qui est une ville \u00e0 taille humaine comme notre unit\u00e9\u00a0\u00bb, s\u2019est r\u00e9joui Barth\u00e9lemy Roux, son commandant.<\/p>\n<p>\u00ab\u00a0Je suis tr\u00e8s heureux de partager notre m\u00e9tier avec les Tarasconnais\u00a0\u00bb<\/p>\n<p>Pour l\u2019occasion, des visites de l\u2019embarcation amphibie ouvertes au public ont \u00e9t\u00e9 organis\u00e9es ce mardi 11\u00a0novembre, entre 15h et 18h. \u00ab\u00a0Une des vocations de la v&#8230;<\/p>\n","protected":false},"excerpt":{"rendered":"Trente m\u00e8tres de long et treize m\u00e8tres de large, 185 tonnes, une vitesse allant jusqu\u2019\u00e0 trente n\u0153uds\u2026 C\u2019est&hellip;\n","protected":false},"author":2,"featured_media":529509,"comment_status":"","ping_status":"","sticky":false,"template":"","format":"standard","meta":{"footnotes":""},"categories":[9619],"tags":[17,1111,11,64849,6521,1777,674,30076,1011,27,14924,6128,12,882,16,25,2310,96,510],"class_list":{"0":"post-529508","1":"post","2":"type-post","3":"status-publish","4":"format-standard","5":"has-post-thumbnail","7":"category-toulon","8":"tag-17","9":"tag-actu","10":"tag-actualites","11":"tag-amphibie","12":"tag-coeur","13":"tag-eu","14":"tag-europe","15":"tag-flottille","16":"tag-fr","17":"tag-france","18":"tag-immersion","19":"tag-marine","20":"tag-news","21":"tag-provence-alpes-cote-dazur","22":"tag-region","23":"tag-republique-francaise","24":"tag-toulon","25":"tag-une","26":"tag-visite"},"share_on_mastodon":{"url":"https:\/\/pubeurope.com\/@fr\/115538028439449088","error":""},"_links":{"self":[{"href":"https:\/\/www.europesays.com\/fr\/wp-json\/wp\/v2\/posts\/529508","targetHints":{"allow":["GET"]}}],"collection":[{"href":"https:\/\/www.europesays.com\/fr\/wp-json\/wp\/v2\/posts"}],"about":[{"href":"https:\/\/www.europesays.com\/fr\/wp-json\/wp\/v2\/types\/post"}],"author":[{"embeddable":true,"href":"https:\/\/www.europesays.com\/fr\/wp-json\/wp\/v2\/users\/2"}],"replies":[{"embeddable":true,"href":"https:\/\/www.europesays.com\/fr\/wp-json\/wp\/v2\/comments?post=529508"}],"version-history":[{"count":0,"href":"https:\/\/www.europesays.com\/fr\/wp-json\/wp\/v2\/posts\/529508\/revisions"}],"wp:featuredmedia":[{"embeddable":true,"href":"https:\/\/www.europesays.com\/fr\/wp-json\/wp\/v2\/media\/529509"}],"wp:attachment":[{"href":"https:\/\/www.europesays.com\/fr\/wp-json\/wp\/v2\/media?parent=529508"}],"wp:term":[{"taxonomy":"category","embeddable":true,"href":"https:\/\/www.europesays.com\/fr\/wp-json\/wp\/v2\/categories?post=529508"},{"taxonomy":"post_tag","embeddable":true,"href":"https:\/\/www.europesays.com\/fr\/wp-json\/wp\/v2\/tags?post=529508"}],"curies":[{"name":"wp","href":"https:\/\/api.w.org\/{rel}","templated":true}]}}