{"id":52951,"date":"2025-04-25T23:28:10","date_gmt":"2025-04-25T23:28:10","guid":{"rendered":"https:\/\/www.europesays.com\/fr\/52951\/"},"modified":"2025-04-25T23:28:10","modified_gmt":"2025-04-25T23:28:10","slug":"un-jeune-handicape-frappe-par-son-auxiliaire-de-vie-a-marseille-les-cameras-ont-tout-filme","status":"publish","type":"post","link":"https:\/\/www.europesays.com\/fr\/52951\/","title":{"rendered":"Un jeune handicap\u00e9 frapp\u00e9 par son auxiliaire de vie \u00e0 Marseille, les cam\u00e9ras ont tout film\u00e9"},"content":{"rendered":"<p>Les images soul\u00e8vent le c\u0153ur, r\u00e9voltent. Elles ont \u00e9t\u00e9 film\u00e9es par une cam\u00e9ra de vid\u00e9osurveillance install\u00e9e au-dessus du lit de Rayan, un Marseillais de 19\u00a0ans <a href=\"https:\/\/www.laprovence.com\/article\/papier\/6575884\/ces-eleves-polyhandicapes-scolarises-a-lecole-ordinaire.html\" target=\"_blank\" rel=\"noopener\">polyhandicap\u00e9<\/a>, priv\u00e9 de parole, atteint de c\u00e9cit\u00e9, et rendu d\u00e9pendant dans chaque acte du quotidien par la paralysie de ses membres. Ce vendredi 4\u00a0avril 2025, Dominique G., son auxiliaire de vie attitr\u00e9 depuis pr\u00e8s de deux ans, pratique comme chaque matin des soins sur le jeune homme. Au fil des mois, ce quadrag\u00e9naire affable, \u00ab\u00a0tr\u00e8s cultiv\u00e9\u00a0\u00bb, et personnellement concern\u00e9 par le handicap &#8211; \u00ab\u00a0sa s\u0153ur est dans cette situation\u00a0\u00bb, glisse Sana, la m\u00e8re de Rayan &#8211; a cr\u00e9\u00e9 un lien privil\u00e9gi\u00e9 avec cette famille du dixi\u00e8me arrondissement de Marseille. \u00ab\u00a0Il venait aux anniversaires des enfants. Quand on allait au restaurant, on l\u2019invitait. Je lui offrais des cadeaux \u00e0 No\u00ebl\u00a0\u00bb, se souvient Sana, gorge nou\u00e9e. \u00ab\u00a0Il \u00e9tait artiste, il chantait, on a m\u00eame fait une fois un karaok\u00e9 tous ensemble\u00a0\u00bb, se souvient Raouf, son conjoint.<\/p>\n","protected":false},"excerpt":{"rendered":"Les images soul\u00e8vent le c\u0153ur, r\u00e9voltent. Elles ont \u00e9t\u00e9 film\u00e9es par une cam\u00e9ra de vid\u00e9osurveillance install\u00e9e au-dessus du&hellip;\n","protected":false},"author":2,"featured_media":52952,"comment_status":"","ping_status":"","sticky":false,"template":"","format":"standard","meta":{"footnotes":""},"categories":[2814],"tags":[17,1111,11,14659,1777,674,274,1011,27,11731,14658,3913,884,12,5912,882,25,3711,4717],"class_list":{"0":"post-52951","1":"post","2":"type-post","3":"status-publish","4":"format-standard","5":"has-post-thumbnail","7":"category-marseille","8":"tag-17","9":"tag-actu","10":"tag-actualites","11":"tag-auxiliaire","12":"tag-eu","13":"tag-europe","14":"tag-faits-divers-justice","15":"tag-fr","16":"tag-france","17":"tag-frappe","18":"tag-handicape","19":"tag-jeune","20":"tag-marseille","21":"tag-news","22":"tag-par","23":"tag-provence-alpes-cote-dazur","24":"tag-republique-francaise","25":"tag-son","26":"tag-vie"},"share_on_mastodon":{"url":"https:\/\/pubeurope.com\/@fr\/114401201587857819","error":""},"_links":{"self":[{"href":"https:\/\/www.europesays.com\/fr\/wp-json\/wp\/v2\/posts\/52951","targetHints":{"allow":["GET"]}}],"collection":[{"href":"https:\/\/www.europesays.com\/fr\/wp-json\/wp\/v2\/posts"}],"about":[{"href":"https:\/\/www.europesays.com\/fr\/wp-json\/wp\/v2\/types\/post"}],"author":[{"embeddable":true,"href":"https:\/\/www.europesays.com\/fr\/wp-json\/wp\/v2\/users\/2"}],"replies":[{"embeddable":true,"href":"https:\/\/www.europesays.com\/fr\/wp-json\/wp\/v2\/comments?post=52951"}],"version-history":[{"count":0,"href":"https:\/\/www.europesays.com\/fr\/wp-json\/wp\/v2\/posts\/52951\/revisions"}],"wp:featuredmedia":[{"embeddable":true,"href":"https:\/\/www.europesays.com\/fr\/wp-json\/wp\/v2\/media\/52952"}],"wp:attachment":[{"href":"https:\/\/www.europesays.com\/fr\/wp-json\/wp\/v2\/media?parent=52951"}],"wp:term":[{"taxonomy":"category","embeddable":true,"href":"https:\/\/www.europesays.com\/fr\/wp-json\/wp\/v2\/categories?post=52951"},{"taxonomy":"post_tag","embeddable":true,"href":"https:\/\/www.europesays.com\/fr\/wp-json\/wp\/v2\/tags?post=52951"}],"curies":[{"name":"wp","href":"https:\/\/api.w.org\/{rel}","templated":true}]}}