{"id":529512,"date":"2025-11-12T18:00:20","date_gmt":"2025-11-12T18:00:20","guid":{"rendered":"https:\/\/www.europesays.com\/fr\/529512\/"},"modified":"2025-11-12T18:00:20","modified_gmt":"2025-11-12T18:00:20","slug":"comment-expliquer-les-croix-gammees-decouvertes-dans-une-ecole-maternelle","status":"publish","type":"post","link":"https:\/\/www.europesays.com\/fr\/529512\/","title":{"rendered":"comment expliquer les croix gamm\u00e9es d\u00e9couvertes dans une \u00e9cole maternelle\u00a0?"},"content":{"rendered":"<p>                    Par<br \/>\n        <strong><br \/>\n            <a href=\"https:\/\/actu.fr\/auteur\/lea-pippinato\" title=\"Consulter tous les articles de L\u00e9a Pippinato\" rel=\"nofollow noopener\" target=\"_blank\">L\u00e9a Pippinato<\/a><br \/>\n                    <\/strong><\/p>\n<p>        Publi\u00e9 le<\/p>\n<p>            12 nov. 2025 \u00e0 18h47        <\/p>\n<p><strong>Le 7 juillet dernier<\/strong>, le personnel de <strong>l\u2019\u00e9cole maternelle du secteur Van Gogh<\/strong>, \u00e0 l\u2019ouest de <strong>Montpellier<\/strong>, d\u00e9couvre <strong>un spectacle d\u00e9solant<\/strong>. Des panneaux de cl\u00f4ture tordus, un portillon ab\u00eem\u00e9, un robinet ext\u00e9rieur arrach\u00e9, des tuiles tomb\u00e9es au sol, des conteneurs \u00e0 ordures renvers\u00e9s et leur contenu \u00e9parpill\u00e9 dans les cours. Sur les murs, <strong>des tags repr\u00e9sentant des croix gamm\u00e9es<\/strong> attirent l\u2019attention. Une dizaine de symboles sont recens\u00e9s. Les faits s\u2019inscrivent dans <strong>une s\u00e9rie de d\u00e9gradations<\/strong> survenues durant le week-end pr\u00e9c\u00e9dent. <strong> Entre le 11 et le 21 juillet<\/strong>, d\u2019autres d\u00e9t\u00e9riorations sont signal\u00e9es.<\/p>\n<p>Deux complices identifi\u00e9s<\/p>\n<p class=\" wall-content\">Les policiers nationaux du groupe scolaire rattach\u00e9 au SLPJ (Service local de police judiciaire) de Montpellier se saisissent du dossier. Un d\u00e9tail attire leur attention : un tag, semblable \u00e0 une signature, semble renvoyer \u00e0 un surnom. Cette piste permet de remonter jusqu\u2019\u00e0 un jeune habitant du secteur de la Paillade. L\u2019enqu\u00eate s\u2019\u00e9tend tout au long de l\u2019\u00e9t\u00e9. Les agents s\u2019efforcent de comprendre l\u2019entourage de cet adolescent de 15 ans. Peu apr\u00e8s la rentr\u00e9e, le jeune homme est convoqu\u00e9 au commissariat. Face aux policiers, il reconna\u00eet sa participation et admet avoir r\u00e9alis\u00e9 la plupart des croix gamm\u00e9es, sans savoir, dit-il, ce qu\u2019elles repr\u00e9sentaient.<\/p>\n<p>    <a href=\"https:\/\/www.google.com\/maps\/embed?pb=!1m18!1m12!1m3!1d23115.34922865283!2d3.8371328!3d43.597823999999996!2m3!1f0!2f0!3f0!3m2!1i1024!2i768!4f13.1!3m3!1m2!1s0x12b6ac248ab9ae69%3A0x41a1dc76bab80777!2sLa%20Paillade%2C%2034080%20Montpellier!5e0!3m2!1sfr!2sfr!4v1762965265352!5m2!1sfr!2sfr\" title=\"Ouvrie le lien\" rel=\"nofollow noopener\" target=\"_blank\">Cliquez ici pour visualiser le contenu<\/a><\/p>\n<p class=\" wall-content\">Fin septembre et d\u00e9but octobre, deux de ses amis sont \u00e0 leur tour entendus. Eux aussi ont 15 ans. Les enqu\u00eateurs \u00e9tablissent qu\u2019ils \u00e9taient pr\u00e9sents lors des faits et ont pris part \u00e0 certaines d\u00e9gradations. Le montant total des d\u00e9gradations<strong> d\u00e9passe le millier d\u2019euros<\/strong>. Le parquet des mineurs est inform\u00e9 et suit de pr\u00e8s l\u2019affaire. D\u00e9but novembre, la d\u00e9cision tombe. Les trois adolescents sont convoqu\u00e9s devant le juge des enfants <strong>le 3 d\u00e9cembre<\/strong>. Ils devront r\u00e9pondre de destruction ou d\u00e9gradation d\u2019un bien appartenant \u00e0 une collectivit\u00e9, mais aussi d\u2019apologie de crimes contre l\u2019humanit\u00e9.<\/p>\n<p class=\" wall-content\">Personnalisez votre actualit\u00e9 en ajoutant vos villes et m\u00e9dias en favori avec <a href=\"https:\/\/moncompte.actu.fr\" title=\"D\u00e9couvez Mon Actu\" rel=\"nofollow noopener\" data-trk=\"{&quot;cta&quot;:{&quot;action&quot;:&quot;https:\\\/\\\/moncompte.actu.fr&quot;,&quot;category&quot;:&quot;mon compte&quot;,&quot;from&quot;:&quot;article footer&quot;,&quot;name&quot;:&quot;Mon actu&quot;,&quot;type&quot;:&quot;cta&quot;}}\" target=\"_blank\">Mon Actu<\/a>.<\/p>\n","protected":false},"excerpt":{"rendered":"Par L\u00e9a Pippinato Publi\u00e9 le 12 nov. 2025 \u00e0 18h47 Le 7 juillet dernier, le personnel de l\u2019\u00e9cole&hellip;\n","protected":false},"author":2,"featured_media":529513,"comment_status":"","ping_status":"","sticky":false,"template":"","format":"standard","meta":{"footnotes":""},"categories":[9599],"tags":[1111,11,1777,674,118,1011,27,303,2208,12,2680,1072,25],"class_list":{"0":"post-529512","1":"post","2":"type-post","3":"status-publish","4":"format-standard","5":"has-post-thumbnail","7":"category-montpellier","8":"tag-actu","9":"tag-actualites","10":"tag-eu","11":"tag-europe","12":"tag-faits-divers","13":"tag-fr","14":"tag-france","15":"tag-justice","16":"tag-montpellier","17":"tag-news","18":"tag-occitanie","19":"tag-police","20":"tag-republique-francaise"},"share_on_mastodon":{"url":"https:\/\/pubeurope.com\/@fr\/115538036195082366","error":""},"_links":{"self":[{"href":"https:\/\/www.europesays.com\/fr\/wp-json\/wp\/v2\/posts\/529512","targetHints":{"allow":["GET"]}}],"collection":[{"href":"https:\/\/www.europesays.com\/fr\/wp-json\/wp\/v2\/posts"}],"about":[{"href":"https:\/\/www.europesays.com\/fr\/wp-json\/wp\/v2\/types\/post"}],"author":[{"embeddable":true,"href":"https:\/\/www.europesays.com\/fr\/wp-json\/wp\/v2\/users\/2"}],"replies":[{"embeddable":true,"href":"https:\/\/www.europesays.com\/fr\/wp-json\/wp\/v2\/comments?post=529512"}],"version-history":[{"count":0,"href":"https:\/\/www.europesays.com\/fr\/wp-json\/wp\/v2\/posts\/529512\/revisions"}],"wp:featuredmedia":[{"embeddable":true,"href":"https:\/\/www.europesays.com\/fr\/wp-json\/wp\/v2\/media\/529513"}],"wp:attachment":[{"href":"https:\/\/www.europesays.com\/fr\/wp-json\/wp\/v2\/media?parent=529512"}],"wp:term":[{"taxonomy":"category","embeddable":true,"href":"https:\/\/www.europesays.com\/fr\/wp-json\/wp\/v2\/categories?post=529512"},{"taxonomy":"post_tag","embeddable":true,"href":"https:\/\/www.europesays.com\/fr\/wp-json\/wp\/v2\/tags?post=529512"}],"curies":[{"name":"wp","href":"https:\/\/api.w.org\/{rel}","templated":true}]}}