{"id":529516,"date":"2025-11-12T18:03:21","date_gmt":"2025-11-12T18:03:21","guid":{"rendered":"https:\/\/www.europesays.com\/fr\/529516\/"},"modified":"2025-11-12T18:03:21","modified_gmt":"2025-11-12T18:03:21","slug":"pres-de-rouen-un-sens-unique-est-experimente-sur-la-route-entre-ces-deux-communes","status":"publish","type":"post","link":"https:\/\/www.europesays.com\/fr\/529516\/","title":{"rendered":"Pr\u00e8s de Rouen, un sens unique est exp\u00e9riment\u00e9 sur la route entre ces deux communes"},"content":{"rendered":"<p>                    Par<br \/>\n        <strong><br \/>\n            <a href=\"https:\/\/actu.fr\/auteur\/isabellevilly\" title=\"Consulter tous les articles de Isabelle Villy\" target=\"_blank\" rel=\"noopener\">Isabelle Villy<\/a><br \/>\n                    <\/strong><\/p>\n<p>        Publi\u00e9 le<\/p>\n<p>            12 nov. 2025 \u00e0 18h10        <\/p>\n<p>Trouver le chemin le plus court en suivant les indications d\u2019un GPS : nombreux sont les usagers de la route \u00e0 tenter ainsi de d\u00e9nicher le raccourci qui leur permettra de gagner quelques minutes ou d\u2019\u00e9viter des embouteillages. Mais cela se fait bien souvent <strong>au d\u00e9triment de riverains<\/strong> qui voient passer dans leur village des flots de v\u00e9hicules, qui g\u00e9n\u00e8rent des nuisances sonores et de l\u2019ins\u00e9curit\u00e9 pour les pi\u00e9tons notamment. C\u2019est la situation qu\u2019exp\u00e9rimente bien malgr\u00e9 elle la commune <a href=\"https:\/\/actu.fr\/normandie\/eslettes_76245\" target=\"_blank\" rel=\"noopener\">d\u2019Eslettes<\/a>,\u00a0<strong>pr\u00e8s de Rouen<\/strong>,\u00a0particuli\u00e8rement sur la rue des Jonquilles, une voie communale qui dessert un lotissement.<\/p>\n<p>Pr\u00e8s de 900 v\u00e9hicules par jour sur un axe non adapt\u00e9<\/p>\n<p class=\" wall-content\">\u00ab La commune d\u2019Eslettes constate <strong>un fort trafic de transit<\/strong> entre l\u2019\u00e9changeur autoroutier N\u00b0 1 de l\u2019autoroute A151 et les communes du bassin nord-ouest de Rouen, <strong>comme Malaunay ou Montville<\/strong> \u00bb, expliquent les services du D\u00e9partement de la Seine-Maritime, qui constatent avec la commune d\u2019Eslettes que \u00ab la RD 251, avec la rue des Jonquilles, constitue un shunt [une d\u00e9viation] pour les usagers de la route, surtout durant les heures de pointe \u00bb.<\/p>\n<p class=\" wall-content\">Ce sont ainsi pr\u00e8s de <strong>900 v\u00e9hicules par jour<\/strong> qui sont enregistr\u00e9s aux heures de pointe sur cet itin\u00e9raire, qui n\u2019a pas vocation \u00e0 accueillir un tel flux de v\u00e9hicules.<\/p>\n<p>Limitation de la vitesse et sens unique<\/p>\n<p class=\" wall-content\">Pour enrayer ce ph\u00e9nom\u00e8ne, le D\u00e9partement de la Seine-Maritime met donc en place, d\u00e8s ce 12\u00a0novembre, et jusqu\u2019au 6\u00a0janvier 2026, une exp\u00e9rimentation de mise en sens unique de la RD251, dans le Fond des Aleurs, entre la rue des Jonquilles et la RD 251.<\/p>\n<p class=\" wall-content\">\u00ab Le sens descendant, d\u2019Eslettes vers Malaunay, <strong>sera interdit \u00e0 tout usager sauf services (secours, forces de l\u2019ordre\u2026)<\/strong> et la desserte des v\u00e9hicules agricoles. Seul le sens Malaunay vers Eslettes sera autoris\u00e9 pour tous les usagers. De plus, une limitation de la vitesse maximale autoris\u00e9e \u00e0 70\u00a0km\/h sera appliqu\u00e9e sur cette section \u00bb, annoncent les services du D\u00e9partement.<\/p>\n<p class=\" wall-content\">La Direction des Routes du D\u00e9partement va poser et entretenir la signalisation ad\u00e9quate et des panneaux d\u2019information ont d\u2019ailleurs d\u00e9j\u00e0 \u00e9t\u00e9 install\u00e9s \u00e0 destination des usagers, aux abords de la commune d\u2019Eslettes.<\/p>\n<p>Suivez l\u2019actualit\u00e9 de Rouen <a href=\"https:\/\/www.whatsapp.com\/channel\/0029VaKfnf99hXF2ddApFB1D\" target=\"_blank\" rel=\"noopener\">sur notre cha\u00eene WhatsApp<\/a> et <a href=\"https:\/\/www.tiktok.com\/@76actu.fr?lang=fr\" target=\"_blank\" rel=\"noopener\">sur notre compte TikTok<\/a><\/p>\n<p class=\" wall-content\">Personnalisez votre actualit\u00e9 en ajoutant vos villes et m\u00e9dias en favori avec <a href=\"https:\/\/moncompte.actu.fr\" title=\"D\u00e9couvez Mon Actu\" rel=\"nofollow noopener\" data-trk=\"{&quot;cta&quot;:{&quot;action&quot;:&quot;https:\\\/\\\/moncompte.actu.fr&quot;,&quot;category&quot;:&quot;mon compte&quot;,&quot;from&quot;:&quot;article footer&quot;,&quot;name&quot;:&quot;Mon actu&quot;,&quot;type&quot;:&quot;cta&quot;}}\" target=\"_blank\">Mon Actu<\/a>.<\/p>\n<p>                    <script async src=\"\/\/www.tiktok.com\/embed.js\"><\/script><\/p>\n","protected":false},"excerpt":{"rendered":"Par Isabelle Villy Publi\u00e9 le 12 nov. 2025 \u00e0 18h10 Trouver le chemin le plus court en suivant&hellip;\n","protected":false},"author":2,"featured_media":529517,"comment_status":"","ping_status":"","sticky":false,"template":"","format":"standard","meta":{"footnotes":""},"categories":[9587],"tags":[1111,11,3542,1777,674,1011,27,803,12,5161,25,9590,104],"class_list":{"0":"post-529516","1":"post","2":"type-post","3":"status-publish","4":"format-standard","5":"has-post-thumbnail","7":"category-rouen","8":"tag-actu","9":"tag-actualites","10":"tag-circulation","11":"tag-eu","12":"tag-europe","13":"tag-fr","14":"tag-france","15":"tag-info-trafic","16":"tag-news","17":"tag-normandie","18":"tag-republique-francaise","19":"tag-rouen","20":"tag-societe"},"share_on_mastodon":{"url":"https:\/\/pubeurope.com\/@fr\/115538048438722315","error":""},"_links":{"self":[{"href":"https:\/\/www.europesays.com\/fr\/wp-json\/wp\/v2\/posts\/529516","targetHints":{"allow":["GET"]}}],"collection":[{"href":"https:\/\/www.europesays.com\/fr\/wp-json\/wp\/v2\/posts"}],"about":[{"href":"https:\/\/www.europesays.com\/fr\/wp-json\/wp\/v2\/types\/post"}],"author":[{"embeddable":true,"href":"https:\/\/www.europesays.com\/fr\/wp-json\/wp\/v2\/users\/2"}],"replies":[{"embeddable":true,"href":"https:\/\/www.europesays.com\/fr\/wp-json\/wp\/v2\/comments?post=529516"}],"version-history":[{"count":0,"href":"https:\/\/www.europesays.com\/fr\/wp-json\/wp\/v2\/posts\/529516\/revisions"}],"wp:featuredmedia":[{"embeddable":true,"href":"https:\/\/www.europesays.com\/fr\/wp-json\/wp\/v2\/media\/529517"}],"wp:attachment":[{"href":"https:\/\/www.europesays.com\/fr\/wp-json\/wp\/v2\/media?parent=529516"}],"wp:term":[{"taxonomy":"category","embeddable":true,"href":"https:\/\/www.europesays.com\/fr\/wp-json\/wp\/v2\/categories?post=529516"},{"taxonomy":"post_tag","embeddable":true,"href":"https:\/\/www.europesays.com\/fr\/wp-json\/wp\/v2\/tags?post=529516"}],"curies":[{"name":"wp","href":"https:\/\/api.w.org\/{rel}","templated":true}]}}