{"id":529518,"date":"2025-11-12T18:04:21","date_gmt":"2025-11-12T18:04:21","guid":{"rendered":"https:\/\/www.europesays.com\/fr\/529518\/"},"modified":"2025-11-12T18:04:21","modified_gmt":"2025-11-12T18:04:21","slug":"quelles-perturbations-prevues-pres-de-rouen","status":"publish","type":"post","link":"https:\/\/www.europesays.com\/fr\/529518\/","title":{"rendered":"quelles perturbations pr\u00e9vues pr\u00e8s de Rouen ?"},"content":{"rendered":"<p class=\"article__intro\">En col\u00e8re, les agriculteurs de tout le pays se mobilisent mercredi 12 novembre contre la baisse des revenus et la concurrence internationale. Le Pr\u00e9sident de la R\u00e9publique s&rsquo;est entretenu avec une d\u00e9l\u00e9gation d&rsquo;exploitants \u00e0 Toulouse. En Normandie, des embouteillages sont \u00e0 craindre.<\/p>\n<p>\n      L\u2019actu des r\u00e9gions\n    <\/p>\n<p>\n      Chaque jour, un tour d\u2019horizon des principales infos de toutes les r\u00e9gions.\n    <\/p>\n<p>    France T\u00e9l\u00e9visions utilise votre adresse e-mail afin de vous envoyer la newsletter \u00ab\u00a0L\u2019actu des r\u00e9gions\u00a0\u00bb. Vous pouvez vous d\u00e9sinscrire \u00e0 tout moment via le lien en bas de cette newsletter. <a target=\"_blank\" href=\"https:\/\/www.francetelevisions.fr\/groupe\/confidentialite\/politique-de-confidentialite\/politique-de-confidentialite-de-france-televisions-6503\" rel=\"nofollow noopener\">Notre politique de confidentialit\u00e9<\/a><\/p>\n<p>Vous l&rsquo;avez peut-\u00eatre d\u00e9j\u00e0 remarqu\u00e9. Depuis 18h et jusqu&rsquo;\u00e0 20h au moins, la circulation est tr\u00e8s perturb\u00e9e autour de Rouen. Les tracteurs d\u00e9filent sur l&rsquo;A150 (sens Barentin-Rouen), la Sud 3 (sens Elbeuf-Rouen), la place Saint-Paul, l&rsquo;A28 et le tunnel de la Grand&rsquo;Mare.<\/p>\n<blockquote class=\"twitter-tweet\">\n<p dir=\"ltr\" lang=\"fr\">\u2139\ufe0f Manifestation des agriculteurs \u00e0 Rouen<br \/>Selon nos derni\u00e8res informations, l&rsquo;autoroute A13 ne sera finalement pas concern\u00e9e par les ralentissements.<br \/>D\u00e8s 18h00 et jusqu&rsquo;\u00e0 20h00 ce jour, les axes suivants seront impact\u00e9s et conna\u00eetront des ralentissements : <br \/>&#8211; A150 dans le sens\u2026 <a href=\"https:\/\/t.co\/07KK2qloAL\" rel=\"nofollow\">https:\/\/t.co\/07KK2qloAL<\/a><\/p>\n<p>\u2014 Pr\u00e9fet de Normandie et de la Seine-Maritime (@Prefet76) <a href=\"https:\/\/twitter.com\/Prefet76\/status\/1988642983328051683?ref_src=twsrc%5Etfw\" rel=\"nofollow noopener\" target=\"_blank\">November 12, 2025<\/a><\/p><\/blockquote>\n<p>Une manifestation qui doit \u00eatre tr\u00e8s suivie et qui se veut symbolique, \u00e0 l&rsquo;image de la col\u00e8re des agriculteurs qui n&rsquo;a fait que s&rsquo;amplifier ces derni\u00e8res semaines.<\/p>\n<p>Les agriculteurs r\u00e9clament des aides face \u00e0 la flamb\u00e9e des charges et la concurrence des produits import\u00e9s. Mais s&rsquo;opposent aussi \u00e0 deux d\u00e9cisions europ\u00e9ennes :<\/p>\n<ul>\n<li>L&rsquo;application de <strong>la taxe MACF, le m\u00e9canisme d&rsquo;ajustement carbone aux fronti\u00e8res<\/strong>, au 1er janvier 2026, qui pourrait entra\u00eener une d\u00e9pense suppl\u00e9mentaire jusqu&rsquo;\u00e0 100 euros par hectare en fonction de la teneur en carbone de certains engrais utilis\u00e9s,<\/li>\n<li>Le futur <strong>accord commercial entre l&rsquo;Union europ\u00e9enne et le Mercosur<\/strong>. Accus\u00e9 d&rsquo;ouvrir la porte \u00e0 des produits agricoles ne respectant pas les m\u00eames normes sanitaires et environnementales que celles impos\u00e9es en France, il suscite une grande inqui\u00e9tude.<\/li>\n<\/ul>\n<p>Le pr\u00e9sident Emmanuel Macron a essay\u00e9 d&rsquo;apaiser les esprits en d\u00e9clarant \u00e0 une d\u00e9l\u00e9gation d&rsquo;agriculteurs toulousains qu'\u00a0\u00bben l&rsquo;\u00e9tat\u00a0\u00bb l&rsquo;accord en question \u00ab\u00a0recueillera un non tr\u00e8s ferme de la France\u00a0\u00bb si les clauses de sauvegardes ne prot\u00e8gent pas mieux les agriculteurs fran\u00e7ais.<\/p>\n<p>Les agriculteurs ont d\u00e9j\u00e0 manifest\u00e9 \u00e0 de multiples reprises depuis deux ans. Il faut donc s&rsquo;attendre \u00e0 des ralentissements importants autour de Rouen, et plus g\u00e9n\u00e9ralement, dans toute la r\u00e9gion.<\/p>\n<p>  <script async src=\"https:\/\/platform.twitter.com\/widgets.js\" charset=\"utf-8\"><\/script><\/p>\n","protected":false},"excerpt":{"rendered":"En col\u00e8re, les agriculteurs de tout le pays se mobilisent mercredi 12 novembre contre la baisse des revenus&hellip;\n","protected":false},"author":2,"featured_media":529519,"comment_status":"","ping_status":"","sticky":false,"template":"","format":"standard","meta":{"footnotes":""},"categories":[9587],"tags":[1111,11,1777,674,1011,27,12,5161,25,9590],"class_list":{"0":"post-529518","1":"post","2":"type-post","3":"status-publish","4":"format-standard","5":"has-post-thumbnail","7":"category-rouen","8":"tag-actu","9":"tag-actualites","10":"tag-eu","11":"tag-europe","12":"tag-fr","13":"tag-france","14":"tag-news","15":"tag-normandie","16":"tag-republique-francaise","17":"tag-rouen"},"share_on_mastodon":{"url":"https:\/\/pubeurope.com\/@fr\/115538052030471724","error":""},"_links":{"self":[{"href":"https:\/\/www.europesays.com\/fr\/wp-json\/wp\/v2\/posts\/529518","targetHints":{"allow":["GET"]}}],"collection":[{"href":"https:\/\/www.europesays.com\/fr\/wp-json\/wp\/v2\/posts"}],"about":[{"href":"https:\/\/www.europesays.com\/fr\/wp-json\/wp\/v2\/types\/post"}],"author":[{"embeddable":true,"href":"https:\/\/www.europesays.com\/fr\/wp-json\/wp\/v2\/users\/2"}],"replies":[{"embeddable":true,"href":"https:\/\/www.europesays.com\/fr\/wp-json\/wp\/v2\/comments?post=529518"}],"version-history":[{"count":0,"href":"https:\/\/www.europesays.com\/fr\/wp-json\/wp\/v2\/posts\/529518\/revisions"}],"wp:featuredmedia":[{"embeddable":true,"href":"https:\/\/www.europesays.com\/fr\/wp-json\/wp\/v2\/media\/529519"}],"wp:attachment":[{"href":"https:\/\/www.europesays.com\/fr\/wp-json\/wp\/v2\/media?parent=529518"}],"wp:term":[{"taxonomy":"category","embeddable":true,"href":"https:\/\/www.europesays.com\/fr\/wp-json\/wp\/v2\/categories?post=529518"},{"taxonomy":"post_tag","embeddable":true,"href":"https:\/\/www.europesays.com\/fr\/wp-json\/wp\/v2\/tags?post=529518"}],"curies":[{"name":"wp","href":"https:\/\/api.w.org\/{rel}","templated":true}]}}