{"id":529524,"date":"2025-11-12T18:07:16","date_gmt":"2025-11-12T18:07:16","guid":{"rendered":"https:\/\/www.europesays.com\/fr\/529524\/"},"modified":"2025-11-12T18:07:16","modified_gmt":"2025-11-12T18:07:16","slug":"le-groupe-the-land-va-t-il-rester-au-sein-du-campus","status":"publish","type":"post","link":"https:\/\/www.europesays.com\/fr\/529524\/","title":{"rendered":"le groupe The Land va-t-il rester au sein du campus\u00a0?"},"content":{"rendered":"<p>                    Par<br \/>\n        <strong><br \/>\n            <a href=\"https:\/\/actu.fr\/auteur\/maxime-turberville\" title=\"Consulter tous les articles de Maxime Turberville\" target=\"_blank\" rel=\"noopener\">Maxime Turberville<\/a><br \/>\n                    <\/strong><\/p>\n<p>        Publi\u00e9 le<\/p>\n<p>            12 nov. 2025 \u00e0 18h12        <\/p>\n<p>La s\u00e9paration entre <a href=\"https:\/\/actu.fr\/bretagne\/vitre_35360\/ille-et-vilaine-divorce-consomme-entre-trois-lycees-agricoles-et-le-groupe-the-land_63418076.html\" target=\"_blank\" rel=\"noopener\"><b>The Land et les lyc\u00e9es agricoles Antoine de Saint-Exup\u00e9ry<\/b><\/a> en Ille-et-Vilaine a \u00e9t\u00e9 act\u00e9e d\u00e9but novembre\u00a02025. Il s\u2019agit des \u00e9tablissements de Vitr\u00e9, La Guerche-de-Bretagne et Rennes. Cette d\u00e9cision peut-elle avoir des cons\u00e9quences sur l\u2019engagement The Land au sein du <b>campus de Vitr\u00e9<\/b>\u2009?<\/p>\n<p>\u00ab\u2009La fin des partenariats\u2009\u00bb r\u00e9clam\u00e9e<\/p>\n<p class=\" wall-content\">Apr\u00e8s ce \u00ab\u2009d\u00e9coupage\u2009\u00bb, des <b>groupes politiques de Gauche<\/b> (LFI, l\u2019Apr\u00e8s, le PCF et le PS) s\u2019interrogent dans un communiqu\u00e9. \u00ab\u2009Quelles formations du groupe The Land vont rester au sein du campus\u2009?\u2009\u00bb Ce dernier a \u00e9t\u00e9 inaugur\u00e9 <a href=\"https:\/\/actu.fr\/bretagne\/vitre_35360\/vitre-de-nouvelles-formations-pour-les-etudiants-des-la-rentree-2026_63222167.html\" target=\"_blank\" rel=\"noopener\">jeudi 25\u00a0septembre<\/a> \u00e0 la place de l\u2019ancien site d\u2019Idemia.<\/p>\n<p class=\" wall-content\">Ces groupes de Gauche, d\u00e9j\u00e0 critiques sur <a href=\"https:\/\/actu.fr\/bretagne\/vitre_35360\/vitre-larrivee-de-lecole-de-commerce-qualifiee-de-fiasco-teddy-regnier-repond_62544667.html\" target=\"_blank\" rel=\"noopener\">le sujet du campus,<\/a> r\u00e9clament par ailleurs \u00ab\u2009la fin des partenariats de Vitr\u00e9 communaut\u00e9 avec IES ou The Land et la mise en place d\u2019une concertation, publique et transparente, pour mettre sur pied un v\u00e9ritable projet pour les infrastructures de cet ancien site industriel.\u2009\u00bb<\/p>\n<p class=\" wall-content\"><a href=\"https:\/\/www.instagram.com\/p\/DQ1AMP4DP04\/embed\" title=\"Ouvrir le lien sur Instagram\" target=\"_blank\" rel=\"noopener\">Visualiser le contenu sur Instagram<\/a><\/p>\n<p>De nouveaux parcours de formation annonc\u00e9s<\/p>\n<p class=\" wall-content\">Interrog\u00e9, le directeur g\u00e9n\u00e9ral du groupe The Land assure que cette d\u00e9cision \u00ab\u2009ne remet nullement en cause la p\u00e9rennit\u00e9 du <b>projet avec Vitr\u00e9 communaut\u00e9<\/b>\u2009\u00bb.<\/p>\n<p class=\" wall-content\">Jean-Marc Esnault assure par ailleurs \u00eatre \u00ab\u2009pleinement convaincu et ravi de la dynamique enclench\u00e9e\u2009\u00bb qui b\u00e9n\u00e9ficie aux jeunes et aux entreprises, \u00ab\u2009des acteurs majeurs dans l\u2019enseignement\u2009\u00bb.<\/p>\n<p class=\" wall-content\">Le directeur g\u00e9n\u00e9ral indique aussi que The Land ne s\u2019installe pas au campus pour \u00ab\u2009ouvrir tout et n\u2019importe quoi\u2009\u00bb.<\/p>\n<p class=\" wall-content\">Il ajoute\u2009: \u00ab\u2009On a \u00e9chang\u00e9 sur les besoins du tissu \u00e9conomique local et des jeunes. <b>Trois-quatre nouveaux parcours<\/b> de formation seront propos\u00e9s \u00e0 la prochaine rentr\u00e9e, en plus de ceux qui existent d\u00e9j\u00e0.\u2009\u00bb<\/p>\n<p>Votre r\u00e9gion, votre actu !<\/p>\n<p>Recevez chaque jour les infos qui comptent pour vous.<\/p>\n<p>\t<a href=\"https:\/\/actu.fr\/newsletter\" class=\"ac-btn ac-btn--corner ac-btn--medium ac-btn--blue800\" target=\"_blank\" rel=\"noopener\">S&rsquo;incrire<\/a><br \/>\n\u00ab\u2009Une strat\u00e9gie ambitieuse\u2009\u00bb<\/p>\n<p class=\" wall-content\">Sollicit\u00e9e \u00e9galement, <b>Vitr\u00e9 communaut\u00e9<\/b> r\u00e9pond par l\u2019interm\u00e9diaire de son pr\u00e9sident, <b>Teddy R\u00e9gnier<\/b>.<\/p>\n<blockquote class=\"ac-article-quote wall-content\">\n<p>Notre projet de campus r\u00e9pond \u00e0 un double besoin\u2009: accueillir dans notre agglom\u00e9ration des formations post-bac et permettre l\u2019installation de jeunes entreprises industrielles. Malgr\u00e9 les difficult\u00e9s que traverse actuellement l\u2019enseignement sup\u00e9rieur, le campus, qui a ouvert ses portes en septembre, accueille une cinquantaine d\u2019\u00e9tudiants et s\u2019appr\u00eate \u00e0 recevoir, d\u2019ici \u00e0 mars prochain, trois start-ups industrielles.<\/p>\n<\/blockquote>\n<p class=\" wall-content\">Au sujet du partenariat avec The Land, l\u2019\u00e9lu ajoute\u2009: \u00ab\u2009Le projet de campus s\u2019inscrit dans une strat\u00e9gie ambitieuse, celle d\u2019un soutien \u00e0 nos dynamiques \u00e9conomique et d\u00e9mographique. Son objectif consiste aussi bien \u00e0 renforcer l\u2019offre locale d\u2019enseignement sup\u00e9rieur, en passant de <b>400 \u00e0 1\u2009000 \u00e9tudiants post-bac<\/b> accueillis sur le territoire, qu\u2019\u00e0 accompagner les jeunes entreprises dans la p\u00e9riode la plus difficile de leur existence\u2009: la cr\u00e9ation. Et si nous pouvons initier des liens entre ces deux univers, c\u2019est encore mieux\u2009! Nous collaborons donc avec l\u2019ensemble des \u00e9tablissements existants, qu\u2019ils soient publics ou priv\u00e9s\u2009; chacun contribuant selon sa sp\u00e9cificit\u00e9 \u00e0 cette dynamique territoriale. The Land, dans ses diff\u00e9rentes composantes, fait partie de ces partenaires.\u2009\u00bb<\/p>\n<p class=\" wall-content\">Personnalisez votre actualit\u00e9 en ajoutant vos villes et m\u00e9dias en favori avec <a href=\"https:\/\/moncompte.actu.fr\" title=\"D\u00e9couvez Mon Actu\" rel=\"nofollow noopener\" data-trk=\"{&quot;cta&quot;:{&quot;action&quot;:&quot;https:\\\/\\\/moncompte.actu.fr&quot;,&quot;category&quot;:&quot;mon compte&quot;,&quot;from&quot;:&quot;article footer&quot;,&quot;name&quot;:&quot;Mon actu&quot;,&quot;type&quot;:&quot;cta&quot;}}\" target=\"_blank\">Mon Actu<\/a>.<\/p>\n<p>                    <script async src=\"\/\/www.instagram.com\/embed.js\"><\/script><\/p>\n","protected":false},"excerpt":{"rendered":"Par Maxime Turberville Publi\u00e9 le 12 nov. 2025 \u00e0 18h12 La s\u00e9paration entre The Land et les lyc\u00e9es&hellip;\n","protected":false},"author":2,"featured_media":529525,"comment_status":"","ping_status":"","sticky":false,"template":"","format":"standard","meta":{"footnotes":""},"categories":[2821],"tags":[1111,11,829,1064,1777,674,1011,27,12,584,25,104],"class_list":{"0":"post-529524","1":"post","2":"type-post","3":"status-publish","4":"format-standard","5":"has-post-thumbnail","7":"category-rennes","8":"tag-actu","9":"tag-actualites","10":"tag-bretagne","11":"tag-etudiantses","12":"tag-eu","13":"tag-europe","14":"tag-fr","15":"tag-france","16":"tag-news","17":"tag-rennes","18":"tag-republique-francaise","19":"tag-societe"},"share_on_mastodon":{"url":"https:\/\/pubeurope.com\/@fr\/115538063908764865","error":""},"_links":{"self":[{"href":"https:\/\/www.europesays.com\/fr\/wp-json\/wp\/v2\/posts\/529524","targetHints":{"allow":["GET"]}}],"collection":[{"href":"https:\/\/www.europesays.com\/fr\/wp-json\/wp\/v2\/posts"}],"about":[{"href":"https:\/\/www.europesays.com\/fr\/wp-json\/wp\/v2\/types\/post"}],"author":[{"embeddable":true,"href":"https:\/\/www.europesays.com\/fr\/wp-json\/wp\/v2\/users\/2"}],"replies":[{"embeddable":true,"href":"https:\/\/www.europesays.com\/fr\/wp-json\/wp\/v2\/comments?post=529524"}],"version-history":[{"count":0,"href":"https:\/\/www.europesays.com\/fr\/wp-json\/wp\/v2\/posts\/529524\/revisions"}],"wp:featuredmedia":[{"embeddable":true,"href":"https:\/\/www.europesays.com\/fr\/wp-json\/wp\/v2\/media\/529525"}],"wp:attachment":[{"href":"https:\/\/www.europesays.com\/fr\/wp-json\/wp\/v2\/media?parent=529524"}],"wp:term":[{"taxonomy":"category","embeddable":true,"href":"https:\/\/www.europesays.com\/fr\/wp-json\/wp\/v2\/categories?post=529524"},{"taxonomy":"post_tag","embeddable":true,"href":"https:\/\/www.europesays.com\/fr\/wp-json\/wp\/v2\/tags?post=529524"}],"curies":[{"name":"wp","href":"https:\/\/api.w.org\/{rel}","templated":true}]}}