{"id":529528,"date":"2025-11-12T18:09:12","date_gmt":"2025-11-12T18:09:12","guid":{"rendered":"https:\/\/www.europesays.com\/fr\/529528\/"},"modified":"2025-11-12T18:09:12","modified_gmt":"2025-11-12T18:09:12","slug":"municipales-2026-cem-yoldas-sera-la-tete-de-liste-du-collectif-strasbourg-cest-nous","status":"publish","type":"post","link":"https:\/\/www.europesays.com\/fr\/529528\/","title":{"rendered":"Municipales 2026. Cem Yoldas sera la t\u00eate de liste du collectif Strasbourg c\u2019est nous\u00a0!"},"content":{"rendered":"<p>\u00ab\u00a0Du fait de mon nom et mon visage, certaines personnes, comme <a href=\"https:\/\/www.dna.fr\/p\/virginie-joron\" target=\"_blank\" rel=\"noopener\">Virginie Joron<\/a>, souhaitent me qualifier de menace communautaire\u00a0\u00bb, d\u00e9marre le jeune homme de 29 ans. \u00ab\u00a0Nous le disons fermement, l\u2019extr\u00eame droite ne dictera pas sa loi \u00e0 Strasbourg, ni la l\u00e9gitimit\u00e9 d\u2019un candidat selon sa couleur de peau.\u00a0\u00bb<\/p>\n<p>La t\u00eate de liste qui vient d\u2019\u00eatre d\u00e9sign\u00e9e ce 7\u00a0novembre par les militants du collectif Strasbourg c\u2019est nous\u00a0! pr\u00e9cise que son engagement en 2017 au sein du mouvement de la <a href=\"https:\/\/www.dna.fr\/politique\/2025\/05\/16\/en-campagne-pour-la-presidence-lr-retailleau-confirme-la-dissolution-de-trois-groupes\" target=\"_blank\" rel=\"noopener\">Jeune Garde<\/a> antifasciste (*) \u00e0 Strasbourg a d\u00e9marr\u00e9 en r\u00e9action \u00e0 l\u2019ouverture du local du Bastion Social \u00ab\u00a0et apr\u00e8s les <a href=\"https:\/\/www.dna.fr\/faits-divers\/2018\/01\/22\/le-bastion-social-empetre-dans-les-violences\" target=\"_blank\" rel=\"noopener\">agressions et intimidations<\/a> de ces n\u00e9onazis\u00a0\u00bb dans la ville.<\/p>\n<p>Les structures qui soutiennent sa candidature sont le Comit\u00e9 de soutien \u00e0 la Jeune Garde, le collectif de soutien aux personnes r\u00e9fugi\u00e9es D\u2019ailleurs nous sommes d\u2019ici, Yeni Demokratik Gen\u00e7lik (Nouvelle jeunesse d\u00e9mocratique, une organisation marxiste de travailleurs de Turquie). Ainsi que L\u2019union pour la reconstruction communiste et le plus connu Nouveau parti anticapitaliste (NPA) de Philippe Poutou. Ce dernier viendra soutenir Cem Yoldas et son \u00e9quipe lors d\u2019un meeting \u00e0 Strasbourg le 8\u00a0d\u00e9cembre.<\/p>\n<p>\u00c9voquant <a href=\"https:\/\/www.dna.fr\/politique\/2025\/11\/05\/source-d-espoir-comment-la-victoire-de-zohran-mamdani-a-new-york-inspire-la-gauche-francaise\" target=\"_blank\" rel=\"noopener\">la victoire de Zohran Mamdani<\/a> \u00e0 l\u2019\u00e9lection municipale de New York, la t\u00eate de liste poursuit\u00a0: \u00ab\u00a0Cette victoire prouve que l\u2019avenir est dans une gauche populaire, multiculturelle, internationaliste et profond\u00e9ment antiraciste\u00a0\u00bb. \u00ab\u00a0\u00c0 Strasbourg, nous incarnerons cette gauche, seule force politique de rupture\u00a0\u00bb, ajoute le jeune homme.<\/p>\n<p>Le ma\u00eetre mot est de r\u00e9pondre aux \u00ab\u00a0espoirs des habitant(e)s, espoirs souvent m\u00e9pris\u00e9s par la municipalit\u00e9 actuelle\u00a0\u00bb, estime le candidat. \u00ab\u00a0Mme Barseghian a faut\u00e9 politiquement et moralement, poursuit-il, en niant avoir connaissance <a href=\"https:\/\/www.dna.fr\/politique\/2025\/11\/04\/polesi-affaire-sans-suite-(et-sans-fin)\" target=\"_blank\" rel=\"noopener\">des accusations visant M. Polesi<\/a> , en rendant des terrains impraticables afin d\u2019emp\u00eacher l\u2019installation de campements de personnes \u00e0 la rue, en refusant d\u2019en finir avec le jumelage de la honte <a href=\"https:\/\/www.dna.fr\/politique\/2025\/06\/24\/vetter-(lr)-obtient-le-degel-du-jumelage-avec-ramat-gan\" target=\"_blank\" rel=\"noopener\">entre Strasbourg et la ville isra\u00e9lienne de Ramat Gan<\/a> \u00a0\u00bb.<\/p>\n<p>  Airbnb dans le viseur<\/p>\n<p>Sans d\u00e9florer tout son programme, le leader de la liste annonce d\u2019ores et d\u00e9j\u00e0 des mesures chocs. Gratuit\u00e9 totale des transports en commun et des cantines scolaires sont en premi\u00e8re ligne des priorit\u00e9s annonc\u00e9es. Ainsi qu\u2019un plan d\u2019urgence sociale pour le logement. \u00c0 base de plafonnement des loyers, de mesures anti Airbnb, et de r\u00e9quisition des logements vacants.<\/p>\n<p>L\u2019ouverture de nouvelles cr\u00e8ches et \u00ab\u00a0un soutien financier ambitieux aux r\u00e9seaux associatifs\u00a0\u00bb accompagnent encore, pour le volet social, \u00ab\u00a0l\u2019installation de restaurants municipaux solidaires\u00a0\u00bb. Sans oublier un souci particulier des quartiers populaires \u00ab\u00a0d\u00e9laiss\u00e9s\u00a0\u00bb, par exemple avec \u00ab\u00a0une v\u00e9g\u00e9talisation plus \u00e9galitaire\u00a0\u00bb.<\/p>\n<p class=\"note\">(*) Cem Yoldas est le porte-parole national de la Jeune Garde, mouvement dissout par le ministre de l\u2019Int\u00e9rieur <a href=\"https:\/\/www.dna.fr\/p\/bruno-retailleau\" target=\"_blank\" rel=\"noopener\">Bruno Retailleau<\/a> en juin dernier et qui a fait appel de cette d\u00e9cision aupr\u00e8s du Conseil d\u2019\u00c9tat.<\/p>\n","protected":false},"excerpt":{"rendered":"\u00ab\u00a0Du fait de mon nom et mon visage, certaines personnes, comme Virginie Joron, souhaitent me qualifier de menace&hellip;\n","protected":false},"author":2,"featured_media":529529,"comment_status":"","ping_status":"","sticky":false,"template":"","format":"standard","meta":{"footnotes":""},"categories":[2820],"tags":[1111,11,1984,2880,5949,4188,1777,674,107,1011,27,775,12,316,25,640,2879],"class_list":{"0":"post-529528","1":"post","2":"type-post","3":"status-publish","4":"format-standard","5":"has-post-thumbnail","7":"category-strasbourg","8":"tag-actu","9":"tag-actualites","10":"tag-conseil-municipal","11":"tag-edition-strasbourg","12":"tag-elections","13":"tag-elections-municipales","14":"tag-eu","15":"tag-europe","16":"tag-fil-info","17":"tag-fr","18":"tag-france","19":"tag-grand-est","20":"tag-news","21":"tag-politique","22":"tag-republique-francaise","23":"tag-strasbourg","24":"tag-strasbourg-ville"},"share_on_mastodon":{"url":"https:\/\/pubeurope.com\/@fr\/115538071706459120","error":""},"_links":{"self":[{"href":"https:\/\/www.europesays.com\/fr\/wp-json\/wp\/v2\/posts\/529528","targetHints":{"allow":["GET"]}}],"collection":[{"href":"https:\/\/www.europesays.com\/fr\/wp-json\/wp\/v2\/posts"}],"about":[{"href":"https:\/\/www.europesays.com\/fr\/wp-json\/wp\/v2\/types\/post"}],"author":[{"embeddable":true,"href":"https:\/\/www.europesays.com\/fr\/wp-json\/wp\/v2\/users\/2"}],"replies":[{"embeddable":true,"href":"https:\/\/www.europesays.com\/fr\/wp-json\/wp\/v2\/comments?post=529528"}],"version-history":[{"count":0,"href":"https:\/\/www.europesays.com\/fr\/wp-json\/wp\/v2\/posts\/529528\/revisions"}],"wp:featuredmedia":[{"embeddable":true,"href":"https:\/\/www.europesays.com\/fr\/wp-json\/wp\/v2\/media\/529529"}],"wp:attachment":[{"href":"https:\/\/www.europesays.com\/fr\/wp-json\/wp\/v2\/media?parent=529528"}],"wp:term":[{"taxonomy":"category","embeddable":true,"href":"https:\/\/www.europesays.com\/fr\/wp-json\/wp\/v2\/categories?post=529528"},{"taxonomy":"post_tag","embeddable":true,"href":"https:\/\/www.europesays.com\/fr\/wp-json\/wp\/v2\/tags?post=529528"}],"curies":[{"name":"wp","href":"https:\/\/api.w.org\/{rel}","templated":true}]}}