{"id":52953,"date":"2025-04-25T23:29:09","date_gmt":"2025-04-25T23:29:09","guid":{"rendered":"https:\/\/www.europesays.com\/fr\/52953\/"},"modified":"2025-04-25T23:29:09","modified_gmt":"2025-04-25T23:29:09","slug":"une-riche-nouvelle-saison-de-falstaff-a-wagner","status":"publish","type":"post","link":"https:\/\/www.europesays.com\/fr\/52953\/","title":{"rendered":"une riche nouvelle saison de \u00ab\u00a0Falstaff\u00a0\u00bb \u00e0 Wagner"},"content":{"rendered":"<p>Lors d\u2019une conf\u00e9rence de presse \u00e0 l\u2019<a href=\"https:\/\/www.laprovence.com\/article\/culture-loisirs\/5753167368642314\/l-opera-de-marseille-fete-100-ans-d-airs-populaires\" target=\"_blank\" rel=\"noopener\">Op\u00e9ra de Marseille<\/a> ce jeudi 24 avril, Jean-Marc Coppola, adjoint \u00e0 la culture, et Maurice Xiberras, directeur g\u00e9n\u00e9ral de l\u2019institution marseillaise, ont pr\u00e9sent\u00e9 le programme de la nouvelle saison lyrique qui se partage entre l\u2019Op\u00e9ra et l\u2019Od\u00e9on. Ils ont soulign\u00e9 une nouvelle programmation \u00ab\u00a0riche et dense\u00a0\u00bb, \u00ab\u00a0en d\u00e9pit de la conjoncture actuelle\u00a0\u00bb, et ont insist\u00e9 sur le fait que les Marseillais \u00ab\u00a0n\u2019ont pas \u00e0 avoir honte\u00a0\u00bb de cette nouvelle affiche.<\/p>\n","protected":false},"excerpt":{"rendered":"Lors d\u2019une conf\u00e9rence de presse \u00e0 l\u2019Op\u00e9ra de Marseille ce jeudi 24 avril, Jean-Marc Coppola, adjoint \u00e0 la&hellip;\n","protected":false},"author":2,"featured_media":52954,"comment_status":"","ping_status":"","sticky":false,"template":"","format":"standard","meta":{"footnotes":""},"categories":[2814],"tags":[17,1111,11,251,1777,674,14661,1011,27,884,12,2043,7165,882,25,14660,3242,96],"class_list":{"0":"post-52953","1":"post","2":"type-post","3":"status-publish","4":"format-standard","5":"has-post-thumbnail","7":"category-marseille","8":"tag-17","9":"tag-actu","10":"tag-actualites","11":"tag-culture","12":"tag-eu","13":"tag-europe","14":"tag-falstaff","15":"tag-fr","16":"tag-france","17":"tag-marseille","18":"tag-news","19":"tag-nouvelle","20":"tag-opera","21":"tag-provence-alpes-cote-dazur","22":"tag-republique-francaise","23":"tag-riche","24":"tag-saison","25":"tag-une"},"share_on_mastodon":{"url":"https:\/\/pubeurope.com\/@fr\/114401205563900179","error":""},"_links":{"self":[{"href":"https:\/\/www.europesays.com\/fr\/wp-json\/wp\/v2\/posts\/52953","targetHints":{"allow":["GET"]}}],"collection":[{"href":"https:\/\/www.europesays.com\/fr\/wp-json\/wp\/v2\/posts"}],"about":[{"href":"https:\/\/www.europesays.com\/fr\/wp-json\/wp\/v2\/types\/post"}],"author":[{"embeddable":true,"href":"https:\/\/www.europesays.com\/fr\/wp-json\/wp\/v2\/users\/2"}],"replies":[{"embeddable":true,"href":"https:\/\/www.europesays.com\/fr\/wp-json\/wp\/v2\/comments?post=52953"}],"version-history":[{"count":0,"href":"https:\/\/www.europesays.com\/fr\/wp-json\/wp\/v2\/posts\/52953\/revisions"}],"wp:featuredmedia":[{"embeddable":true,"href":"https:\/\/www.europesays.com\/fr\/wp-json\/wp\/v2\/media\/52954"}],"wp:attachment":[{"href":"https:\/\/www.europesays.com\/fr\/wp-json\/wp\/v2\/media?parent=52953"}],"wp:term":[{"taxonomy":"category","embeddable":true,"href":"https:\/\/www.europesays.com\/fr\/wp-json\/wp\/v2\/categories?post=52953"},{"taxonomy":"post_tag","embeddable":true,"href":"https:\/\/www.europesays.com\/fr\/wp-json\/wp\/v2\/tags?post=52953"}],"curies":[{"name":"wp","href":"https:\/\/api.w.org\/{rel}","templated":true}]}}