{"id":52955,"date":"2025-04-25T23:30:10","date_gmt":"2025-04-25T23:30:10","guid":{"rendered":"https:\/\/www.europesays.com\/fr\/52955\/"},"modified":"2025-04-25T23:30:10","modified_gmt":"2025-04-25T23:30:10","slug":"lyon-un-grand-campement-de-migrants-bientot-expulse-de-ce-parc-la-colere-monte","status":"publish","type":"post","link":"https:\/\/www.europesays.com\/fr\/52955\/","title":{"rendered":"Lyon. Un grand campement de migrants bient\u00f4t expuls\u00e9 de ce parc : la col\u00e8re monte"},"content":{"rendered":"<p>            Par<br \/>\n        <strong><br \/>\n            <a href=\"https:\/\/actu.fr\/auteur\/anthony-soudani\" title=\"Consulter tous les articles de Anthony Soudani\" target=\"_blank\" rel=\"noopener\">Anthony Soudani<\/a><br \/>\n        <\/strong><\/p>\n<p>        Publi\u00e9 le<\/p>\n<p>            25 avr. 2025 \u00e0 17h42<br \/>\n        ; mis \u00e0 jour le 25 avr. 2025 \u00e0 17h56    <\/p>\n<p>Ils sont au moins <strong>250 et vivent \u00e0 deux dans chaque tente<\/strong>. Le grand campement de migrants s\u2019\u00e9tend sur une partie du jardin des Chartreux, sur les hauteurs du 1er arrondissement de <a href=\"https:\/\/actu.fr\/lyon\/\" target=\"_blank\" rel=\"noopener\">Lyon<\/a>. \u00ab\u00a0Ce n\u2019est pas une belle vue dont ils ont besoin mais un toit\u00a0\u00bb, l\u00e2che <a href=\"https:\/\/actu.fr\/auvergne-rhone-alpes\/lyon_69123\/lyon-boris-tavernier-depute-eelv-du-rhone-oui-je-vais-censurer-michel-barnier_61916983.html\" target=\"_blank\" rel=\"noopener\">Boris Tavernier<\/a>, d\u00e9put\u00e9 \u00e9cologiste de cette circonscription.\u00a0<\/p>\n<p class=\" wall-content\">\u00ab\u00a0Une belle vue\u00a0\u00bb qu\u2019ils vont d\u2019ailleurs devoir quitter. Si ce n\u2019est pas d\u00e9j\u00e0 le cas, ils seront bient\u00f4t expuls\u00e9s. La mairie pr\u00e9voyant des travaux cet \u00e9t\u00e9 dans le parc, le tribunal administratif a autoris\u00e9 la Ville \u00e0 faire appel \u00e0 la force publique \u00e0 partir du 18 mai.<\/p>\n<p class=\" wall-content\">La col\u00e8re monte au sein du collectif Migrants Croix-Rousse et des \u00e9lus. Ces jeunes qui, pour la plupart sont des Africains attendant d\u2019\u00eatre reconnus ou non comme mineurs isol\u00e9s, sont dans une situation \u00ab\u00a0tr\u00e8s difficile\u00a0\u00bb.\u00a0<\/p>\n<p>    <a href=\"https:\/\/www.google.com\/maps\/embed?pb=!1m18!1m12!1m3!1d5566.224200980272!2d4.819176676619579!3d45.76894361305372!2m3!1f0!2f0!3f0!3m2!1i1024!2i768!4f13.1!3m3!1m2!1s0x47f4eb06714bfbfd%3A0xea97cd74c0b30439!2sJardin%20des%20Chartreux%20-%20Clos%20St%20Beno%C3%AEt!5e0!3m2!1sfr!2sfr!4v1745589176195!5m2!1sfr!2sfr\" title=\"Ouvrie le lien\" target=\"_blank\" rel=\"noopener\">Cliquez ici pour visualiser le contenu<\/a><\/p>\n<p>\u00ab\u00a0J\u2019ai \u00e9t\u00e9 victime d\u2019une agression \u00e0 la Part-Dieu\u00a0\u00bb<\/p>\n<p class=\" wall-content\">C\u2019est Issa K. qui en parle le mieux. L\u2019Ivoirien, qui affirme \u00eatre n\u00e9 le 22 novembre 2008 \u00e0 Divo, est arriv\u00e9 en France en d\u00e9cembre 2024. Rapidement, il a rejoint ce campement sauvage. \u00ab\u00a0Nous vivons dans<strong> des conditions p\u00e9nibles<\/strong>, dans de petites tentes \u00e0 deux avec de mauvaises conditions hygi\u00e9niques. Nous sommes expos\u00e9s aux maladies, microbes et virus.\u00a0\u00bb<\/p>\n<p>      <img   decoding=\"async\" loading=\"lazy\" src=\"https:\/\/www.europesays.com\/fr\/wp-content\/uploads\/2025\/04\/campement-migrants-lyon-960x640.jpg\" alt=\"Le campement de migrants du jardin des Chartreux compte 250 jeunes Africains.\" width=\"960\" height=\"640\"\/><br \/>\n    Le campement de migrants du jardin des Chartreux compte 250 jeunes Africains. (\u00a9Anthony Soudani \/ actu Lyon)<\/p>\n<p class=\" wall-content\">Le jeune homme raconte son quotidien. \u00ab\u00a0Depuis ma pr\u00e9sence, <strong>j\u2019ai \u00e9t\u00e9 victime de racisme dans les transports lors des contr\u00f4les <\/strong>et au centre commercial Part-Dieu. J\u2019ai voulu \u00eatre au chaud et charger mon t\u00e9l\u00e9phone un jour de pluie. J\u2019ai \u00e9t\u00e9 agress\u00e9 verbalement et physiquement. J\u2019ai eu des s\u00e9quelles mais gr\u00e2ce aux b\u00e9n\u00e9voles du campement, j\u2019ai eu des soins.\u00a0\u00bb<\/p>\n<p>Des dealers essaient de les recruter pour 120 euros par jour<\/p>\n<p class=\" wall-content\">Issa insiste sur cette vuln\u00e9rabilit\u00e9. Il \u00e9voque la pr\u00e9sence de dealers au jardin des Chartreux qui essaient de les recruter en soir\u00e9e. \u00ab\u00a0Ils nous attendent aux abords du parc et dans le bus C13. Ils nous proposent de dealer avec la somme de 120 euros la journ\u00e9e plus un logement.\u00a0\u00bb<\/p>\n<p class=\" wall-content\">Le jeune Africain explique que pour r\u00e9sister, ils essaient de remonter toutes les informations aux b\u00e9n\u00e9voles. \u00ab\u00a0Gr\u00e2ce \u00e0 eux, on r\u00e9siste.\u00a0\u00bb<\/p>\n<p>      <img   decoding=\"async\" loading=\"lazy\" src=\"https:\/\/www.europesays.com\/fr\/wp-content\/uploads\/2025\/04\/boris-tavernier-et-abdelkader-lamar-960x640.jpg\" alt=\"Boris Tavernier (EELV), pr\u00e9sent vendredi 25 avril au campement avec Abdelkader Lahmar (LFI).\" width=\"960\" height=\"640\"\/><br \/>\n    Boris Tavernier (EELV), pr\u00e9sent vendredi 25 avril au campement avec Abdelkader Lahmar (LFI). (\u00a9Anthony Soudani \/ actu Lyon)Le d\u00e9put\u00e9 Boris Tavernier tacle la pr\u00e9fecture du Rh\u00f4ne<\/p>\n<p>Parmi les 250 migrants pr\u00e9sents au parc, au moins 200 d&rsquo;entre eux sont en recours pour \u00eatre reconnus mineurs isol\u00e9s. Les b\u00e9n\u00e9voles estiment qu&rsquo;au moins 80% auront droit \u00e0 ce statut apr\u00e8s le passage devant un juge pour enfants. \u00ab\u00a0Il manque environ 300 places et ce n&rsquo;est pas du tout insurmontable\u00a0\u00bb, lance un b\u00e9n\u00e9vole du collectif Migrant Croix-Rousse.\u00a0<\/p>\n<p>Boris Tavernier (EELV), pr\u00e9sent vendredi 25 avril au campement avec Abdelkader Lahmar (LFI), affirme que sur ce type de dossier le \u00ab\u00a0moindre \u00e9change est compliqu\u00e9 avec la pr\u00e9fecture. On nous r\u00e9pond : \u00a0\u00bbAppelez le 115 ou on peut financer l\u2019aide au retour\u00a0\u00bb.\u00a0\u00bb<\/p>\n<p>Issa veut \u00ab\u00a0payer ses imp\u00f4ts en France\u00a0\u00bb<\/p>\n<p class=\" wall-content\">Si le campement est expuls\u00e9, Issa l\u2019affirme : ils seront encore \u00ab\u00a0plus expos\u00e9s \u00e0 la rue\u00a0\u00bb. \u00ab\u00a0On veut un logement ad\u00e9quat pour nous, pour notre \u00e2ge, pour l\u2019\u00e9ducation et tout le reste.\u00a0\u00bb Le jeune Ivoirien le clame haut et fort, il veut aller en l\u2019\u00e9cole en France. \u00ab\u00a0Je lis des bouquins, j\u2019\u00e9tudie. J\u2019apprends \u00e0 mieux m\u2019exprimer. <strong>Je veux aller \u00e0 l\u2019\u00e9cole ici, faire ma formation, puis travailler.<\/strong> Je veux m\u00eame payer des imp\u00f4ts et vivre ici.\u00a0\u00bb<\/p>\n<p>La pr\u00e9fecture du Rh\u00f4ne r\u00e9pond<\/p>\n<p>Sollicit\u00e9e, la pr\u00e9fecture du Rh\u00f4ne explique que l\u2019\u00c9tat \u00ab\u00a0finance pr\u00e8s de 27 000 places d\u2019h\u00e9bergement et de logement de transition dans le Rh\u00f4ne\u00a0\u00bb.<\/p>\n<p>\u00ab\u00a0L\u2019engagement financier de l\u2019\u00c9tat s\u2019\u00e9l\u00e8ve \u00e0 hauteur de 110 millions d\u2019euros chaque ann\u00e9e rien que pour le Rh\u00f4ne. En 10 ans, le nombre de places d\u2019h\u00e9bergement d\u2019urgence a augment\u00e9 de 150 %.<\/p>\n<p>En 2024, la Pr\u00e9f\u00e8te a autoris\u00e9 l\u2019ouverture de 300 places suppl\u00e9mentaires qui ont \u00e9t\u00e9 imm\u00e9diatement occup\u00e9es. En d\u00e9cembre 2024, nous avons inaugur\u00e9 un centre d\u2019accueil comprenant 110 places pour les enfants et les femmes victimes de violences. C\u2019est encore une fois un engagement financier de 2 millions d\u2019euros. Aujourd&rsquo;hui, environ 9000 m\u00e9nages attendent un h\u00e9bergement ou un logement accompagn\u00e9 selon la maison de la veille sociale.<\/p>\n<p>Le syst\u00e8me d\u2019h\u00e9bergement d\u2019urgence est satur\u00e9. 32 % des b\u00e9n\u00e9ficiaires sont h\u00e9berg\u00e9s depuis plus de 5 ans. L\u2019objectif de l\u2019\u00c9tat est donc de cr\u00e9er plus de fluidit\u00e9 pour prendre en charge les m\u00e9nages les plus vuln\u00e9rables. La solution la plus responsable ne r\u00e9side pas dans l\u2019ouverture compulsive de places suppl\u00e9mentaires. Nous devons rendre le syst\u00e8me d\u2019h\u00e9bergement d\u2019urgence plus efficace. Chaque sortie effectu\u00e9e vers un autre dispositif ou le logement est une entr\u00e9e pour un m\u00e9nage vuln\u00e9rable \u00e0 la rue.<\/p>\n<p>C\u2019est la raison pour laquelle \u00e0 partir de 2025, la situation de chaque personne int\u00e9grant un h\u00e9bergement d\u2019urgence sera r\u00e9\u00e9valu\u00e9e tous les trois mois dans le cadre de son accompagnement social. Notre priorit\u00e9 en 2025 est aussi de pr\u00e9server un certain nombre de places pour permettre l\u2019accueil des personnes les plus vuln\u00e9rables orient\u00e9es par les maraudes du 115.\u00a0\u00bb<\/p>\n<p>Voir tout<br \/>\n      <img   decoding=\"async\" loading=\"lazy\" src=\"https:\/\/www.europesays.com\/fr\/wp-content\/uploads\/2025\/04\/lyon-campement-migrants-jardin-chartreux-960x640.jpg\" alt=\"Le campement du jardin des Chartreux vit tr\u00e8s certainement ces derniers instants \u00e0 Lyon.\" width=\"960\" height=\"640\"\/><br \/>\n    Le campement du jardin des Chartreux vit tr\u00e8s certainement ces derniers instants \u00e0 Lyon. (\u00a9Anthony Soudani \/ actu Lyon)<\/p>\n<p class=\" wall-content\">En attendant, Issa nourrit un grand d\u00e9sir d\u2019int\u00e9gration. Il souhaite devenir chauffeur poids-lourd. \u00ab\u00a0Je voulais \u00eatre gendarme mais on m\u2019a dit qu\u2019il fallait \u00eatre de nationalit\u00e9 fran\u00e7aise.\u00a0\u00bb<\/p>\n<p class=\" wall-content\">Suivez toute l\u2019actualit\u00e9 de vos villes et m\u00e9dias favoris en vous inscrivant \u00e0 <a href=\"https:\/\/moncompte.actu.fr\" title=\"D\u00e9couvez Mon Actu\" rel=\"nofollow noopener\" data-trk=\"{&quot;cta&quot;:{&quot;action&quot;:&quot;https:\\\/\\\/moncompte.actu.fr&quot;,&quot;category&quot;:&quot;mon compte&quot;,&quot;from&quot;:&quot;article footer&quot;,&quot;name&quot;:&quot;Mon actu&quot;,&quot;type&quot;:&quot;cta&quot;}}\" target=\"_blank\">Mon Actu<\/a>.<\/p>\n","protected":false},"excerpt":{"rendered":"Par Anthony Soudani Publi\u00e9 le 25 avr. 2025 \u00e0 17h42 ; mis \u00e0 jour le 25 avr. 2025&hellip;\n","protected":false},"author":2,"featured_media":52956,"comment_status":"","ping_status":"","sticky":false,"template":"","format":"standard","meta":{"footnotes":""},"categories":[1889],"tags":[1111,11,2430,1777,674,1011,27,1061,2428,1251,12,9450,25,104],"class_list":{"0":"post-52955","1":"post","2":"type-post","3":"status-publish","4":"format-standard","5":"has-post-thumbnail","7":"category-lyon","8":"tag-actu","9":"tag-actualites","10":"tag-auvergne-rhone-alpes","11":"tag-eu","12":"tag-europe","13":"tag-fr","14":"tag-france","15":"tag-immigration","16":"tag-lyon","17":"tag-migrants","18":"tag-news","19":"tag-prefecture-du-rhone","20":"tag-republique-francaise","21":"tag-societe"},"share_on_mastodon":{"url":"https:\/\/pubeurope.com\/@fr\/114401209481184668","error":""},"_links":{"self":[{"href":"https:\/\/www.europesays.com\/fr\/wp-json\/wp\/v2\/posts\/52955","targetHints":{"allow":["GET"]}}],"collection":[{"href":"https:\/\/www.europesays.com\/fr\/wp-json\/wp\/v2\/posts"}],"about":[{"href":"https:\/\/www.europesays.com\/fr\/wp-json\/wp\/v2\/types\/post"}],"author":[{"embeddable":true,"href":"https:\/\/www.europesays.com\/fr\/wp-json\/wp\/v2\/users\/2"}],"replies":[{"embeddable":true,"href":"https:\/\/www.europesays.com\/fr\/wp-json\/wp\/v2\/comments?post=52955"}],"version-history":[{"count":0,"href":"https:\/\/www.europesays.com\/fr\/wp-json\/wp\/v2\/posts\/52955\/revisions"}],"wp:featuredmedia":[{"embeddable":true,"href":"https:\/\/www.europesays.com\/fr\/wp-json\/wp\/v2\/media\/52956"}],"wp:attachment":[{"href":"https:\/\/www.europesays.com\/fr\/wp-json\/wp\/v2\/media?parent=52955"}],"wp:term":[{"taxonomy":"category","embeddable":true,"href":"https:\/\/www.europesays.com\/fr\/wp-json\/wp\/v2\/categories?post=52955"},{"taxonomy":"post_tag","embeddable":true,"href":"https:\/\/www.europesays.com\/fr\/wp-json\/wp\/v2\/tags?post=52955"}],"curies":[{"name":"wp","href":"https:\/\/api.w.org\/{rel}","templated":true}]}}