{"id":529559,"date":"2025-11-12T18:26:24","date_gmt":"2025-11-12T18:26:24","guid":{"rendered":"https:\/\/www.europesays.com\/fr\/529559\/"},"modified":"2025-11-12T18:26:24","modified_gmt":"2025-11-12T18:26:24","slug":"les-aurores-boreales-de-retour-cette-nuit-comment-avoir-une-chance-de-les-observer-a-paris-et-en-ile-de-france","status":"publish","type":"post","link":"https:\/\/www.europesays.com\/fr\/529559\/","title":{"rendered":"Les aurores bor\u00e9ales de retour cette nuit\u00a0: comment avoir une chance de les observer \u00e0 Paris et en \u00cele-de-France\u00a0?"},"content":{"rendered":"<p class=\"paragraph text_align_left lp-f-body-02\">La \u00ab\u00a0temp\u00eate \u00e9lectromagn\u00e9tique\u00a0\u00bb n\u2019est pas termin\u00e9e. Et la nuit prochaine, entre mercredi et jeudi, de nouveaux faisceaux dansants devraient encore illuminer le ciel, sp\u00e9cifiquement dans le nord de la France. Les habitants de Paris et d\u2019\u00cele-de-France auront-ils aussi droit au <a href=\"https:\/\/www.leparisien.fr\/meteo\/les-plus-belles-images-des-aurores-boreales-visibles-cette-nuit-en-france-dautres-a-observer-ce-soir-12-11-2025-ZN4ITL4RWZDWNIVNXSAV7V2S5Q.php\" target=\"_blank\" rel=\"noreferrer nofollow noopener\">spectacle des aurores bor\u00e9ales,<\/a> habituellement r\u00e9serv\u00e9 aux pays nordiques\u00a0?<\/p>\n<p class=\"paragraph text_align_left lp-f-body-02\">En tout cas, les conditions sont r\u00e9unies. L\u2019activit\u00e9 solaire est soutenue depuis plusieurs jours, et a provoqu\u00e9 mardi une importante \u00e9ruption de particules qui, une fois en interaction avec le champ magn\u00e9tique de la Terre, donnent naissance \u00e0 ces aurores bor\u00e9ales rarement visibles sous nos latitudes.<\/p>\n<p><img decoding=\"async\" class=\"image \" loading=\"lazy\" src=\"https:\/\/www.europesays.com\/fr\/wp-content\/uploads\/2025\/11\/CDUGQBWBQZBKFCR5LDRBAHF4RM.jpg\" alt=\"\" align=\"\" data-rubrique-principale=\"\" data-article-type=\"\" fetchpriority=\"auto\"\/><\/p>\n<p class=\"paragraph text_align_left lp-f-body-02\">Et ce n\u2019est pas fini\u00a0: les derni\u00e8res pr\u00e9visions \u00ab\u00a0s\u2019attendent \u00e0 un nouveau pic d\u2019activit\u00e9 pour la soir\u00e9e du mercredi 12\u00a0novembre 2025\u00a0\u00bb, rapporte le site <a href=\"https:\/\/www.meteo-villes.com\/actualites\/aurores-boreales-en-france\" target=\"_blank\" rel=\"noreferrer nofollow noopener\">M\u00e9t\u00e9o-Villes.<\/a> Et d\u2019expliquer\u00a0: \u00ab\u00a0Le KP index, qui mesure l\u2019activit\u00e9 g\u00e9omagn\u00e9tique terrestre, devrait de nouveau atteindre 8 (sur une \u00e9chelle de 9) d\u00e8s le d\u00e9but de soir\u00e9e\u00a0\u00bb. Autre \u00e9l\u00e9ment favorable\u00a0: les cieux nocturnes devraient rester d\u00e9gag\u00e9s la nuit prochaine.<\/p>\n<p>Fuir les lumi\u00e8res de la ville<\/p>\n<p class=\"paragraph text_align_left lp-f-body-02\">Alors, a-t-on une chance de pouvoir profiter de ces magnifiques lumi\u00e8res depuis son balcon parisien\u00a0? Disons-le clairement\u00a0: dans la capitale, il sera difficile, voire impossible, de s\u2019\u00e9merveiller devant un ciel z\u00e9br\u00e9 de rouge, de jaune ou de vert. Tout simplement parce que les lumi\u00e8res de la ville sont trop pr\u00e9sentes, et qu\u2019il faut un ciel sombre pour pouvoir observer le ph\u00e9nom\u00e8ne. De mani\u00e8re g\u00e9n\u00e9rale, il faut \u00e9viter les grandes agglom\u00e9rations et leur pollution lumineuse.<\/p>\n<p class=\"paragraph text_align_left lp-f-body-02\">Reste que la r\u00e9gion Ile-de-France compte de nombreuses zones plus isol\u00e9es et moins \u00e9clair\u00e9es, des champs, des villages, des massifs forestiers\u2026 Pour preuve la nuit derni\u00e8re, plusieurs chanceux ont pu observer les aurores bor\u00e9ales depuis le Val-d\u2019Oise, l\u2019Oise, la Seine-et-Marne\u2026<\/p>\n<p class=\"paragraph text_align_left lp-f-body-02\">Il faut donc s\u2019\u00e9loigner des centres, chercher l\u2019obscurit\u00e9 et regarder vers le nord pour avoir une chance de capter ces lumi\u00e8res. Inutile de mettre son r\u00e9veil \u00e0 3\u00a0heures du matin\u00a0: elles peuvent appara\u00eetre d\u00e8s la tomb\u00e9e de la nuit.<\/p>\n<p class=\"paragraph text_align_left lp-f-body-02\">Les <a href=\"https:\/\/www.bastienfoucher.com\/tutoriels\/guide-aurores-boreales\/\" target=\"_blank\" rel=\"noreferrer nofollow noopener\">sp\u00e9cialistes de l\u2019observation<\/a> pr\u00e9viennent cependant\u00a0: n\u2019imaginez pas vous extasier devant un festival de lumi\u00e8res fluo car \u00e0 l\u2019\u0153il nu, il est possible que les aurores bor\u00e9ales vous paraissent bien timides. C\u2019est votre t\u00e9l\u00e9phone ou appareil photo qui va fixer leurs couleurs, si vous prenez bien soin de le stabiliser au moment de d\u00e9clencher la prise de vue.<\/p>\n","protected":false},"excerpt":{"rendered":"La \u00ab\u00a0temp\u00eate \u00e9lectromagn\u00e9tique\u00a0\u00bb n\u2019est pas termin\u00e9e. Et la nuit prochaine, entre mercredi et jeudi, de nouveaux faisceaux dansants&hellip;\n","protected":false},"author":2,"featured_media":529560,"comment_status":"","ping_status":"","sticky":false,"template":"","format":"standard","meta":{"footnotes":""},"categories":[1592],"tags":[1111,11,1777,674,1011,27,662,1944,2487,12,626,25],"class_list":{"0":"post-529559","1":"post","2":"type-post","3":"status-publish","4":"format-standard","5":"has-post-thumbnail","7":"category-ile-de-france","8":"tag-actu","9":"tag-actualites","10":"tag-eu","11":"tag-europe","12":"tag-fr","13":"tag-france","14":"tag-ile-de-france","15":"tag-ma-ville","16":"tag-meteo","17":"tag-news","18":"tag-paris","19":"tag-republique-francaise"},"share_on_mastodon":{"url":"https:\/\/pubeurope.com\/@fr\/115538139284004179","error":""},"_links":{"self":[{"href":"https:\/\/www.europesays.com\/fr\/wp-json\/wp\/v2\/posts\/529559","targetHints":{"allow":["GET"]}}],"collection":[{"href":"https:\/\/www.europesays.com\/fr\/wp-json\/wp\/v2\/posts"}],"about":[{"href":"https:\/\/www.europesays.com\/fr\/wp-json\/wp\/v2\/types\/post"}],"author":[{"embeddable":true,"href":"https:\/\/www.europesays.com\/fr\/wp-json\/wp\/v2\/users\/2"}],"replies":[{"embeddable":true,"href":"https:\/\/www.europesays.com\/fr\/wp-json\/wp\/v2\/comments?post=529559"}],"version-history":[{"count":0,"href":"https:\/\/www.europesays.com\/fr\/wp-json\/wp\/v2\/posts\/529559\/revisions"}],"wp:featuredmedia":[{"embeddable":true,"href":"https:\/\/www.europesays.com\/fr\/wp-json\/wp\/v2\/media\/529560"}],"wp:attachment":[{"href":"https:\/\/www.europesays.com\/fr\/wp-json\/wp\/v2\/media?parent=529559"}],"wp:term":[{"taxonomy":"category","embeddable":true,"href":"https:\/\/www.europesays.com\/fr\/wp-json\/wp\/v2\/categories?post=529559"},{"taxonomy":"post_tag","embeddable":true,"href":"https:\/\/www.europesays.com\/fr\/wp-json\/wp\/v2\/tags?post=529559"}],"curies":[{"name":"wp","href":"https:\/\/api.w.org\/{rel}","templated":true}]}}