{"id":529561,"date":"2025-11-12T18:27:16","date_gmt":"2025-11-12T18:27:16","guid":{"rendered":"https:\/\/www.europesays.com\/fr\/529561\/"},"modified":"2025-11-12T18:27:16","modified_gmt":"2025-11-12T18:27:16","slug":"a-paris-les-champs-elysees-veulent-reinventer-les-illuminations-de-noel","status":"publish","type":"post","link":"https:\/\/www.europesays.com\/fr\/529561\/","title":{"rendered":"\u00e0 Paris, les Champs-\u00c9lys\u00e9es veulent r\u00e9inventer les illuminations de No\u00ebl"},"content":{"rendered":"<p>                    Par<br \/>\n        <strong><br \/>\n            <a href=\"https:\/\/actu.fr\/auteur\/redaction-paris\" title=\"Consulter tous les articles de R\u00e9daction Paris\" rel=\"nofollow noopener\" target=\"_blank\">R\u00e9daction Paris<\/a><br \/>\n                    <\/strong><\/p>\n<p>        Publi\u00e9 le<\/p>\n<p>            12 nov. 2025 \u00e0 18h30        <\/p>\n<p>Et la capitale deviendra Ville lumi\u00e8re. Dimanche 16\u00a0novembre 2025 \u00e0 18h30 pr\u00e9cis\u00e9ment, <a href=\"https:\/\/actu.fr\/ile-de-france\/paris_75056\/immobilier-l-avenue-des-champs-elysees-est-plus-attractive-que-la-5e-avenue-et-oxford-street_63212848.html\" rel=\"nofollow noopener\" target=\"_blank\">l\u2019avenue des Champs-\u00c9lys\u00e9es<\/a> (8e) brillera de mille feux avec le lancement des <strong>traditionnelles illuminations<\/strong> \u00e0 l\u2019occasion des f\u00eates de fin d\u2019ann\u00e9e. Spectacle, guirlandes, marraine\u2026 Ce mercredi 12\u00a0novembre, le Comit\u00e9 Champs-\u00c9lys\u00e9es a d\u00e9voil\u00e9 le programme des festivit\u00e9s qu\u2019attendent les Parisiens pour cette \u00e9dition 2025, d\u00e9di\u00e9e aux victimes des <a href=\"https:\/\/actu.fr\/tag\/attentats-du-13-novembre\" rel=\"nofollow noopener\" target=\"_blank\">attentats du 13-Novembre<\/a>.<\/p>\n<p>Qui pour succ\u00e9der \u00e0 Tony Estanguet\u2009?<\/p>\n<p class=\" wall-content\">De l\u2019arc de Triomphe \u00e0 la place de la Concorde, l\u2019avenue des Champs-\u00c9lys\u00e9es attire tous les ans des centaines de milliers de visiteurs \u00e0 l\u2019approche de No\u00ebl et du Nouvel an. En 2024, 150\u00a0personnes avaient fait le d\u00e9placement pour assister au coup d\u2019envoi des illuminations et <strong>entre 250\u2009000\u00a0et 300\u2009000 pi\u00e9tons<\/strong> avaient d\u00e9ambul\u00e9 sous les guirlandes de l\u2019avenue.<\/p>\n<p class=\" wall-content\">Apr\u00e8s Tahar Rahim en 2022, Gilles Lellouche en 2023 et <a href=\"https:\/\/actu.fr\/ile-de-france\/paris_75056\/a-paris-les-illuminations-des-champs-elysees-ont-plonge-la-foule-dans-la-magie-de-noel_61910282.html\" rel=\"nofollow noopener\" target=\"_blank\">Tony Estanguet en 2024<\/a>, c\u2019est une femme qui a \u00e9t\u00e9 d\u00e9sign\u00e9e pour \u00eatre la marraine de cette nouvelle \u00e9dition. L\u2019actrice <strong>L\u00e9a Seydoux<\/strong> appuiera sur le fameux bouton d\u2019allumage des illuminations avec la chanteuse Charlotte Cardin \u00e0 ses c\u00f4t\u00e9s. Sous les airs de \u00ab\u2009Tant pis pour elle\u2009\u00bb, le dernier hit de la Montr\u00e9alaise, des \u00e9lus locaux et deux enfants invit\u00e9s par l\u2019association Petits Princes s\u2019associeront \u00e0 l\u2019\u00e9v\u00e9nement.<\/p>\n<p>Une vo\u00fbte lumineuse dans les contre-all\u00e9es<\/p>\n<p class=\" wall-content\">Au niveau du spectacle, Marc-Antoine Jamet, le pr\u00e9sident du Comit\u00e9 Champs-\u00c9lys\u00e9es, se r\u00e9jouit des nouveaut\u00e9s qui attendent les visiteurs. \u00ab\u2009Ce sera <strong>un spectacle qui va bouger<\/strong>, transporter les spectateurs. On est dans une autre dimension\u2009: on \u00e9tait au carr\u00e9, on sera au cube\u2009\u00bb, illustre-t-il.<\/p>\n<p class=\" wall-content\">Depuis deux mois, les techniciens s\u2019activent pour installer 52\u00a0km de nouvelles guirlandes aux branches des 400 arbres de l\u2019avenue. Pour la premi\u00e8re fois, <strong>une vo\u00fbte lumineuse<\/strong> va \u00eatre d\u00e9ploy\u00e9e pour offrir \u00ab\u2009un ciel de lumi\u00e8res\u2009\u00bb dans les contre-all\u00e9es. Pas moins de 2\u2009500\u00a0m\u00e8tres de guirlandes vont s\u2019illuminer au-dessus des pi\u00e9tons. Outre les nouvelles technologies utilis\u00e9es pour permettre des mouvements des LED ou la couleur des guirlandes, un spectacle a \u00e9t\u00e9 imagin\u00e9 par Thierry Reboul, le directeur de la cr\u00e9ation des <a href=\"https:\/\/actu.fr\/ile-de-france\/paris_75056\/ca-rassemble-avec-la-fete-nationale-du-sport-paris-regoute-a-la-ferveur-populaire-des-jeux-olympiques_63160112.html\" rel=\"nofollow noopener\" target=\"_blank\">Jeux olympiques de Paris<\/a>. Baptis\u00e9 \u00ab\u2009St\u00e9r\u00e9ophonies\u2009\u00bb, il est par ailleurs mis en lumi\u00e8re par Thomas Dechandon, designer lumi\u00e8re de la c\u00e9r\u00e9monie d\u2019ouverture des Jeux, avec une musique de Victor le Masne, compositeur de la musique d\u2019inauguration des JO.<\/p>\n<p class=\" wall-content\">Du 16\u00a0novembre 2025 jusqu\u2019au 4\u00a0janvier 2026, des spectacles recommenceront quotidiennement de 18h \u00e0 minuit. \u00ab\u2009Toutes les heures, l\u2019avenue scintillera en m\u00eame temps que la tour Eiffel\u2009\u00bb, a annonc\u00e9 Marc-Antoine Jamet qui a voulu \u00ab<strong>\u2009une sorte de dialogue<\/strong> entre deux ic\u00f4nes\u2009\u00bb. Aussi, toutes les 30\u00a0minutes, le spectacle \u00ab\u2009son et lumi\u00e8re\u2009\u00bb de l\u2019inauguration sera repris pendant six minutes.<\/p>\n<p>Votre r\u00e9gion, votre actu !<\/p>\n<p>Recevez chaque jour les infos qui comptent pour vous.<\/p>\n<p>\t<a href=\"https:\/\/actu.fr\/newsletter\" class=\"ac-btn ac-btn--corner ac-btn--medium ac-btn--blue800\" rel=\"nofollow noopener\" target=\"_blank\">S&rsquo;incrire<\/a><br \/>\nDonner le \u00ab\u2009la\u2009\u00bb<\/p>\n<p class=\" wall-content\">En changeant les guirlandes de l\u2019avenue, le Comit\u00e9 des Champs-\u00c9lys\u00e9es a pu offrir 184 rideaux lumineux de 2024 \u00e0 la Ville de Paris. Celle-ci a pu les r\u00e9partir dans les rues marchandes jusque-l\u00e0 d\u00e9pourvues d\u2019illuminations de No\u00ebl.<\/p>\n<p class=\" wall-content\">Le spectacle de l\u2019avenue des Champs-\u00c9lys\u00e9es <strong>doit \u00ab\u2009donner le la\u2009\u00bb<\/strong> aux festivit\u00e9s des autres art\u00e8res parisiennes. Ainsi, les guirlandes de l\u2019avenue Montaigne et de la rue du Faubourg Saint-Honor\u00e9 s\u2019allumeront le 17\u00a0novembre, suivies de celles de la place Vend\u00f4me, le 19\u00a0novembre, puis du boulevard Haussmann le lendemain.<\/p>\n<p class=\" wall-content\">Personnalisez votre actualit\u00e9 en ajoutant vos villes et m\u00e9dias en favori avec <a href=\"https:\/\/moncompte.actu.fr\" title=\"D\u00e9couvez Mon Actu\" rel=\"nofollow noopener\" data-trk=\"{&quot;cta&quot;:{&quot;action&quot;:&quot;https:\\\/\\\/moncompte.actu.fr&quot;,&quot;category&quot;:&quot;mon compte&quot;,&quot;from&quot;:&quot;article footer&quot;,&quot;name&quot;:&quot;Mon actu&quot;,&quot;type&quot;:&quot;cta&quot;}}\" target=\"_blank\">Mon Actu<\/a>.<\/p>\n","protected":false},"excerpt":{"rendered":"Par R\u00e9daction Paris Publi\u00e9 le 12 nov. 2025 \u00e0 18h30 Et la capitale deviendra Ville lumi\u00e8re. Dimanche 16\u00a0novembre&hellip;\n","protected":false},"author":2,"featured_media":529562,"comment_status":"","ping_status":"","sticky":false,"template":"","format":"standard","meta":{"footnotes":""},"categories":[1888],"tags":[1111,1928,11,1927,6984,1777,674,1011,27,12,1926,15830,626,1925,25,104],"class_list":{"0":"post-529561","1":"post","2":"type-post","3":"status-publish","4":"format-standard","5":"has-post-thumbnail","7":"category-paris","8":"tag-actu","9":"tag-actu-paris","10":"tag-actualites","11":"tag-actualites-paris","12":"tag-champs-elysees","13":"tag-eu","14":"tag-europe","15":"tag-fr","16":"tag-france","17":"tag-news","18":"tag-news-paris","19":"tag-noel","20":"tag-paris","21":"tag-paris-news","22":"tag-republique-francaise","23":"tag-societe"},"share_on_mastodon":{"url":"https:\/\/pubeurope.com\/@fr\/115538142418142623","error":""},"_links":{"self":[{"href":"https:\/\/www.europesays.com\/fr\/wp-json\/wp\/v2\/posts\/529561","targetHints":{"allow":["GET"]}}],"collection":[{"href":"https:\/\/www.europesays.com\/fr\/wp-json\/wp\/v2\/posts"}],"about":[{"href":"https:\/\/www.europesays.com\/fr\/wp-json\/wp\/v2\/types\/post"}],"author":[{"embeddable":true,"href":"https:\/\/www.europesays.com\/fr\/wp-json\/wp\/v2\/users\/2"}],"replies":[{"embeddable":true,"href":"https:\/\/www.europesays.com\/fr\/wp-json\/wp\/v2\/comments?post=529561"}],"version-history":[{"count":0,"href":"https:\/\/www.europesays.com\/fr\/wp-json\/wp\/v2\/posts\/529561\/revisions"}],"wp:featuredmedia":[{"embeddable":true,"href":"https:\/\/www.europesays.com\/fr\/wp-json\/wp\/v2\/media\/529562"}],"wp:attachment":[{"href":"https:\/\/www.europesays.com\/fr\/wp-json\/wp\/v2\/media?parent=529561"}],"wp:term":[{"taxonomy":"category","embeddable":true,"href":"https:\/\/www.europesays.com\/fr\/wp-json\/wp\/v2\/categories?post=529561"},{"taxonomy":"post_tag","embeddable":true,"href":"https:\/\/www.europesays.com\/fr\/wp-json\/wp\/v2\/tags?post=529561"}],"curies":[{"name":"wp","href":"https:\/\/api.w.org\/{rel}","templated":true}]}}