{"id":529571,"date":"2025-11-12T18:32:12","date_gmt":"2025-11-12T18:32:12","guid":{"rendered":"https:\/\/www.europesays.com\/fr\/529571\/"},"modified":"2025-11-12T18:32:12","modified_gmt":"2025-11-12T18:32:12","slug":"lukraine-na-pas-de-raison-davoir-peur-des-bleus-assure-le-defenseur-vitaly-mykolenko","status":"publish","type":"post","link":"https:\/\/www.europesays.com\/fr\/529571\/","title":{"rendered":"l&rsquo;Ukraine n&rsquo;a \u00abpas de raison d&rsquo;avoir peur\u00bb des Bleus, assure le d\u00e9fenseur Vitaly Mykolenko"},"content":{"rendered":"<p>\n    \u00c0 la veille d\u2019affronter l\u2019\u00e9quipe de France au Parc des Princes dans le cadre des qualifications pour le Mondial 2026, le d\u00e9fenseur ukrainien Vitaly Mykolenko a assur\u00e9 que son \u00e9quipe n\u2019avait \u00abpas de raison d\u2019avoir peur\u00bb.<\/p>\n<p class=\"fig-paragraph\">L&rsquo;\u00e9quipe d&rsquo;Ukraine n&rsquo;a \u00abpas de raison d&rsquo;avoir peur\u00bb de la France, a assur\u00e9 le d\u00e9fenseur Vitaly Mykolenko avant le match\u00a0<a href=\"http:\/\/www.lefigaro.fr\/sports\/football\/coupe-du-monde\/france-ukraine-une-soiree-pour-sourire-et-s-envoler-vers-la-coupe-du-monde-2026-20251112\" target=\"_blank\" data-fig-type=\"Article\" rel=\"noopener\" data-gtm-custom-categorie=\"navigation\" data-gtm-custom-action=\"crossclick\" data-gtm-custom-label=\"Contextuel\" data-gtm-event=\"customEventSPE\" data-fig-domain=\"LEFIGARO\">France-Ukraine\u00a0<\/a>des qualifications pour le Mondial 2026, jeudi,\u00a0<a href=\"http:\/\/www.lefigaro.fr\/sports\/football\/coupe-de-france\/coupe-du-monde-2026-la-france-qualifiee-le-13-novembre-si-20251013\" target=\"_blank\" data-fig-type=\"NewsFlash\" rel=\"noopener\" data-gtm-custom-categorie=\"navigation\" data-gtm-custom-action=\"crossclick\" data-gtm-custom-label=\"Contextuel\" data-gtm-event=\"customEventSPE\" data-fig-domain=\"LEFIGARO\">o\u00f9 une victoire des Bleus les qualifierait<\/a>.<\/p>\n<p class=\"fig-paragraph\">\u00abNous n&rsquo;avons pas de raison d&rsquo;avoir peur, il y a du respect pour l&rsquo;adversaire. Nous n&rsquo;allons pas les surestimer, c&rsquo;est une tr\u00e8s bonne \u00e9quipe nationale, avec des joueurs de classe mondiale, mais ce sont des footballeurs comme nous\u00bb, a dit le lat\u00e9ral gauche. Le s\u00e9lectionneur de l&rsquo;Ukraine Serhiy Rebrov s&rsquo;est souvenu que son \u00e9quipe avait eu \u00abdes occasions \u00e0 l&rsquo;aller\u00bb lors de\u00a0<a href=\"http:\/\/www.lefigaro.fr\/sports\/football\/coupe-du-monde\/tombeurs-de-l-ukraine-les-bleus-font-un-premier-pas-vers-le-mondial-2026-20250905\" target=\"_blank\" data-fig-type=\"NewsFlash\" rel=\"noopener\" data-gtm-custom-categorie=\"navigation\" data-gtm-custom-action=\"crossclick\" data-gtm-custom-label=\"Contextuel\" data-gtm-event=\"customEventSPE\" data-fig-domain=\"LEFIGARO\">la victoire des Bleus (2-0)<\/a>. \u00abNous aurions pu \u00e9galiser. Nous avons analys\u00e9 ce match et demain (jeudi), nous essaierons de prendre des points\u00bb.<\/p>\n<p class=\"fig-body-link\">\n            \u00c0 lire aussi<br \/>\n        <a class=\"fig-body-link__link fig-premium-mark\" href=\"http:\/\/www.lefigaro.fr\/sports\/football\/coupe-du-monde\/il-fait-partie-des-meilleurs-dayot-upamecano-le-defenseur-des-bleus-a-l-age-de-la-maturite-20251112\" target=\"_blank\" data-fig-type=\"Article\" rel=\"noopener\" data-gtm-custom-categorie=\"navigation\" data-gtm-custom-action=\"crossclick\" data-gtm-custom-label=\"Contextuel\" data-gtm-event=\"customEventSPE\" data-fig-domain=\"LEFIGARO\"><\/p>\n<p>        \u00abIl fait partie des meilleurs\u00bb\u00a0: Dayot Upamecano, le d\u00e9fenseur des Bleus \u00e0 l\u2019\u00e2ge de la maturit\u00e9<br \/>\n    <\/a>\n<\/p>\n<p>                                    <a class=\"fig-a11y-skip a11y-hidden\" href=\"#fig-a11y-skip-main-inarticle\"><br \/>\n        Passer la publicit\u00e9<br \/>\n    <\/a><\/p>\n<p class=\"fig-paragraph\">Il a rappel\u00e9 que contre la France \u00abl&rsquo;Islande aurait pu marquer \u00e0 la derni\u00e8re minute un but qui n&rsquo;a pas \u00e9t\u00e9 valid\u00e9 (2-1) et a montr\u00e9 comment prendre des points\u00bb \u00e0 Paris. Avec trois longueurs d&rsquo;avance sur l&rsquo;Ukraine \u00e0 deux journ\u00e9es de la fin des qualifications, la France (10 pts) sera qualifi\u00e9e en cas de victoire. En cas de nul, il lui restera un match en Azerba\u00efdjan (1 pt) dimanche pour se qualifier.<\/p>\n<p class=\"fig-paragraph\">L&rsquo;Ukraine (7 pts) peut d\u00e9crocher la place de deuxi\u00e8me, qui envoie en barrages, en devan\u00e7ant l&rsquo;Islande (4 pts), son dernier adversaire lors de l&rsquo;ultime journ\u00e9e. \u00abNous ne pouvons pas penser maintenant au match contre l&rsquo;Islande, a pr\u00e9venu Rebrov. Je suis s\u00fbr que demain, les joueurs qui entreront sur le terrain joueront au maximum pour prendre des points contre l&rsquo;\u00e9quipe de France.\u00bb<\/p>\n","protected":false},"excerpt":{"rendered":"\u00c0 la veille d\u2019affronter l\u2019\u00e9quipe de France au Parc des Princes dans le cadre des qualifications pour le&hellip;\n","protected":false},"author":2,"featured_media":529572,"comment_status":"","ping_status":"","sticky":false,"template":"","format":"standard","meta":{"footnotes":""},"categories":[1590],"tags":[11,64,6713,1777,674,12,220],"class_list":{"0":"post-529571","1":"post","2":"type-post","3":"status-publish","4":"format-standard","5":"has-post-thumbnail","7":"category-ukraine","8":"tag-actualites","9":"tag-equipe-de-france","10":"tag-equipe-de-france-de-football","11":"tag-eu","12":"tag-europe","13":"tag-news","14":"tag-ukraine"},"share_on_mastodon":{"url":"https:\/\/pubeurope.com\/@fr\/115538162173425763","error":""},"_links":{"self":[{"href":"https:\/\/www.europesays.com\/fr\/wp-json\/wp\/v2\/posts\/529571","targetHints":{"allow":["GET"]}}],"collection":[{"href":"https:\/\/www.europesays.com\/fr\/wp-json\/wp\/v2\/posts"}],"about":[{"href":"https:\/\/www.europesays.com\/fr\/wp-json\/wp\/v2\/types\/post"}],"author":[{"embeddable":true,"href":"https:\/\/www.europesays.com\/fr\/wp-json\/wp\/v2\/users\/2"}],"replies":[{"embeddable":true,"href":"https:\/\/www.europesays.com\/fr\/wp-json\/wp\/v2\/comments?post=529571"}],"version-history":[{"count":0,"href":"https:\/\/www.europesays.com\/fr\/wp-json\/wp\/v2\/posts\/529571\/revisions"}],"wp:featuredmedia":[{"embeddable":true,"href":"https:\/\/www.europesays.com\/fr\/wp-json\/wp\/v2\/media\/529572"}],"wp:attachment":[{"href":"https:\/\/www.europesays.com\/fr\/wp-json\/wp\/v2\/media?parent=529571"}],"wp:term":[{"taxonomy":"category","embeddable":true,"href":"https:\/\/www.europesays.com\/fr\/wp-json\/wp\/v2\/categories?post=529571"},{"taxonomy":"post_tag","embeddable":true,"href":"https:\/\/www.europesays.com\/fr\/wp-json\/wp\/v2\/tags?post=529571"}],"curies":[{"name":"wp","href":"https:\/\/api.w.org\/{rel}","templated":true}]}}