{"id":529575,"date":"2025-11-12T18:34:13","date_gmt":"2025-11-12T18:34:13","guid":{"rendered":"https:\/\/www.europesays.com\/fr\/529575\/"},"modified":"2025-11-12T18:34:13","modified_gmt":"2025-11-12T18:34:13","slug":"son-protege-emilien-est-devenu-u","status":"publish","type":"post","link":"https:\/\/www.europesays.com\/fr\/529575\/","title":{"rendered":"son prot\u00e9g\u00e9 \u00c9milien est devenu u &#8230;"},"content":{"rendered":"<p>EN BREF<\/p>\n<ul class=\"bloc_resume_post_list\">\n<li>\u00c9milien, grand champion des 12 Coups de midi, a fait la<br \/>\nune du prestigieux journal britannique The Guardian.<\/li>\n<li>Le m\u00e9dia anglais salue son parcours exceptionnel et le<br \/>\ncompare \u00e0 une source de stabilit\u00e9 dans la France en crise<br \/>\npolitique.<\/li>\n<li>Jean-Luc Reichmann, tr\u00e8s fier, a partag\u00e9 cette<br \/>\nreconnaissance internationale sur ses r\u00e9seaux sociaux.<\/li>\n<\/ul>\n<p data-start=\"388\" data-end=\"941\">\u00c0 seulement 21 ans, \u00c9milien a<br \/>\nmarqu\u00e9 \u00e0 jamais l\u2019histoire des 12 Coups de midi. \u00c9tudiant en histoire, passionn\u00e9 et<br \/>\n<a href=\"https:\/\/www.telestar.fr\/people\/les-12-coups-de-midi-grande-premiere-pour-limpassible-emilien-il-perd-son-calme-en-plein-live-1743096\" target=\"_blank\" rel=\"noopener\"><br \/>\nd\u2019un calme \u00e0 (presque) toute \u00e9preuve<\/a>, il est devenu en 2025<br \/>\n<strong>le plus grand champion de l\u2019histoire de ce jeu culte de<br \/>\nTF1.<\/strong> Arriv\u00e9 sur le plateau de Jean-Luc Reichmann le 25<br \/>\nseptembre 2023, il n\u2019est reparti que le 6 juillet 2025, apr\u00e8s<br \/>\n<a href=\"https:\/\/www.telestar.fr\/actu_tv\/les-12-coups-de-midi-cest-tres-long-emilien-ne-mache-pas-ses-mots-sur-les-emissions-speciales-1744149\" target=\"_blank\" rel=\"noopener\"><br \/>\n647 participations !<\/a> Son parcours est tout simplement<br \/>\nexceptionnel : plus de 2,5 millions d\u2019euros de gains et de cadeaux,<br \/>\nun record absolu qui \u00e9crase m\u00eame celui de Bruno Hourcade, pr\u00e9c\u00e9dent<br \/>\nchampion embl\u00e9matique.<\/p>\n<p data-start=\"943\" data-end=\"1195\">Alors forc\u00e9ment, avec un tel<br \/>\npalmar\u00e8s, le jeune Vend\u00e9en est devenu une v\u00e9ritable star dans<br \/>\nl\u2019Hexagone. Visiblement, son succ\u00e8s a d\u00e9pass\u00e9 les fronti\u00e8res,<br \/>\n<strong>pour le plus grand bonheur de Jean-Luc Reichmann<\/strong>,<br \/>\nqui lui porte une attention toute particuli\u00e8re.<\/p>\n<p><strong data-start=\"1206\" data-end=\"1263\">Les 12 Coups de midi : \u00c9milien en une de The<br \/>\nGuardian<\/strong><\/p>\n<p data-start=\"1265\" data-end=\"1671\">Si \u00c9milien a \u00e9t\u00e9 \u00e9limin\u00e9 du<br \/>\njeu il y a quelques mois, il reste le plus grand champion d\u2019un jeu<br \/>\nt\u00e9l\u00e9vis\u00e9. Son incroyable parcours lui a valu d\u2019\u00eatre interview\u00e9 dans<br \/>\nde nombreux m\u00e9dias fran\u00e7ais. D\u00e9but novembre, c\u2019est un c\u00e9l\u00e8bre<br \/>\njournal anglais qui s\u2019est int\u00e9ress\u00e9 au profil de l\u2019ancien Ma\u00eetre de<br \/>\nmidi. En effet, <strong>\u00c9milien a r\u00e9cemment fait la une de<br \/>\nThe Guardian,<\/strong><br \/>\nl\u2019un des titres les plus lus au Royaume-Uni.<\/p>\n<p data-start=\"1673\" data-end=\"1964\">Si l\u2019\u00e9tudiant en histoire se<br \/>\nsent tr\u00e8s probablement honor\u00e9, Jean-Luc Reichmann, le pr\u00e9sentateur<br \/>\nembl\u00e9matique du jeu, est tr\u00e8s fier de son prot\u00e9g\u00e9 : \u201c\u00c9milien fait la Une de \u2018The<br \/>\nGuardian\u2019\u201d, \u00e9crit-il sur X, en publiant une <strong>photo de<br \/>\nla couverture du magazine<\/strong>, t\u00e9moignant ainsi de sa<br \/>\nfiert\u00e9.<\/p>\n<blockquote class=\"twitter-tweet\"><p><a class=\"twitter-link\" rel=\"noindex, nofollow noopener\" href=\"https:\/\/twitter.com\/JL_Reichmann\/status\/1986470696776507821\" target=\"_blank\"><\/p><\/blockquote>\n<p><strong data-start=\"1975\" data-end=\"2045\">La comparaison<br \/>\nsurprenante entre \u00c9milien et la politique fran\u00e7aise<\/strong><\/p>\n<p data-start=\"2047\" data-end=\"2422\">Dans leur article, les<br \/>\njournalistes ont retrac\u00e9 son incroyable parcours, en faisant un<br \/>\nparall\u00e8le surprenant avec la situation politique de la France,<br \/>\nestimant que ses victoires successives \u201c\u00e9taient devenues une rare source de stabilit\u00e9 dans<br \/>\nun pays en pleine crise politique : pendant qu\u2019il participait \u00e0<br \/>\nl\u2019\u00e9mission, la France a vu se succ\u00e9der quatre Premiers<br \/>\nministres.\u201d<\/p>\n<p data-start=\"2424\" data-end=\"2870\">Pour cet article, <a href=\"https:\/\/www.telestar.fr\/actu_tv\/les-12-coups-de-midi-les-journalistes-britanniques-quemilien-a-accueillis-chez-lui-sont-repartis-choques-1744360\" target=\"_blank\" rel=\"noopener\"><br \/>\n\u00c9milien a re\u00e7u les journalistes du Guardian chez lui<\/a> et leur a montr\u00e9 son fameux<br \/>\ndocument Google de 180 pages, dans lequel figurent des questions et<br \/>\ndes r\u00e9ponses de culture g\u00e9n\u00e9rale. Et m\u00eame apr\u00e8s plus d\u2019un an et<br \/>\ndemi \u00e0 r\u00e9pondre quotidiennement \u00e0 des questions de culture<br \/>\ng\u00e9n\u00e9rale, il aime toujours autant cette activit\u00e9 et peut<br \/>\n\u201c<strong>rester assis et<br \/>\nr\u00e9pondre \u00e0 des quiz pendant 16 \u00e0 17 heures par jour sans faire<br \/>\nautre chose.\u201d<\/strong><\/p>\n<p><script async src=\"https:\/\/platform.twitter.com\/widgets.js\" charset=\"utf-8\"><\/script><\/p>\n","protected":false},"excerpt":{"rendered":"EN BREF \u00c9milien, grand champion des 12 Coups de midi, a fait la une du prestigieux journal britannique&hellip;\n","protected":false},"author":2,"featured_media":529576,"comment_status":"","ping_status":"","sticky":false,"template":"","format":"standard","meta":{"footnotes":""},"categories":[1588],"tags":[11,548,8555,1777,674,465,466,12,473,1853,1851,1850,1852],"class_list":{"0":"post-529575","1":"post","2":"type-post","3":"status-publish","4":"format-standard","5":"has-post-thumbnail","7":"category-royaume-uni","8":"tag-actualites","9":"tag-article-simple","10":"tag-emilien","11":"tag-eu","12":"tag-europe","13":"tag-jean-luc-reichmann","14":"tag-les-12-coups-de-midi","15":"tag-news","16":"tag-royaume-uni","17":"tag-royaume-uni-de-grande-bretagne-et-dirlande-du-nord","18":"tag-uk","19":"tag-united-kingdom","20":"tag-united-kingdom-of-great-britain-and-northern-ireland"},"share_on_mastodon":{"url":"https:\/\/pubeurope.com\/@fr\/115538170017103207","error":""},"_links":{"self":[{"href":"https:\/\/www.europesays.com\/fr\/wp-json\/wp\/v2\/posts\/529575","targetHints":{"allow":["GET"]}}],"collection":[{"href":"https:\/\/www.europesays.com\/fr\/wp-json\/wp\/v2\/posts"}],"about":[{"href":"https:\/\/www.europesays.com\/fr\/wp-json\/wp\/v2\/types\/post"}],"author":[{"embeddable":true,"href":"https:\/\/www.europesays.com\/fr\/wp-json\/wp\/v2\/users\/2"}],"replies":[{"embeddable":true,"href":"https:\/\/www.europesays.com\/fr\/wp-json\/wp\/v2\/comments?post=529575"}],"version-history":[{"count":0,"href":"https:\/\/www.europesays.com\/fr\/wp-json\/wp\/v2\/posts\/529575\/revisions"}],"wp:featuredmedia":[{"embeddable":true,"href":"https:\/\/www.europesays.com\/fr\/wp-json\/wp\/v2\/media\/529576"}],"wp:attachment":[{"href":"https:\/\/www.europesays.com\/fr\/wp-json\/wp\/v2\/media?parent=529575"}],"wp:term":[{"taxonomy":"category","embeddable":true,"href":"https:\/\/www.europesays.com\/fr\/wp-json\/wp\/v2\/categories?post=529575"},{"taxonomy":"post_tag","embeddable":true,"href":"https:\/\/www.europesays.com\/fr\/wp-json\/wp\/v2\/tags?post=529575"}],"curies":[{"name":"wp","href":"https:\/\/api.w.org\/{rel}","templated":true}]}}