{"id":529577,"date":"2025-11-12T18:35:13","date_gmt":"2025-11-12T18:35:13","guid":{"rendered":"https:\/\/www.europesays.com\/fr\/529577\/"},"modified":"2025-11-12T18:35:13","modified_gmt":"2025-11-12T18:35:13","slug":"pascal-praud-et-vous-boualem-sansal-est-un-auteur-qui-est-tres-lu-en-allemagne-note-arnaud-benedetti","status":"publish","type":"post","link":"https:\/\/www.europesays.com\/fr\/529577\/","title":{"rendered":"Pascal Praud et vous &#8211; \u00abBoualem Sansal est un auteur qui est tr\u00e8s lu en Allemagne\u00bb, note Arnaud Benedetti"},"content":{"rendered":"<p class=\"intro \">La pr\u00e9sidence alg\u00e9rienne a donn\u00e9 suite \u00e0 une demande de Berlin pour accorder la gr\u00e2ce \u00e0 Boualem Sansal, l&rsquo;\u00e9crivain franco-alg\u00e9rien d\u00e9tenu depuis plus d&rsquo;un an en Alg\u00e9rie. Dans l&rsquo;\u00e9mission \u00ab\u00a0Pascal Praud et vous\u00a0\u00bb, Arnaud Benedetti souligne la reconnaissance de l&rsquo;\u00e9crivain en Allemagne. R\u00e9\u00e9coutez l&rsquo;extrait. Vous pouvez r\u00e9agir au 01.80.20.39.21.<\/p>\n<p>L&rsquo;Alg\u00e9rie s&rsquo;est entendue avec l&rsquo;Allemagne pour accorder <a href=\"https:\/\/www.europe1.fr\/politique\/lalgerie-accepte-de-gracier-lecrivain-boualem-sansal-871038\" target=\"_blank\" rel=\"noopener\">la gr\u00e2ce \u00e0 Boualem Sansal ce mercredi<\/a>. L&rsquo;\u00e9crivain franco-alg\u00e9rien de 81 ans est transf\u00e9r\u00e9 vers Berlin et doit atterrir dans la soir\u00e9e. Dans l&rsquo;\u00e9mission <a href=\"https:\/\/www.europe1.fr\/emissions\/pascal-praud-et-vous\" target=\"_blank\" rel=\"noopener\">Pascal Praud et vous<\/a> sur Europe 1,\u00a0Arnaud Benedetti, fondateur d&rsquo;un comit\u00e9 de soutien \u00e0 l&rsquo;auteur, pr\u00e9cise qu&rsquo;il jouit d&rsquo;une certaine reconnaissance outre-Rhin. \u00ab\u00a0Boualem est un auteur qui est tr\u00e8s lu en Allemagne. Il a re\u00e7u la plus grande distinction litt\u00e9raire allemande, le prix de la Paix, une sorte de &lsquo;super Goncourt&rsquo; allemand\u00a0\u00bb, note-t-il.<\/p><\/p>\n","protected":false},"excerpt":{"rendered":"La pr\u00e9sidence alg\u00e9rienne a donn\u00e9 suite \u00e0 une demande de Berlin pour accorder la gr\u00e2ce \u00e0 Boualem Sansal,&hellip;\n","protected":false},"author":2,"featured_media":529578,"comment_status":"","ping_status":"","sticky":false,"template":"","format":"standard","meta":{"footnotes":""},"categories":[1587],"tags":[11,672,1804,1805,1803,1777,674,1801,12,1802],"class_list":{"0":"post-529577","1":"post","2":"type-post","3":"status-publish","4":"format-standard","5":"has-post-thumbnail","7":"category-allemagne","8":"tag-actualites","9":"tag-allemagne","10":"tag-bundesrepublik-deutschland","11":"tag-de","12":"tag-deutschland","13":"tag-eu","14":"tag-europe","15":"tag-germany","16":"tag-news","17":"tag-republique-federale-dallemagne"},"share_on_mastodon":{"url":"https:\/\/pubeurope.com\/@fr\/115538174078540398","error":""},"_links":{"self":[{"href":"https:\/\/www.europesays.com\/fr\/wp-json\/wp\/v2\/posts\/529577","targetHints":{"allow":["GET"]}}],"collection":[{"href":"https:\/\/www.europesays.com\/fr\/wp-json\/wp\/v2\/posts"}],"about":[{"href":"https:\/\/www.europesays.com\/fr\/wp-json\/wp\/v2\/types\/post"}],"author":[{"embeddable":true,"href":"https:\/\/www.europesays.com\/fr\/wp-json\/wp\/v2\/users\/2"}],"replies":[{"embeddable":true,"href":"https:\/\/www.europesays.com\/fr\/wp-json\/wp\/v2\/comments?post=529577"}],"version-history":[{"count":0,"href":"https:\/\/www.europesays.com\/fr\/wp-json\/wp\/v2\/posts\/529577\/revisions"}],"wp:featuredmedia":[{"embeddable":true,"href":"https:\/\/www.europesays.com\/fr\/wp-json\/wp\/v2\/media\/529578"}],"wp:attachment":[{"href":"https:\/\/www.europesays.com\/fr\/wp-json\/wp\/v2\/media?parent=529577"}],"wp:term":[{"taxonomy":"category","embeddable":true,"href":"https:\/\/www.europesays.com\/fr\/wp-json\/wp\/v2\/categories?post=529577"},{"taxonomy":"post_tag","embeddable":true,"href":"https:\/\/www.europesays.com\/fr\/wp-json\/wp\/v2\/tags?post=529577"}],"curies":[{"name":"wp","href":"https:\/\/api.w.org\/{rel}","templated":true}]}}