{"id":529584,"date":"2025-11-12T18:39:11","date_gmt":"2025-11-12T18:39:11","guid":{"rendered":"https:\/\/www.europesays.com\/fr\/529584\/"},"modified":"2025-11-12T18:39:11","modified_gmt":"2025-11-12T18:39:11","slug":"pour-benjamin-stora-la-crise-entre-lalgerie-et-la-france-va-laisser-des-traces-liberation","status":"publish","type":"post","link":"https:\/\/www.europesays.com\/fr\/529584\/","title":{"rendered":"pour Benjamin Stora, \u00abla crise entre l\u2019Alg\u00e9rie et la France va laisser des traces\u00bb \u2013 Lib\u00e9ration"},"content":{"rendered":"<p class=\"sc-cPiKLX AiZTS text-element\">Emprisonn\u00e9 en Alg\u00e9rie depuis novembre 2024, l\u2019\u00e9crivain franco-alg\u00e9rien Boualem Sansal <a href=\"https:\/\/www.liberation.fr\/international\/afrique\/lalgerie-accepte-de-gracier-lecrivain-boualem-sansal-20251112_ECQITSRYENABZLXF4NQPC7QGOU\/\" target=\"_blank\" rel=\"noreferrer noopener\" title=\"https:\/\/www.liberation.fr\/international\/afrique\/lalgerie-accepte-de-gracier-lecrivain-boualem-sansal-20251112_ECQITSRYENABZLXF4NQPC7QGOU\/\">a \u00e9t\u00e9 lib\u00e9r\u00e9 ce mercredi \u00abpour motifs humanitaires\u00bb<\/a>, a fait savoir la pr\u00e9sidence alg\u00e9rienne par voie de communiqu\u00e9. Le 10 novembre, le pr\u00e9sident allemand, Frank-Walter Steinmeier, avait appel\u00e9 son homologue, Abdelmadjid Tebboune, \u00e0 gracier l\u2019homme de lettres, proposant de l\u2019accueillir outre-Rhin. Boualem Sansal avait \u00e9t\u00e9 condamn\u00e9 en mars 2025 \u00e0 cinq ans de prison ferme pour \u00abatteinte \u00e0 l\u2019unit\u00e9 nationale\u00bb. Pour l\u2019historien Benjamin Stora, qui publie avec <a href=\"https:\/\/www.liberation.fr\/portraits\/thomas-snegaroff-label-histoire-20240303_XBWSFY7MVZFXVPNQQH4Z3XUAAM\/\" target=\"_blank\" rel=\"noreferrer noopener\" title=\"https:\/\/www.liberation.fr\/portraits\/thomas-snegaroff-label-histoire-20240303_XBWSFY7MVZFXVPNQQH4Z3XUAAM\/\">Thomas Sn\u00e9garoff<\/a> France\/Alg\u00e9rie : anatomie d\u2019une d\u00e9chirure (les Ar\u00e8nes), si cette lib\u00e9ration marque le d\u00e9but d\u2019un r\u00e9chauffement entre Paris et Alger, les deux pays ne pourront pas faire l\u2019\u00e9conomie d\u2019un travail de fond, pour r\u00e9gler tous leurs diff\u00e9rends.<\/p>\n<p class=\"sc-cPiKLX AiZTS text-element\"><b>La lib\u00e9ration de Boualem Sansal est-elle \u00e0 mettre au cr\u00e9dit du changement de locataire de la place Beauvau ?<\/b><\/p>\n<p class=\"sc-cPiKLX AiZTS text-element\">L\u2019arriv\u00e9e de Laurent Nu\u00f1ez au minist\u00e8re de l\u2019Int\u00e9rieur a sans aucun doute \u00e9t\u00e9 un facteur d\u00e9terminant. <a href=\"https:\/\/www.liberation.fr\/politique\/le-nouveau-ministre-de-linterieur-laurent-nunez-veut-se-demarquer-de-bruno-retailleau-20251019_B2VVGUBG5JE75PRSN5FCI6KSVI\/\" target=\"_blank\" rel=\"noreferrer noopener\" title=\"https:\/\/www.liberation.fr\/politique\/le-nouveau-ministre-de-linterieur-laurent-nunez-veut-se-demarquer-de-bruno-retailleau-20251019_B2VVGUBG5JE75PRSN5FCI6KSVI\/\">Il a une autre fa\u00e7on de faire<\/a>, beaucoup moins directe, moins frontale que celle de son pr\u00e9d\u00e9cesseur, Bruno Retailleau. Ce dernier avait <a href=\"https:\/\/www.liberation.fr\/societe\/immigration\/en-voulant-maintenir-la-pression-sur-alger-bruno-retailleau-sert-uniquement-ses-ambitions-da-politique-interieure-20250319_QEM7KTQ2HBHQVB5TZBIXE3QK7I\/\" target=\"_blank\" rel=\"noreferrer noopener\" title=\"https:\/\/www.liberation.fr\/societe\/immigration\/en-voulant-maintenir-la-pression-sur-alger-bruno-retailleau-sert-uniquement-ses-ambitions-da-politique-interieure-20250319_QEM7KTQ2HBHQVB5TZBIXE3QK7I\/\">une approche tr\u00e8s accusatrice<\/a>. Ensuite, il y a aussi eu les efforts men\u00e9s en coulisses par la diplomatie fran\u00e7aise, notamment sur la question de la \u00abpiste allemande\u00bb.<\/p>\n<p class=\"sc-cPiKLX AiZTS text-element\"><b>L\u2019intervention de Berlin sur ce dossier peut para\u00eetre contre intuitive\u2026<\/b><\/p>\n<p class=\"sc-cPiKLX AiZTS text-element\">Cette piste n\u2019est pas nouvelle, en r\u00e9alit\u00e9. Elle \u00e9tait sur la table depuis plusieurs mois et avait d\u00e9j\u00e0 \u00e9t\u00e9 discut\u00e9e entre les diplomaties allemande et fran\u00e7aise. L\u2019Allemagne joue un r\u00f4le tr\u00e8s important dans les n\u00e9gociations qui se jouent en ce moment \u00e0 Bruxelles entre l\u2019Alg\u00e9rie et l\u2019Union europ\u00e9enne, sur des questions \u00e9conomiques, autour des droits de douane et des importations de gaz. Les relations entre la France et l\u2019Alg\u00e9rie \u00e9tant mauvaises, il n\u2019\u00e9tait pas illogique de passer par l\u2019Allemagne. La France et l\u2019Alg\u00e9rie ne pouvaient pas rester dans cette situation, cela n\u2019\u00e9tait dans l\u2019int\u00e9r\u00eat d\u2019aucune des deux. Il y a des questions trop importantes qui se jouent.<\/p>\n<p class=\"sc-cPiKLX AiZTS text-element\"><b>Avec cette lib\u00e9ration, faut-il s\u2019attendre \u00e0 une normalisation des relations diplomatiques ?<\/b><\/p>\n<p class=\"sc-cPiKLX AiZTS text-element\">La crise entre l\u2019Alg\u00e9rie et la France a \u00e9t\u00e9 tr\u00e8s dure et tr\u00e8s profonde. D\u2019un c\u00f4t\u00e9 comme de l\u2019autre, elle va laisser des traces. On ne peut pas faire comme si rien ne s\u2019\u00e9tait pass\u00e9, et je pense donc qu\u2019il faudra reprendre pas \u00e0 pas. Il va y avoir les questions \u00e9conomiques dans un premier temps, qui sont tr\u00e8s importantes. Beaucoup d\u2019entreprises fran\u00e7aises sont concern\u00e9es.<\/p>\n<p class=\"sc-cPiKLX AiZTS text-element\">Mais beaucoup d\u2019\u00e9cueils demeurent. A commencer par <a href=\"https:\/\/www.liberation.fr\/international\/afrique\/condamnation-dun-journaliste-francais-en-algerie-christophe-gleizes-a-pris-sept-ans-pour-un-dossier-completement-vide-20250630_2ALA5PV2VVF7VMF3VU2N5T7AWA\/\" target=\"_blank\" rel=\"noreferrer noopener\" title=\"https:\/\/www.liberation.fr\/international\/afrique\/condamnation-dun-journaliste-francais-en-algerie-christophe-gleizes-a-pris-sept-ans-pour-un-dossier-completement-vide-20250630_2ALA5PV2VVF7VMF3VU2N5T7AWA\/\">l\u2019incarc\u00e9ration du journaliste Christophe Gleizes<\/a>. Je regrette que la mobilisation, notamment de la part du monde du sport [le journaliste fran\u00e7ais a \u00e9t\u00e9 arr\u00eat\u00e9 en mai 2024 alors qu\u2019il r\u00e9alisait des reportages autour du football alg\u00e9rien, ndlr], n\u2019ait pas \u00e9t\u00e9 \u00e0 la hauteur de celle du comit\u00e9 de soutien \u00e0 Boualem Sansal. Ensuite, il y aura des questions qui ne pourront pas \u00eatre r\u00e9gl\u00e9es du jour au lendemain. <a href=\"https:\/\/www.liberation.fr\/international\/afrique\/sahara-occidental-apres-des-annees-sur-un-fil-la-france-epouse-la-ligne-marocaine-20240730_H6HOMYYZUFBGBGTGDAR7EZCGLE\/\" target=\"_blank\" rel=\"noopener\" title=\"https:\/\/www.liberation.fr\/international\/afrique\/sahara-occidental-apres-des-annees-sur-un-fil-la-france-epouse-la-ligne-marocaine-20240730_H6HOMYYZUFBGBGTGDAR7EZCGLE\/\">La position de Paris sur le Sahara-Occidental<\/a>, la question des OQTF [obligations de quitter le territoire fran\u00e7ais], les questions s\u00e9curitaires dans le Sahel, les questions migratoires. Et puis, il y a le travail m\u00e9moriel.<\/p>\n<p class=\"sc-cPiKLX AiZTS text-element\"><b>Sur ce point, vous rencontrez \u00e0 Marseille ce mercredi des historiens alg\u00e9riens.<\/b><\/p>\n<p class=\"sc-cPiKLX AiZTS text-element\">Apr\u00e8s <a href=\"https:\/\/www.liberation.fr\/france\/2021\/01\/20\/rapport-stora-entre-france-et-algerie-l-espoir-d-une-memoire-apaisee_1818117\/\" target=\"_blank\" rel=\"noreferrer noopener\" title=\"https:\/\/www.liberation.fr\/france\/2021\/01\/20\/rapport-stora-entre-france-et-algerie-l-espoir-d-une-memoire-apaisee_1818117\/\">la remise de mon rapport au Pr\u00e9sident<\/a>, il avait \u00e9t\u00e9 d\u00e9cid\u00e9 de donner des bourses \u00e0 des chercheurs alg\u00e9riens, afin qu\u2019ils puissent travailler sur les archives fran\u00e7aises. Cette rencontre se fait dans ce cadre, et elle avait \u00e9t\u00e9 maintenue malgr\u00e9 la crise. Mais cette lib\u00e9ration est un soulagement, car ma crainte \u00e9tait que cette crise diplomatique retarde, voire efface compl\u00e8tement le travail m\u00e9moriel tr\u00e8s important qui a \u00e9t\u00e9 accompli ces derni\u00e8res ann\u00e9es. L\u2019extr\u00eame droite, qui pousse aux portes du pouvoir, a pour programme de d\u00e9tricoter ce travail. La reconnaissance par la France <a href=\"https:\/\/www.liberation.fr\/politique\/elections\/jean-marie-le-pen-et-la-torture-en-algerie-la-nuit-il-allait-a-la-recherche-de-suspects-20240206_IRWYYLEPOZEIJJTABY46LWUQI4\/?redirected=1\" target=\"_blank\" rel=\"noreferrer noopener\" title=\"https:\/\/www.liberation.fr\/politique\/elections\/jean-marie-le-pen-et-la-torture-en-algerie-la-nuit-il-allait-a-la-recherche-de-suspects-20240206_IRWYYLEPOZEIJJTABY46LWUQI4\/?redirected=1\">de la torture<\/a>, du fait colonial et de ses cons\u00e9quences, doit \u00eatre sanctuaris\u00e9e.<\/p>\n","protected":false},"excerpt":{"rendered":"Emprisonn\u00e9 en Alg\u00e9rie depuis novembre 2024, l\u2019\u00e9crivain franco-alg\u00e9rien Boualem Sansal a \u00e9t\u00e9 lib\u00e9r\u00e9 ce mercredi \u00abpour motifs humanitaires\u00bb,&hellip;\n","protected":false},"author":2,"featured_media":529585,"comment_status":"","ping_status":"","sticky":false,"template":"","format":"standard","meta":{"footnotes":""},"categories":[2],"tags":[11,15,4142,1011,27,12,25],"class_list":{"0":"post-529584","1":"post","2":"type-post","3":"status-publish","4":"format-standard","5":"has-post-thumbnail","7":"category-actualites","8":"tag-actualites","9":"tag-algerie","10":"tag-boualem-sansal","11":"tag-fr","12":"tag-france","13":"tag-news","14":"tag-republique-francaise"},"share_on_mastodon":{"url":"https:\/\/pubeurope.com\/@fr\/115538189648022968","error":""},"_links":{"self":[{"href":"https:\/\/www.europesays.com\/fr\/wp-json\/wp\/v2\/posts\/529584","targetHints":{"allow":["GET"]}}],"collection":[{"href":"https:\/\/www.europesays.com\/fr\/wp-json\/wp\/v2\/posts"}],"about":[{"href":"https:\/\/www.europesays.com\/fr\/wp-json\/wp\/v2\/types\/post"}],"author":[{"embeddable":true,"href":"https:\/\/www.europesays.com\/fr\/wp-json\/wp\/v2\/users\/2"}],"replies":[{"embeddable":true,"href":"https:\/\/www.europesays.com\/fr\/wp-json\/wp\/v2\/comments?post=529584"}],"version-history":[{"count":0,"href":"https:\/\/www.europesays.com\/fr\/wp-json\/wp\/v2\/posts\/529584\/revisions"}],"wp:featuredmedia":[{"embeddable":true,"href":"https:\/\/www.europesays.com\/fr\/wp-json\/wp\/v2\/media\/529585"}],"wp:attachment":[{"href":"https:\/\/www.europesays.com\/fr\/wp-json\/wp\/v2\/media?parent=529584"}],"wp:term":[{"taxonomy":"category","embeddable":true,"href":"https:\/\/www.europesays.com\/fr\/wp-json\/wp\/v2\/categories?post=529584"},{"taxonomy":"post_tag","embeddable":true,"href":"https:\/\/www.europesays.com\/fr\/wp-json\/wp\/v2\/tags?post=529584"}],"curies":[{"name":"wp","href":"https:\/\/api.w.org\/{rel}","templated":true}]}}