{"id":529588,"date":"2025-11-12T18:41:24","date_gmt":"2025-11-12T18:41:24","guid":{"rendered":"https:\/\/www.europesays.com\/fr\/529588\/"},"modified":"2025-11-12T18:41:24","modified_gmt":"2025-11-12T18:41:24","slug":"une-16e-edition-100-francaise-au-golf-de-bourbon","status":"publish","type":"post","link":"https:\/\/www.europesays.com\/fr\/529588\/","title":{"rendered":"Une 16e \u00e9dition 100 % fran\u00e7aise au Golf de Bourbon"},"content":{"rendered":"<p>\t\t\t\t\t\t<img width=\"770\" height=\"555\" src=\"https:\/\/www.europesays.com\/fr\/wp-content\/uploads\/2025\/11\/golfbourbon1-770x555.jpg\" class=\"img-responsive wp-post-image\" alt=\"\" decoding=\"async\" fetchpriority=\"high\"  \/>\t\t\t\t\t<\/p>\n<p>\t\t\t\t\t\t Partager cet article <\/p>\n<p class=\"screen-reader-text juiz_sps_maybe_hidden_text\">Partager la publication \u00ab\u00a0Une 16e \u00e9dition 100 % fran\u00e7aise au Golf de Bourbon\u00a0\u00bb<\/p>\n<p><strong>Le Mercedes Golf Open 2025 avec en point d\u2019orgue le Championnat de France professionnel de double programm\u00e9 du 28 au 30 novembre s\u2019annonce une fois encore passionnant. Malgr\u00e9 quelques forfaits de derni\u00e8res minutes, le champ regroupant 18 \u00e9quipes (36 joueurs) a plut\u00f4t fi\u00e8re allure. Pr\u00e9sentation.<\/strong><\/p>\n<p>\t\t\t\t\t<a id=\"191249\" href=\"https:\/\/www.kressgolf.com\/\" target=\"_blank\" rel=\"sponsorised nofollow noopener\"><img decoding=\"async\" src=\"data:image\/svg+xml,%3Csvg%20xmlns=\" http:=\"\" class=\"img-responsive\" alt=\"\" data-lazy-src=\"https:\/\/www.europesays.com\/fr\/wp-content\/uploads\/2025\/04\/positec-e01-kress-rtkn-demo-1170x275-1.jpeg\"\/><\/a><\/p>\n<p><strong>L.V.<\/strong><\/p>\n<p>En 2023, lors de la derni\u00e8re visite du <strong>Championnat de France professionnel de double<\/strong> au <strong>Golf de Bourbon<\/strong>, <a href=\"https:\/\/www.golfplanete.com\/actualites\/matthieu-pavon-et-julien-quesne-champions-de-france-de-double\/\" target=\"_blank\" rel=\"noopener nofollow\">Matthieu Pavon et Julien Quesne s\u2019\u00e9taient impos\u00e9s avec un score total de -18<\/a>, deux coups devant la paire belge compos\u00e9e de <strong>Christopher Mivis<\/strong> et <strong>Axel de Smet<\/strong>. Les R\u00e9unionnais <strong>Julien Sale<\/strong> et <strong>Romain Lanteri<\/strong> avaient grimp\u00e9 sur la troisi\u00e8me marche du podium \u00e0 -15.<\/p>\n<p>Deux ans plus tard, pas de <strong>Matthieu Pavon<\/strong> ni de <strong>Julien Quesne<\/strong> pour cette 16e \u00e9dition, h\u00e9las. Tout comme la doublette belge. Et fait encore plus marquant, les tenants du titre, <a href=\"https:\/\/www.golfplanete.com\/actualites\/jerome-lando-casanova-et-clement-berardo-champions-en-double-a-la-reunion\/\" target=\"_blank\" rel=\"noopener nofollow\">Cl\u00e9ment Berardo et J\u00e9r\u00f4me Lando-Casanova<\/a>, victorieux l\u2019an pass\u00e9 \u00e0 <strong>Bassin Bleu<\/strong>, n\u2019effectuent pas le d\u00e9placement jusque dans l\u2019Oc\u00e9an Indien. <strong>Jean-Marie Hoarau<\/strong>, le pr\u00e9sident de la <strong>Ligue de Golf de la R\u00e9union<\/strong> et grand ordonnateur de cet \u00e9v\u00e9nement cr\u00e9\u00e9 dans son format actuel depuis 2010, le regrette. Et demeure quelque part fataliste.<\/p>\n<blockquote><p>&#13;<br \/>\nOn a arr\u00eat\u00e9 la liste des joueurs engag\u00e9s le 5 novembre. Juste avant cela, j\u2019ai eu encore plusieurs d\u00e9sistements.&#13;<br \/>\n&#13;<br \/>\nJean-Marie Hoarau, Pr\u00e9sident de la Ligue de Golf de la R\u00e9union<\/p><\/blockquote>\n<p>\u00ab\u00a0C\u2019est tout simplement la premi\u00e8re fois que les champions sortants ne remettent pas leur titre en jeu, souffle-t-il doucement. Mais c\u2019est comme \u00e7a. On a arr\u00eat\u00e9 la liste des joueurs engag\u00e9s le 5 novembre. Juste avant cela, j\u2019ai eu encore plusieurs d\u00e9sistements. Julien Quesne ne vient plus. Il veut rester en famille apr\u00e8s une longue saison (Ndlr, il \u00e9tait encore lundi 10 novembre \u00e0 <strong>Tarragone<\/strong> pour les <strong>PQ3 des Cartes europ\u00e9ennes<\/strong>). Idem pour <strong>Julien Brun<\/strong> et <strong>Alexander Levy<\/strong>, qui se concentraient sur leur fin de saison sur le Tour europ\u00e9en.\u00a0\u00bb<\/p>\n<p>Une fen\u00eatre de tir plut\u00f4t favorable pourtant\u2026<\/p>\n<p>Dix-huit \u00e9quipes sont annonc\u00e9es fin novembre au Golf de Bourbon (voir ci-dessous). Parmi les t\u00eates d\u2019affiche, on peut citer le fid\u00e8le Julien Sale mais aussi <strong>Romain Wattel<\/strong>, tous deux \u00e9galement align\u00e9s aux PQ3 des Cartes europ\u00e9ennes (comme Brun et Levy d\u2019ailleurs), ou encore <strong>Cl\u00e9ment Guichard<\/strong>, qui monte sur l\u2019<strong>HotelPlanner Tour 2026<\/strong> gr\u00e2ce \u00e0 sa 2e place finale \u00e0 l\u2019ordre du m\u00e9rite du <strong>Pro Golf Tour<\/strong>. Respectivement vainqueurs en 2019 et 2022, <strong>Maxime Radureau<\/strong> et <strong>Anthony Grenier<\/strong> d\u2019un c\u00f4t\u00e9 et <strong>Victor Riu<\/strong> et <strong>Stan Caturla<\/strong> de l\u2019autre sont eux aussi pr\u00e9sents.<\/p>\n<p><img loading=\"lazy\" decoding=\"async\" class=\"wp-image-191490 size-large aligncenter\" src=\"data:image\/svg+xml,%3Csvg%20xmlns=\" http:=\"\" alt=\"\" width=\"770\" height=\"511\" data-lazy- data-lazy- data-lazy-src=\"https:\/\/www.europesays.com\/fr\/wp-content\/uploads\/2025\/11\/capturedoublereunion-770x511.png\"\/><\/p>\n<p>\t\t\t\t\t<a id=\"190113\" href=\"https:\/\/abacussportswear.com\/en\/france\" target=\"_blank\" rel=\"sponsorised nofollow noopener\"><img decoding=\"async\" src=\"data:image\/svg+xml,%3Csvg%20xmlns=\" http:=\"\" class=\"img-responsive\" alt=\"\" data-lazy-src=\"https:\/\/www.europesays.com\/fr\/wp-content\/uploads\/2025\/10\/abacus-e06-portrush-1170x275-1.gif\"\/><\/a><\/p>\n<p>&#13;<br \/>\nCompte tenu de la position de ce Championnat de France professionnel de double dans le calendrier international, o\u00f9 seul le tournoi d\u2019ouverture de la saison 2025-26 du <strong>DP World Tour<\/strong> programm\u00e9 \u00e0 Brisbane, en Australie (<strong>BMW Australian PGA Championship<\/strong>) lui fait face, on aurait pu imaginer que le champ de cette 16e \u00e9dition forte d\u2019une dotation de 55\u00a0000 euros (10\u00a0000 euros aux vainqueurs) soit encore un peu plus relev\u00e9.<\/p>\n<p><img loading=\"lazy\" decoding=\"async\" class=\"wp-image-191487 size-large aligncenter\" src=\"data:image\/svg+xml,%3Csvg%20xmlns=\" http:=\"\" alt=\"\" width=\"770\" height=\"555\" data-lazy- data-lazy- data-lazy-src=\"https:\/\/www.europesays.com\/fr\/wp-content\/uploads\/2025\/11\/golfbourbon2-770x555.jpg\"\/><\/p>\n<p>&#13;<br \/>\n\u00ab\u00a0Le champ sera 100 % fran\u00e7ais cette ann\u00e9e, pr\u00e9vient Jean-Marie Hoarau. Une \u00e9quipe de Maurice vient en amateur mais globalement, on a r\u00e9duit le nombre d\u2019amateurs afin d\u2019\u00eatre un peu plus \u00e9litiste.\u00a0Aujourd\u2019hui, plus les ann\u00e9es passent et plus on constate que les joueurs sont tr\u00e8s peu disponibles, avec un planning surcharg\u00e9. Les tournois s\u2019enchainent et nous, on en p\u00e2ti quelque part. Plus \u00e7a va, plus c\u2019est compliqu\u00e9 d\u2019avoir des joueurs du DP World Tour dans notre champ. Car leur calendrier est ultra charg\u00e9. Tout simplement.\u00a0\u00bb<\/p>\n<p>\u00ab\u00a0Les joueurs qui \u00e9taient susceptibles de venir cette ann\u00e9e sont ceux qui sont un peu en difficult\u00e9 avec leur droit de jeu, poursuit encore Jean-Marie Hoarau. Je les comprends tout \u00e0 fait. A l\u2019image d\u2019un Julien Sale qui n\u2019\u00e9tait pas venu l\u2019an pass\u00e9 car il n\u2019avait plus de cat\u00e9gorie et il devait en acqu\u00e9rir une quelque part (Ndlr, sur l\u2019<strong>Asian Tour<\/strong> d\u2019abord puis sur l\u2019HotelPlanner Tour (ex-Challenge Tour) ensuite\u2026). Et pourtant, \u00e9tant R\u00e9unionnais, c\u2019est un tournoi qui lui tient toujours \u00e0 c\u0153ur. Ugo Coussaud m\u2019a aussi dit qu\u2019il serait bien venu mais il a trop jou\u00e9 cette ann\u00e9e. On sent que les gars sont \u00e0 bout de souffle en fin d\u2019ann\u00e9e. \u00bb<\/p>\n<p><img loading=\"lazy\" decoding=\"async\" class=\"wp-image-191488 size-large aligncenter\" src=\"data:image\/svg+xml,%3Csvg%20xmlns=\" http:=\"\" alt=\"\" width=\"770\" height=\"555\" data-lazy- data-lazy- data-lazy-src=\"https:\/\/www.europesays.com\/fr\/wp-content\/uploads\/2025\/11\/golfbourbon3-770x555.jpg\"\/><\/p>\n<p>&#13;<br \/>\nUne situation un peu frustrante il est vrai mais ce <strong>Mercedes Golf Open de la R\u00e9union<\/strong> se veut d\u2019abord \u00eatre le rendez-vous de la f\u00eate, \u00e0 travers plusieurs \u00e9v\u00e9nements pr\u00e9vus du 23 au 30 novembre<strong>*<\/strong>. Sur un site remarquable situ\u00e9 au c\u0153ur de la for\u00eat de l\u2019<strong>Etang Sal\u00e9<\/strong>. Cr\u00e9e en 1969, premier golf de l\u2019\u00eele de la R\u00e9union et dessin\u00e9 par <strong>Michel Gayon<\/strong>, ce par 72 du Golf de Bourbon, long de 6 101 m\u00e8tres depuis les boules blanches, est un v\u00e9ritable trac\u00e9 \u00ab in-land \u00bb. Une cinquantaine de bunkers sont judicieusement diss\u00e9min\u00e9s tout au long de ce parcours pr\u00e9sent\u00e9 comme \u00ab classique, franc mais technique en raison de nombreux greens sur\u00e9lev\u00e9s. \u00bb<\/p>\n<blockquote><p>&#13;<br \/>\nC\u2019est la 15e ann\u00e9e que Mercedes est le partenaire de l\u2019\u00e9v\u00e9nement mais aussi la R\u00e9gion Tourisme qui nous accompagne par exemple pour faire venir des journalistes afin de couvrir l\u2019\u00e9v\u00e9nement.\u00a0&#13;<br \/>\n&#13;<br \/>\nJean-Marie Hoarau<\/p><\/blockquote>\n<p>\u00ab\u00a0C\u2019est un trac\u00e9 long et bois\u00e9, \u00e0 l\u2019image de ce que l\u2019on peut retrouver en m\u00e9tropole, pr\u00e9cise Jean-Marie Hoarau. Il est tr\u00e8s diff\u00e9rent de Bassin Bleu. Aucune modification sur le parcours n\u2019a \u00e9t\u00e9 apport\u00e9e par rapport \u00e0 2023. Un nouveau club-house a n\u00e9anmoins \u00e9t\u00e9 inaugur\u00e9, avec une restauration au top, et une partie infrastructure bien meilleure qu\u2019il y a deux ans.\u00a0\u00bb<\/p>\n<p>On ne change pas une \u00e9quipe qui gagne, c\u2019est bien connu, et \u00e0 ce titre la formule de jeu sur 54 trous n\u2019a pas chang\u00e9 d\u2019un iota. On jouera deux sessions de <strong>fourballs<\/strong> (le vendredi et le dimanche) et une session de <strong>foursomes<\/strong> (le samedi). Deux formats de jeu valid\u00e9s par les r\u00e8glements officiels.<\/p>\n<p>\u00ab\u00a0Ce tournoi reste inscrit dans une logique touristique et \u00e9conomique pour la R\u00e9gion R\u00e9union, qui mise sur le golf pour la partie CSP++, conclut Jean-Marie Hoarau. Tout au long de l\u2019ann\u00e9e, j\u2019ai l\u2019occasion de me d\u00e9placer sur des grands \u00e9v\u00e9nements pour faire la promotion de la R\u00e9union et du tournoi, puisqu\u2019il est ouvert \u00e9galement \u00e0 des amateurs de tr\u00e8s bon niveau. C\u2019est la 15e ann\u00e9e que Mercedes est le partenaire de l\u2019\u00e9v\u00e9nement mais aussi la R\u00e9gion Tourisme qui nous accompagne par exemple pour faire venir des journalistes afin de couvrir l\u2019\u00e9v\u00e9nement.\u00a0\u00bb<\/p>\n<p><img loading=\"lazy\" decoding=\"async\" class=\"wp-image-191489 size-large aligncenter\" src=\"data:image\/svg+xml,%3Csvg%20xmlns=\" http:=\"\" alt=\"\" width=\"770\" height=\"556\" data-lazy- data-lazy- data-lazy-src=\"https:\/\/www.europesays.com\/fr\/wp-content\/uploads\/2025\/11\/doublereunion-770x556.jpg\"\/><\/p>\n<p><strong><br \/>&#13;<br \/>\n*Programme du Mercedes Golf Open de la R\u00e9union 2025<\/strong><\/p>\n<p><strong>23 novembre<\/strong>\u00a0: Mercedes Trophy (en Shot-Gun) \u00e0 partir de 8h00 (au Golf de Bourbon)<\/p>\n<p><strong>25 novembre<\/strong>\u00a0: Marmailles Golf (Golf de Bourbon) \/ EDG clubs, Ecoles, USEP, UNSS, Sections Sportives &amp; P\u00f4le R\u00e9gional de 8h30 \u00e0 16h30<\/p>\n<p><strong>26 novembre<\/strong>\u00a0: Shot-Gun Pro-Am des Entreprises (Golf du Bassin Bleu) \u00e0 8h00 \/ Shot-Gun Pro-Am des Entreprises (Golf de Bourbon) \u00e0 8h00 \/ Shot-Gun Pro-Am des Entreprises (Golf du Colorado) \u00e0 9h00<\/p>\n<p><strong>27 novembre<\/strong>\u00a0: Shot-Gun Pro-Am des Partenaires &amp; Pro-Am du Club 18 (Golf de Bourbon) \u00e0 8h00\u00a0\/ Soir\u00e9e accueil \u2013 Ness by D-Ocean (\u00e0 partir de 18h00)<\/p>\n<p><strong>28 novembre<\/strong>\u00a0: Championnat de France professionnel de double (Fourballs) au Golf de Bourbon \u00e0 partir de 8h00<\/p>\n<p><strong>29 novembre<\/strong>\u00a0: Championnat de France professionnel de double (Foursomes) au Golf de Bourbon \u00e0 partir de 8h00<\/p>\n<p><strong>30 novembre<\/strong>\u00a0: Championnat de France professionnel de double (Fourballs) au Golf de Bourbon \u00e0 partir de 8h00 \/ D\u00e9jeuner des Entreprises (au Golf de Bourbon) \u00e0 12h00 \/ Remise du Troph\u00e9e aux vainqueurs (au Golf de Bourbon) \u00e0 15h30\u00a0\/ Soir\u00e9e de gala \u2013 Ness by D-Ocean (\u00e0 partir de 19h00)<\/p>\n<p>\t\t\t\t\t<a id=\"190593\" href=\"https:\/\/leclub-golf.sumupstore.com\/\" target=\"_blank\" rel=\"sponsorised nofollow noopener\"><img decoding=\"async\" src=\"data:image\/svg+xml,%3Csvg%20xmlns=\" http:=\"\" class=\"img-responsive\" alt=\"\" data-lazy-src=\"https:\/\/www.europesays.com\/fr\/wp-content\/uploads\/2025\/11\/leclubgolf-e13-coffrets-cadeaux-1170x275-1.png\"\/><\/a><\/p>\n<p>Photos : Golf de Bourbon<\/p>\n<p>\t\t\t\t<img loading=\"lazy\" decoding=\"async\" src=\"data:image\/svg+xml,%3Csvg%20xmlns=\" http:=\"\" attributionsrc=\"\" border=\"0\" height=\"1\" width=\"1\" alt=\"Advertisement\" data-lazy-src=\"https:\/\/www.europesays.com\/fr\/wp-content\/uploads\/2025\/10\/B33047934.424844132;dc_trk_aid=615928068;dc_trk_cid=236605808;ord=[timestamp];dc_lat=;dc_rdid=;tag_f.gif\"\/><\/p>\n<p>\t\t\t\t\t<a id=\"179415\" href=\"https:\/\/ad.doubleclick.net\/ddm\/trackclk\/N1153799.3770024GOLFPLANATE\/B33047934.424844132;dc_trk_aid=615928068;dc_trk_cid=236605808;dc_lat=;dc_rdid=;tag_for_child_directed_treatment=;tfua=;gdpr=${GDPR};gdpr_consent=${GDPR_CONSENT_755};ltd=;dc_tdv=1\" target=\"_blank\" rel=\"sponsorised nofollow noopener\"><img decoding=\"async\" src=\"data:image\/svg+xml,%3Csvg%20xmlns=\" http:=\"\" class=\"img-responsive\" alt=\"\" data-lazy-src=\"https:\/\/www.europesays.com\/fr\/wp-content\/uploads\/2025\/07\/callaway-e01-apex-v1-770x385-1.jpg\"\/><\/a>\t\t\t\t<\/p>\n","protected":false},"excerpt":{"rendered":"Partager cet article Partager la publication \u00ab\u00a0Une 16e \u00e9dition 100 % fran\u00e7aise au Golf de Bourbon\u00a0\u00bb Le Mercedes&hellip;\n","protected":false},"author":2,"featured_media":529589,"comment_status":"","ping_status":"","sticky":false,"template":"","format":"standard","meta":{"footnotes":""},"categories":[1418],"tags":[1011,27,1472,60],"class_list":{"0":"post-529588","1":"post","2":"type-post","3":"status-publish","4":"format-standard","5":"has-post-thumbnail","7":"category-golf","8":"tag-fr","9":"tag-france","10":"tag-golf","11":"tag-sports"},"share_on_mastodon":{"url":"https:\/\/pubeurope.com\/@fr\/115538198241604836","error":""},"_links":{"self":[{"href":"https:\/\/www.europesays.com\/fr\/wp-json\/wp\/v2\/posts\/529588","targetHints":{"allow":["GET"]}}],"collection":[{"href":"https:\/\/www.europesays.com\/fr\/wp-json\/wp\/v2\/posts"}],"about":[{"href":"https:\/\/www.europesays.com\/fr\/wp-json\/wp\/v2\/types\/post"}],"author":[{"embeddable":true,"href":"https:\/\/www.europesays.com\/fr\/wp-json\/wp\/v2\/users\/2"}],"replies":[{"embeddable":true,"href":"https:\/\/www.europesays.com\/fr\/wp-json\/wp\/v2\/comments?post=529588"}],"version-history":[{"count":0,"href":"https:\/\/www.europesays.com\/fr\/wp-json\/wp\/v2\/posts\/529588\/revisions"}],"wp:featuredmedia":[{"embeddable":true,"href":"https:\/\/www.europesays.com\/fr\/wp-json\/wp\/v2\/media\/529589"}],"wp:attachment":[{"href":"https:\/\/www.europesays.com\/fr\/wp-json\/wp\/v2\/media?parent=529588"}],"wp:term":[{"taxonomy":"category","embeddable":true,"href":"https:\/\/www.europesays.com\/fr\/wp-json\/wp\/v2\/categories?post=529588"},{"taxonomy":"post_tag","embeddable":true,"href":"https:\/\/www.europesays.com\/fr\/wp-json\/wp\/v2\/tags?post=529588"}],"curies":[{"name":"wp","href":"https:\/\/api.w.org\/{rel}","templated":true}]}}