{"id":529590,"date":"2025-11-12T18:43:11","date_gmt":"2025-11-12T18:43:11","guid":{"rendered":"https:\/\/www.europesays.com\/fr\/529590\/"},"modified":"2025-11-12T18:43:11","modified_gmt":"2025-11-12T18:43:11","slug":"pro-d2-on-ne-savait-pas-trop-si-on-allait-me-garder-en-quelques-mois-la-vie-de-ces-jeunes-a-change-au-su-agen","status":"publish","type":"post","link":"https:\/\/www.europesays.com\/fr\/529590\/","title":{"rendered":"Pro D2 &#8211; \u00ab\u00a0On ne savait pas trop si on allait me garder\u00a0\u00bb : en quelques mois, la vie de ces jeunes a chang\u00e9 au SU Agen"},"content":{"rendered":"<p>\n                Pas forc\u00e9ment pr\u00e9vus dans le plan de succession initial, Enzo Serieyssol et Mathias Jean ont r\u00e9ussi \u00e0 se faire une place au soleil \u00e0 Agen. Ils sont r\u00e9guli\u00e8rement sollicit\u00e9s par Mauricio Reggiardo alors que leur avenir dans le rugby professionnel semblait compromis il y a quelques mois de cela.\n            <\/p>\n<p>Entre deux cours, Enzo Serieyssol d\u00e9croche son t\u00e9l\u00e9phone. \u00ab\u00a0Je reprends \u00e0 14h ma formation \u00e0 Bajamont\u00a0\u00bb, informe le jeune troisi\u00e8me ligne. Il est \u00e9tudiant et joueur de rugby dans le m\u00eame temps. \u00ab\u00a0C\u2019est compliqu\u00e9 d\u2019allier les semaines de cours aux entra\u00eenements. Mais on essaie de s\u2019arranger pour que je puisse m\u2019entra\u00eener au maximum. Je loupe quelques s\u00e9ances, m\u00eame quand je joue le vendredi\u00a0\u00bb, poursuit-il. Il a la t\u00eate bien faite et c\u2019est tant mieux car le jeune homme de 21 ans a bien failli voir son r\u00eave de devenir rugbyman professionnel partir en fum\u00e9e il y a quelques mois. \u00ab\u00a0C\u2019\u00e9tait en avril ou mai dernier, je ne sais plus. Les dirigeants du centre de formation m\u2019ont dit que \u00e7a serait un peu juste pour moi de franchir le cap du professionnalisme. Au regard de l\u2019effectif en place, cela semblait un peu bouch\u00e9 pour moi et je ne devais pas \u00eatre gard\u00e9.\u00a0\u00bb<\/p>\n<p>Enzo Serieyssol comprend que son aventure au SUA va prendre fin et qu\u2019il doit rebondir. Sauf qu\u2019il ne s\u2019attend pas \u00e0 ce retournement de situation. \u00ab\u00a0Un beau jour on me dit que je suis quand m\u00eame un jeune du centre de formation et qu\u2019on ne veut plus me laisser partir. Cette opportunit\u00e9 s\u2019est pr\u00e9sent\u00e9e \u00e0 moi et mon agent m\u2019a tr\u00e8s vite conseill\u00e9 d\u2019accepter\u00a0\u00bb, rembobine-t-il. Malgr\u00e9 cette seconde chance, le troisi\u00e8me ligne ne pense clairement pas \u00eatre sollicit\u00e9 si vite par Mauricio Reggiardo. \u00ab\u00a0Au d\u00e9part, je visais une feuille de match cette saison. Puis, une deuxi\u00e8me. Et tout s\u2019est encha\u00een\u00e9 tr\u00e8s vite donc c\u2019est que du bonus au regard de mon point de d\u00e9part.\u00a0\u00bb<\/p>\n<p>Le management de Reggiardo se basant sur la m\u00e9ritocratie, Serieyssol a donc su aller chercher sa place \u00e0 l\u2019entra\u00eenement. Il n\u2019est pas le seul \u00e0 avoir eu sa chance. \u00ab\u00a0Ce que l\u2019on se dit avec Andr\u00e9a Lucchini et Mathias Jean, c\u2019est que c\u2019est un signe du destin. D\u00e9marrer ensemble \u00e0 la m\u00eame p\u00e9riode alors que l\u2019on se suit depuis des ann\u00e9es, c\u2019est g\u00e9nial. D\u00e9j\u00e0 quand Mathias a fait sa premi\u00e8re feuille, toute notre g\u00e9n\u00e9ration \u00e9tait aux anges. Mais quand est venu mon tour, je ne pouvais pas r\u00eaver mieux&#8230;\u00a0\u00bb\u00a0Ses six feuilles de match depuis le d\u00e9but de la saison ont permis au flanker de signer un contrat espoir jusqu\u2019en juin 2027. \u00ab\u00a0Nous serons prioritaires pour lui faire signer son premier contrat professionnel\u00a0\u00bb, note au passage le manager argentin.<\/p>\n<p>Mathias Jean, la r\u00e9v\u00e9lation<\/p>\n<p>Le parcours de son copain, Mathias Jean, est d\u2019autant plus bluffant. Avec son \u00e9ni\u00e8me maillot d\u2019homme du match sur les \u00e9paules dercern\u00e9 par l\u2019ensemble du groupe, il vient saluer les supporters en fin d\u2019entra\u00eenement, et raconte avec \u00e9motion les derniers mois qui ont chang\u00e9 sa vie. \u00ab\u00a0Je n\u2019en ai pas conscience mais oui ma vie a chang\u00e9. Je garde cependant les pieds sur Terre et je prends cela avec beaucoup d\u2019humilit\u00e9.\u00a0\u00bb\u00a0Il est le seul lot-et-garonnais \u00e0 avoir pris part \u00e0 tous les matchs du Sporting depuis le d\u00e9but de la saison. En outre, l\u2019arri\u00e8re est le septi\u00e8me joueur de Pro D2 le plus utilis\u00e9. \u00ab\u00a0Quand je vois ma situation l\u2019an pass\u00e9, c\u2019est vrai que je n\u2019y aurais pas cr\u00fb du tout.\u00a0\u00bb\u00a0Ouvreur de formation, Jean est bascul\u00e9 \u00e0 l\u2019arri\u00e8re, \u00ab\u00a0car on me dit que c\u2019est \u00e0 ce poste que l\u2019on pourrait avoir besoin de moi\u00a0\u00bb. Tout de suite, il y prend go\u00fbt : \u00ab\u00a0De base je jouais dix ou centre. Mais j\u2019ai de suite accroch\u00e9. Lors de mon premier match \u00e0 ce poste chez les espoirs, je me suis r\u00e9gal\u00e9. Derri\u00e8re, quand je m\u2019entra\u00eenais chez les pros, on me fixait aussi \u00e0 ce poste. \u00c7a me va tr\u00e8s bien.\u00a0\u00bb<\/p>\n<p>Profitant de la blessure de Louis Dupichot en d\u00e9but d\u2019exercice, Mathias Jean en profite pour \u00e9clore : \u00ab\u00a0Quand j\u2019\u00e9tais un espoir, je venais voir les matchs \u00e0 Armandie et je me disais qu\u2019un jour, \u00e7a serait peut-\u00eatre \u00e0 mon tour. Mais voil\u00e0, en fin de saison derni\u00e8re, on ne savait pas trop si on allait me garder et je comprenais entre les lignes que je n\u2019entrais pas vraiment dans le plan de succession. Je n\u2019avais rien derri\u00e8re, je n\u2019avais pas recherch\u00e9 de club car Agen n\u2019avait pas \u00e9t\u00e9 clair sur ma situation. J\u2019ai attendu et j\u2019ai bien fait.\u00a0\u00bb<\/p>\n<p>Aujourd\u2019hui, Mathias Jean est indispensable au sein du dispositif lot-et-garonnais o\u00f9 son pied gauche offre une alternative int\u00e9ressante \u00e0 la gestion de Craig Willis. Aussi, il se propose de plus en plus dans la ligne et casse les d\u00e9fenses, comme ce fut le cas \u00e0 Biarritz. \u00ab\u00a0Cela faisait trois ans que je gal\u00e9rais en dix. Je pense que je ne progressais plus et je pense que ce repositionnement a cr\u00e9\u00e9 un d\u00e9clic chez moi. Je me l\u00e2che plus, je prends plus d\u2019intervalles et je vois que je gagne en assurance.\u00a0\u00bb<\/p>\n<p>Ses co\u00e9quipiers lui font confiance alors que ses parents traversent la France tous les week-ends pour le voir jouer : \u00ab\u00a0C\u2019est important pour moi de les avoir avec moi et qu\u2019ils me suivent autant.\u00a0\u00bb\u00a0Ce n\u2019est pas pr\u00e8s de s\u2019arr\u00eater puisque vendredi, leur fiston portera encore le num\u00e9ro 15 du SU Agen. Une habitude d\u00e9sormais.<\/p>\n","protected":false},"excerpt":{"rendered":"Pas forc\u00e9ment pr\u00e9vus dans le plan de succession initial, Enzo Serieyssol et Mathias Jean ont r\u00e9ussi \u00e0 se&hellip;\n","protected":false},"author":2,"featured_media":529591,"comment_status":"","ping_status":"","sticky":false,"template":"","format":"standard","meta":{"footnotes":""},"categories":[1416],"tags":[1011,27,479,1468,60],"class_list":{"0":"post-529590","1":"post","2":"type-post","3":"status-publish","4":"format-standard","5":"has-post-thumbnail","7":"category-rugby","8":"tag-fr","9":"tag-france","10":"tag-rugby","11":"tag-rugby-football","12":"tag-sports"},"share_on_mastodon":{"url":"https:\/\/pubeurope.com\/@fr\/115538205762853007","error":""},"_links":{"self":[{"href":"https:\/\/www.europesays.com\/fr\/wp-json\/wp\/v2\/posts\/529590","targetHints":{"allow":["GET"]}}],"collection":[{"href":"https:\/\/www.europesays.com\/fr\/wp-json\/wp\/v2\/posts"}],"about":[{"href":"https:\/\/www.europesays.com\/fr\/wp-json\/wp\/v2\/types\/post"}],"author":[{"embeddable":true,"href":"https:\/\/www.europesays.com\/fr\/wp-json\/wp\/v2\/users\/2"}],"replies":[{"embeddable":true,"href":"https:\/\/www.europesays.com\/fr\/wp-json\/wp\/v2\/comments?post=529590"}],"version-history":[{"count":0,"href":"https:\/\/www.europesays.com\/fr\/wp-json\/wp\/v2\/posts\/529590\/revisions"}],"wp:featuredmedia":[{"embeddable":true,"href":"https:\/\/www.europesays.com\/fr\/wp-json\/wp\/v2\/media\/529591"}],"wp:attachment":[{"href":"https:\/\/www.europesays.com\/fr\/wp-json\/wp\/v2\/media?parent=529590"}],"wp:term":[{"taxonomy":"category","embeddable":true,"href":"https:\/\/www.europesays.com\/fr\/wp-json\/wp\/v2\/categories?post=529590"},{"taxonomy":"post_tag","embeddable":true,"href":"https:\/\/www.europesays.com\/fr\/wp-json\/wp\/v2\/tags?post=529590"}],"curies":[{"name":"wp","href":"https:\/\/api.w.org\/{rel}","templated":true}]}}