{"id":529592,"date":"2025-11-12T18:44:16","date_gmt":"2025-11-12T18:44:16","guid":{"rendered":"https:\/\/www.europesays.com\/fr\/529592\/"},"modified":"2025-11-12T18:44:16","modified_gmt":"2025-11-12T18:44:16","slug":"atp-djokovic-et-la-suspension-vraiment-bizarre-de-sinner-sports","status":"publish","type":"post","link":"https:\/\/www.europesays.com\/fr\/529592\/","title":{"rendered":"ATP : Djokovic et la suspension \u00ab vraiment bizarre \u00bb de Sinner : Sports"},"content":{"rendered":"<p class=\"date\">\n                                                            Fabien Le Floc&rsquo;h, Media365 : publi\u00e9 le mercredi 12 novembre 2025 \u00e0 15h55\n                                                    <\/p>\n<p>Novak Djokovic a donn\u00e9 son avis sur la suspension inflig\u00e9e \u00e0 Jannik Sinner apr\u00e8s des contr\u00f4les positifs \u00e0 un anabolisant cette ann\u00e9e.<\/p>\n<p>C&rsquo;est une affaire qui risque de poursuivre Jannik Sinner toute sa carri\u00e8re. Au d\u00e9but de l&rsquo;ann\u00e9e 2025, l&rsquo;Italien a \u00e9t\u00e9 condamn\u00e9 \u00e0 trois mois de suspension am\u00e9nag\u00e9s pour n\u00e9gligence par l&rsquo;Agence mondiale antidopage (AMA), du 9 f\u00e9vrier au 4 mai 2025. Une suspension inflig\u00e9e \u00e0 l&rsquo;actuel num\u00e9ro deux mondial apr\u00e8s des contr\u00f4les positifs \u00e0 un anabolisant. Sinner a toujours expliqu\u00e9 avoir \u00e9t\u00e9 contamin\u00e9 accidentellement par son kin\u00e9 lors d&rsquo;un massage.<\/p>\n<p>Une explication plausible selon Novak Djokovic, qui \u00e9tait <a href=\"https:\/\/sports.orange.fr\/tennis\/atp\/article\/atp-djokovic-doute-de-pouvoir-encore-gagner-un-grand-chelem-CNT000002lGvGG.html\" target=\"_blank\" rel=\"noopener\">l&rsquo;invit\u00e9 de l&rsquo;\u00e9mission \u00ab Piers Morgan Uncensored \u00bb sur YouTube<\/a>, qui d\u00e9nonce toutefois la l\u00e9g\u00e8ret\u00e9 de la sanction envers l&rsquo;Italien, qui a pu jouer \u00e0 Roland-Garros (et perdre une finale m\u00e9morable en cinq sets contre Carlos Alcaraz). \u00ab Je veux le croire, je pense qu&rsquo;il ne l&rsquo;a pas fait expr\u00e8s, mais il est \u00e9videmment responsable, a expliqu\u00e9 le joueur aux 24 titres du Grand Chelem. Quand on voit que d&rsquo;autres sont suspendus des ann\u00e9es pour une faute similaire et que lui est suspendu trois mois, ce n&rsquo;est pas juste. \u00bb<\/p>\n<p>\u00ab C&rsquo;\u00e9tait tr\u00e8s \u00e9trange \u00bb<\/p>\n<p>Le Serbe a jug\u00e9 \u00ab vraiment bizarre \u00bb la fa\u00e7on dont l&rsquo;Italien a \u00e9t\u00e9 suspendu juste apr\u00e8s son sacre \u00e0 l&rsquo;Open d&rsquo;Australie, d\u00e9non\u00e7ant un traitement de faveur par rapport \u00e0 d&rsquo;autres joueurs sanctionn\u00e9s beaucoup plus s\u00e9v\u00e8rement pour un m\u00eame test positif. \u00ab La mani\u00e8re dont cette affaire s&rsquo;est d\u00e9roul\u00e9e&#8230; Il y avait trop de signaux d&rsquo;alerte. Le fait que la suspension intervienne entre les tournois du Grand Chelem pour qu&rsquo;il ne rate rien est vraiment bizarre. C&rsquo;\u00e9tait tr\u00e8s \u00e9trange, a reconnu Djokovic. On a entendu tellement d&rsquo;autres joueurs, hommes et femmes [&#8230;] se plaindre d&rsquo;un traitement de faveur \u00bb.<\/p>\n<p><a href=\"https:\/\/sports.orange.fr\/tennis\/article\/djokovic-aux-jo-2028-a-41-ans-exclu-CNT000002lEps2.html\" target=\"_blank\" rel=\"noopener\">\u00ab Nole \u00bb, qui a d\u00e9clar\u00e9 forfait<\/a> pour les ATP Finales cette semaine \u00e0 Turin apr\u00e8s sa victoire \u00e0 Ath\u00e8nes, a m\u00eame compar\u00e9 cette affaire de dopage \u00e0 celle qui poursuit le Serbe depuis qu&rsquo;il a refus\u00e9 de se faire vacciner contre le Covid-19 pendant la pand\u00e9mie. Cela l&rsquo;avait emp\u00each\u00e9 de jouer dans plusieurs pays (dont les \u00c9tats-Unis) mais celui avait notamment pouss\u00e9 l&rsquo;Australie \u00e0 l&rsquo;expulser dans un \u00e9pisode tr\u00e8s m\u00e9diatis\u00e9, quelques jours avant l&rsquo;Open d&rsquo;Australie en 2022.<\/p>\n","protected":false},"excerpt":{"rendered":"Fabien Le Floc&rsquo;h, Media365 : publi\u00e9 le mercredi 12 novembre 2025 \u00e0 15h55 Novak Djokovic a donn\u00e9 son&hellip;\n","protected":false},"author":2,"featured_media":529593,"comment_status":"","ping_status":"","sticky":false,"template":"","format":"standard","meta":{"footnotes":""},"categories":[1415],"tags":[1011,27,60,1467],"class_list":{"0":"post-529592","1":"post","2":"type-post","3":"status-publish","4":"format-standard","5":"has-post-thumbnail","7":"category-tennis","8":"tag-fr","9":"tag-france","10":"tag-sports","11":"tag-tennis"},"share_on_mastodon":{"url":"https:\/\/pubeurope.com\/@fr\/115538209210980568","error":""},"_links":{"self":[{"href":"https:\/\/www.europesays.com\/fr\/wp-json\/wp\/v2\/posts\/529592","targetHints":{"allow":["GET"]}}],"collection":[{"href":"https:\/\/www.europesays.com\/fr\/wp-json\/wp\/v2\/posts"}],"about":[{"href":"https:\/\/www.europesays.com\/fr\/wp-json\/wp\/v2\/types\/post"}],"author":[{"embeddable":true,"href":"https:\/\/www.europesays.com\/fr\/wp-json\/wp\/v2\/users\/2"}],"replies":[{"embeddable":true,"href":"https:\/\/www.europesays.com\/fr\/wp-json\/wp\/v2\/comments?post=529592"}],"version-history":[{"count":0,"href":"https:\/\/www.europesays.com\/fr\/wp-json\/wp\/v2\/posts\/529592\/revisions"}],"wp:featuredmedia":[{"embeddable":true,"href":"https:\/\/www.europesays.com\/fr\/wp-json\/wp\/v2\/media\/529593"}],"wp:attachment":[{"href":"https:\/\/www.europesays.com\/fr\/wp-json\/wp\/v2\/media?parent=529592"}],"wp:term":[{"taxonomy":"category","embeddable":true,"href":"https:\/\/www.europesays.com\/fr\/wp-json\/wp\/v2\/categories?post=529592"},{"taxonomy":"post_tag","embeddable":true,"href":"https:\/\/www.europesays.com\/fr\/wp-json\/wp\/v2\/tags?post=529592"}],"curies":[{"name":"wp","href":"https:\/\/api.w.org\/{rel}","templated":true}]}}