{"id":529594,"date":"2025-11-12T18:48:17","date_gmt":"2025-11-12T18:48:17","guid":{"rendered":"https:\/\/www.europesays.com\/fr\/529594\/"},"modified":"2025-11-12T18:48:17","modified_gmt":"2025-11-12T18:48:17","slug":"totalenergies-le-velo-2026-actualite","status":"publish","type":"post","link":"https:\/\/www.europesays.com\/fr\/529594\/","title":{"rendered":"TotalEnergies : Le v\u00e9lo 2026 &#8211; Actualit\u00e9"},"content":{"rendered":"<p style=\"text-align: justify;\">La ProTeam\u00a0<strong><a href=\"https:\/\/www.directvelo.com\/equipe\/2734\/totalenergies\" target=\"_blank\" rel=\"noopener\">TotalEnergies<\/a> <\/strong>change de partenaire cycle. Apr\u00e8s deux ans avec la marque am\u00e9ricaine ENVE, l\u2019\u00e9quipe vend\u00e9enne passera en 2026 avec CUBE. Les Juniors du CREF et les soci\u00e9taires du Vend\u00e9e U rouleront \u00e9galement sur les v\u00e9los de la soci\u00e9t\u00e9 allemande, qui \u00e9quipait ces derni\u00e8res ann\u00e9es Intermarch\u00e9-Wanty.<\/p>\n<p>Pour les courses en ligne, il y aura deux cadres : le CUBE Litening C:68X Aero et le CUBE Litening C:68X Air. Ils seront \u00e9quip\u00e9s en roues NEWMEN Streem, avec un groupe SHIMANO Dura-Ace Di2 R9270. Le v\u00e9lo de contre-la-montre est le CUBE C:68X Aerium TT.<\/p>\n<p><img loading=\"lazy\" decoding=\"async\" src=\"https:\/\/www.europesays.com\/fr\/wp-content\/uploads\/2025\/11\/CUBE-Teambike-Set1-01.jpg\" alt=\"\" width=\"650\" height=\"433\"\/><\/p>\n<p><img decoding=\"async\" src=\"https:\/\/www.europesays.com\/fr\/wp-content\/uploads\/2025\/11\/CUBE-Teambike-Set1-21.jpg\" alt=\"\" width=\"650\"\/><\/p>\n<p><img loading=\"lazy\" decoding=\"async\" src=\"https:\/\/www.europesays.com\/fr\/wp-content\/uploads\/2025\/11\/CUBE-Teambike-Set2-77.jpg\" alt=\"\" width=\"650\" height=\"975\"\/><\/p>\n","protected":false},"excerpt":{"rendered":"La ProTeam\u00a0TotalEnergies change de partenaire cycle. Apr\u00e8s deux ans avec la marque am\u00e9ricaine ENVE, l\u2019\u00e9quipe vend\u00e9enne passera en&hellip;\n","protected":false},"author":2,"featured_media":529595,"comment_status":"","ping_status":"","sticky":false,"template":"","format":"standard","meta":{"footnotes":""},"categories":[1411],"tags":[834,828,836,829,837,827,83,826,824,823,1154,207,814,817,815,816,822,821,832,211,839,1011,27,820,818,819,835,831,830,833,838,60,212,208,825],"class_list":{"0":"post-529594","1":"post","2":"type-post","3":"status-publish","4":"format-standard","5":"has-post-thumbnail","7":"category-cyclisme","8":"tag-attaque","9":"tag-belgique","10":"tag-braquet","11":"tag-bretagne","12":"tag-chute","13":"tag-competition","14":"tag-coupe-de-france","15":"tag-coureur","16":"tag-course-cyclisme","17":"tag-course-cycliste","18":"tag-cycling","19":"tag-cyclisme","20":"tag-direct","21":"tag-direct-velo","22":"tag-directvelo","23":"tag-directvelo-com","24":"tag-epreuve","25":"tag-epreuve-cycliste","26":"tag-federation-francaise-de-cyclisme","27":"tag-ffc","28":"tag-flandres","29":"tag-fr","30":"tag-france","31":"tag-live","32":"tag-live-course","33":"tag-live-epreuve","34":"tag-peloton","35":"tag-radio-peloton","36":"tag-radio-tour","37":"tag-ravitaillement","38":"tag-relance","39":"tag-sports","40":"tag-uci","41":"tag-velo","42":"tag-velos"},"share_on_mastodon":{"url":"https:\/\/pubeurope.com\/@fr\/115538226231682780","error":""},"_links":{"self":[{"href":"https:\/\/www.europesays.com\/fr\/wp-json\/wp\/v2\/posts\/529594","targetHints":{"allow":["GET"]}}],"collection":[{"href":"https:\/\/www.europesays.com\/fr\/wp-json\/wp\/v2\/posts"}],"about":[{"href":"https:\/\/www.europesays.com\/fr\/wp-json\/wp\/v2\/types\/post"}],"author":[{"embeddable":true,"href":"https:\/\/www.europesays.com\/fr\/wp-json\/wp\/v2\/users\/2"}],"replies":[{"embeddable":true,"href":"https:\/\/www.europesays.com\/fr\/wp-json\/wp\/v2\/comments?post=529594"}],"version-history":[{"count":0,"href":"https:\/\/www.europesays.com\/fr\/wp-json\/wp\/v2\/posts\/529594\/revisions"}],"wp:featuredmedia":[{"embeddable":true,"href":"https:\/\/www.europesays.com\/fr\/wp-json\/wp\/v2\/media\/529595"}],"wp:attachment":[{"href":"https:\/\/www.europesays.com\/fr\/wp-json\/wp\/v2\/media?parent=529594"}],"wp:term":[{"taxonomy":"category","embeddable":true,"href":"https:\/\/www.europesays.com\/fr\/wp-json\/wp\/v2\/categories?post=529594"},{"taxonomy":"post_tag","embeddable":true,"href":"https:\/\/www.europesays.com\/fr\/wp-json\/wp\/v2\/tags?post=529594"}],"curies":[{"name":"wp","href":"https:\/\/api.w.org\/{rel}","templated":true}]}}