{"id":529605,"date":"2025-11-12T18:55:24","date_gmt":"2025-11-12T18:55:24","guid":{"rendered":"https:\/\/www.europesays.com\/fr\/529605\/"},"modified":"2025-11-12T18:55:24","modified_gmt":"2025-11-12T18:55:24","slug":"nour-films-remanie-son-line-up","status":"publish","type":"post","link":"https:\/\/www.europesays.com\/fr\/529605\/","title":{"rendered":"Nour Films remanie son line-up"},"content":{"rendered":"<p>                                <a href=\"https:\/\/www.boxofficepro.fr\/wp-content\/uploads\/sites\/2\/2025\/11\/Cosmos-RECADRE-\u00a9-Nour-Films.png\" target=\"_blank\" rel=\"noopener nofollow\"><img width=\"600\" height=\"508\" src=\"https:\/\/www.europesays.com\/fr\/wp-content\/uploads\/2025\/11\/Cosmos-RECADRE-\u00a9-Nour-Films-600x508.png\" class=\"attachment-mobile size-mobile wp-post-image\" alt=\"\" decoding=\"async\" fetchpriority=\"high\"  \/><\/a><br \/>\n                                Cosmos \u00a9 Nour Films                            <\/p>\n<p>Dans la foul\u00e9e de <a href=\"https:\/\/www.boxofficepro.fr\/nour-films-acquiert-un-film-historique-denvergure\/\" target=\"_blank\" rel=\"noreferrer noopener nofollow\">son acquisition de <strong>Nuremberg <\/strong>de James Vanderbilt<\/a> dat\u00e9 au 28 janvier prochain en France \u2013 et qui a r\u00e9alis\u00e9 <a href=\"https:\/\/www.boxofficepro.fr\/box-office-us-predator-badlands-un-rugissement-record\/\" target=\"_blank\" rel=\"noreferrer noopener nofollow\">plus de 4 millions de dollars de recettes sur son week-end de sortie aux \u00c9tats-Unis<\/a> \u2013, le distributeur cale plusieurs autres titres dans son calendrier.<\/p>\n<p>Apr\u00e8s avoir distribu\u00e9 son pr\u00e9c\u00e9dent Fortuna (pr\u00e8s de 40 000 entr\u00e9es en 2018), la soci\u00e9t\u00e9 dirig\u00e9e par Patrick Sibourd et Charles Hembert retrouve Germinal Roaux pour <strong>Cosmos<\/strong>, le 6 mai 2026. Cette coproduction Nour Films men\u00e9e avec le Mexique, avec entre autres la com\u00e9dienne \u00c1ngela Molina, relate la rencontre d\u2019une veuve esseul\u00e9e, condamn\u00e9e par la maladie, avec un indien maya gardien des secrets de la nature et des esprits.<\/p>\n<p>Le 3 juin suivra <strong>Elisa <\/strong>de l\u2019Italien Leonardo Di Costanzo, avec Roschdy Zem dans la peau d\u2019un criminologue en prise avec une jeune femme, condamn\u00e9e depuis dix ans pour avoir brutalement tu\u00e9 sa s\u0153ur. Le film faisait partie de la comp\u00e9tition de la Mostra de Venise 2025.<\/p>\n<p>Le distributeur d\u00e9cale par ailleurs <strong>Des fleurs pour Tokyo<\/strong>, premier film de Yuiga Danzuka qui a fait ses d\u00e9buts \u00e0 la Quinzaine des Cin\u00e9astes 2025, du 5 mai \u00e0 ao\u00fbt 2026, sa date pr\u00e9cise restant \u00e0 d\u00e9terminer.<br \/>Enfin, <strong>Ma vie sans toi<\/strong> de l\u2019Espagnole Isabel Coixet (Un amor), que le distributeur accueille pour la premi\u00e8re fois dans son line-up, est pr\u00e9vu pour la rentr\u00e9e 2026. Cette adaptation du best-seller de la romanci\u00e8re italienne Michela Murgia, qui r\u00e9unit Alba Rohrwacher et Elio Germano \u2013 et succ\u00e8s du box-office transalpin depuis sa sortie le 9 octobre dernier \u2013 fera sa premi\u00e8re fran\u00e7aise en comp\u00e9tition <a href=\"https:\/\/www.boxofficepro.fr\/les-arcs-films-festival-2025-annonce-son-programme-et-son-jury\/\" target=\"_blank\" rel=\"noreferrer noopener nofollow\">au prochain Festival des Arcs<\/a>.<\/p>\n<p>Pour rappel, sur le premier semestre 2026, Nour Films sortira \u00e9galement Ce qu\u2019il reste de nous de Cherien Dabis le 11 mars, et Une fille en or de Jean-Luc Gaget le 15 avril.<\/p>\n<p>                                <a href=\"https:\/\/www.boxofficepro.fr\/wp-content\/uploads\/sites\/2\/2025\/11\/Cosmos-RECADRE-\u00a9-Nour-Films.png\" target=\"_blank\" rel=\"noopener nofollow\"><img width=\"600\" height=\"508\" src=\"https:\/\/www.europesays.com\/fr\/wp-content\/uploads\/2025\/11\/Cosmos-RECADRE-\u00a9-Nour-Films-600x508.png\" class=\"attachment-mobile size-mobile wp-post-image\" alt=\"\" decoding=\"async\" fetchpriority=\"high\"  \/><\/a><br \/>\n                                Cosmos \u00a9 Nour Films                            <\/p>\n","protected":false},"excerpt":{"rendered":"Cosmos \u00a9 Nour Films Dans la foul\u00e9e de son acquisition de Nuremberg de James Vanderbilt dat\u00e9 au 28&hellip;\n","protected":false},"author":2,"featured_media":529606,"comment_status":"","ping_status":"","sticky":false,"template":"","format":"standard","meta":{"footnotes":""},"categories":[1354],"tags":[58,59,1346,1011,27,1360],"class_list":{"0":"post-529605","1":"post","2":"type-post","3":"status-publish","4":"format-standard","5":"has-post-thumbnail","7":"category-films","8":"tag-divertissement","9":"tag-entertainment","10":"tag-films","11":"tag-fr","12":"tag-france","13":"tag-movies"},"share_on_mastodon":{"url":"https:\/\/pubeurope.com\/@fr\/115538253274506526","error":""},"_links":{"self":[{"href":"https:\/\/www.europesays.com\/fr\/wp-json\/wp\/v2\/posts\/529605","targetHints":{"allow":["GET"]}}],"collection":[{"href":"https:\/\/www.europesays.com\/fr\/wp-json\/wp\/v2\/posts"}],"about":[{"href":"https:\/\/www.europesays.com\/fr\/wp-json\/wp\/v2\/types\/post"}],"author":[{"embeddable":true,"href":"https:\/\/www.europesays.com\/fr\/wp-json\/wp\/v2\/users\/2"}],"replies":[{"embeddable":true,"href":"https:\/\/www.europesays.com\/fr\/wp-json\/wp\/v2\/comments?post=529605"}],"version-history":[{"count":0,"href":"https:\/\/www.europesays.com\/fr\/wp-json\/wp\/v2\/posts\/529605\/revisions"}],"wp:featuredmedia":[{"embeddable":true,"href":"https:\/\/www.europesays.com\/fr\/wp-json\/wp\/v2\/media\/529606"}],"wp:attachment":[{"href":"https:\/\/www.europesays.com\/fr\/wp-json\/wp\/v2\/media?parent=529605"}],"wp:term":[{"taxonomy":"category","embeddable":true,"href":"https:\/\/www.europesays.com\/fr\/wp-json\/wp\/v2\/categories?post=529605"},{"taxonomy":"post_tag","embeddable":true,"href":"https:\/\/www.europesays.com\/fr\/wp-json\/wp\/v2\/tags?post=529605"}],"curies":[{"name":"wp","href":"https:\/\/api.w.org\/{rel}","templated":true}]}}