{"id":529607,"date":"2025-11-12T18:56:13","date_gmt":"2025-11-12T18:56:13","guid":{"rendered":"https:\/\/www.europesays.com\/fr\/529607\/"},"modified":"2025-11-12T18:56:13","modified_gmt":"2025-11-12T18:56:13","slug":"laliment-anti-fatigue-numero-un-a-consommer-absolument-cet-automne","status":"publish","type":"post","link":"https:\/\/www.europesays.com\/fr\/529607\/","title":{"rendered":"L\u2019aliment anti fatigue num\u00e9ro un \u00e0 consommer absolument cet automne"},"content":{"rendered":"<p>Pourquoi la fatigue revient<br \/>\ntoujours en automne<\/p>\n<p data-start=\"611\" data-end=\"878\">Quand les feuilles tombent,<br \/>\nnotre \u00e9nergie aussi. La faute \u00e0 la m\u00e9latonine, l\u2019hormone du<br \/>\n<a href=\"https:\/\/www.modesettravaux.fr\/beaute-bien-etre\/sante-beaute-bien-etre\/ils-ont-modifie-ce-detail-dans-leur-chambre-leur-sommeil-na-plus-jamais-ete-le-meme-153936.html\" target=\"_blank\" rel=\"noopener\"><br \/>\nsommeil<\/a>, qui se d\u00e9r\u00e8gle lorsque la lumi\u00e8re du jour se fait<br \/>\nrare. R\u00e9sultat : le r\u00e9veil est plus difficile, la concentration<br \/>\nbaisse, et le moindre effort para\u00eet insurmontable.<\/p>\n<p data-start=\"880\" data-end=\"1292\">Pour rebooster le corps sans se<br \/>\nruer sur les compl\u00e9ments alimentaires, les nutritionnistes<br \/>\nrecommandent d\u2019adapter son assiette. En automne, notre organisme a<br \/>\nparticuli\u00e8rement besoin de magn\u00e9sium, de vitamines du groupe B et<br \/>\nd\u2019antioxydants pour soutenir le syst\u00e8me nerveux et lutter contre la<br \/>\nfatigue. C\u2019est l\u00e0 qu\u2019entre en jeu ce superaliment trop souvent<br \/>\noubli\u00e9 de nos cuisines : le son de riz.<\/p>\n<blockquote data-start=\"1294\" data-end=\"1571\">\n<p data-start=\"1296\" data-end=\"1571\">\u00a0Selon une \u00e9tude men\u00e9e<br \/>\npar l\u2019Universit\u00e9 de Montpellier-Avignon, une simple portion de 5 g<br \/>\npar jour de son de riz couvrirait jusqu\u2019\u00e0 300 % des besoins<br \/>\nquotidiens en vitamine B6, essentielle \u00e0 la production d\u2019\u00e9nergie et<br \/>\nau bon fonctionnement du syst\u00e8me immunitaire.<\/p>\n<\/blockquote>\n<p>Le son de riz, le secret<br \/>\nnutritionnel venu d\u2019Asie<\/p>\n<p data-start=\"1629\" data-end=\"1965\">Le son de riz, c\u2019est tout<br \/>\nsimplement l\u2019enveloppe externe du grain de riz. Une fine couche<br \/>\ndor\u00e9e, souvent \u00e9limin\u00e9e lors du raffinage, mais qui concentre \u00e0<br \/>\nelle seule pr\u00e8s de 60 % des nutriments du riz complet. En Asie, on<br \/>\nl\u2019utilise depuis des si\u00e8cles, aussi bien pour nourrir le corps que<br \/>\npour fortifier la peau et les cheveux.<\/p>\n<p data-start=\"1967\" data-end=\"2316\">Ce \u201ctr\u00e9sor nutritionnel\u201d est<br \/>\nl\u2019un des aliments les plus riches en magn\u00e9sium connus : environ 780<br \/>\nmg pour 100 g, selon le tableau Ciqual de l\u2019Anses. \u00c0 titre de<br \/>\ncomparaison, le chocolat noir en contient environ 200 mg pour la<br \/>\nm\u00eame quantit\u00e9. Pas \u00e9tonnant que les Japonais en consomment<br \/>\nr\u00e9guli\u00e8rement pour pr\u00e9venir la fatigue et le stress.<\/p>\n<p data-start=\"2318\" data-end=\"2342\">Et ce n\u2019est pas tout :<\/p>\n<ul data-start=\"2343\" data-end=\"2759\">\n<li data-start=\"2343\" data-end=\"2517\">\n<p data-start=\"2345\" data-end=\"2517\">Il regorge de tocotri\u00e9nols (de<br \/>\nla famille de la vitamine E) et d\u2019acide f\u00e9rulique, deux puissants<br \/>\nantioxydants qui aident \u00e0 combattre le vieillissement<br \/>\ncellulaire.<\/p>\n<\/li>\n<li data-start=\"2518\" data-end=\"2642\">\n<p data-start=\"2520\" data-end=\"2642\">Il apporte des prot\u00e9ines<br \/>\ncompl\u00e8tes, contenant tous les acides amin\u00e9s essentiels \u2014 un vrai<br \/>\nplus pour les v\u00e9g\u00e9tariens.<\/p>\n<\/li>\n<li data-start=\"2643\" data-end=\"2759\">\n<p data-start=\"2645\" data-end=\"2759\">Il contient aussi des<br \/>\nvitamines A et B6, qui stimulent la vitalit\u00e9 et soutiennent les<br \/>\nd\u00e9fenses immunitaires.<\/p>\n<\/li>\n<\/ul>\n<p data-start=\"2761\" data-end=\"2893\">Autrement dit, le son de riz<br \/>\nagit comme un bouclier naturel anti-fatigue, id\u00e9al pour traverser<br \/>\nla saison froide sans flancher.<\/p>\n<p>Comment consommer le son de<br \/>\nriz au quotidien<\/p>\n<p data-start=\"2946\" data-end=\"3134\">La bonne nouvelle, c\u2019est qu\u2019il<br \/>\ns\u2019int\u00e8gre facilement dans l\u2019<a href=\"https:\/\/www.modesettravaux.fr\/viepratique\/animaux\/ne-faites-plus-jamais-ca-un-simple-aliment-peut-les-condamner-sans-que-vous-le-sachiez-59530-156536.html\" target=\"_blank\" rel=\"noopener\">alimentation<\/a>,<br \/>\nsans effort ni go\u00fbt particulier. Son ar\u00f4me l\u00e9ger, qui rappelle la<br \/>\nnoisette, se marie bien avec de nombreux plats.<\/p>\n<p data-start=\"3136\" data-end=\"3185\">Voici quelques id\u00e9es simples<br \/>\npour en profiter :<\/p>\n<ul data-start=\"3186\" data-end=\"3590\">\n<li data-start=\"3186\" data-end=\"3281\">\n<p data-start=\"3188\" data-end=\"3281\">Ajoutez une cuill\u00e8re \u00e0 caf\u00e9 de<br \/>\nson de riz dans vos c\u00e9r\u00e9ales ou votre porridge du matin.<\/p>\n<\/li>\n<li data-start=\"3282\" data-end=\"3393\">\n<p data-start=\"3284\" data-end=\"3393\">M\u00e9langez-le \u00e0 un smoothie avec<br \/>\nune banane et un peu de lait v\u00e9g\u00e9tal pour un petit-d\u00e9jeuner<br \/>\n\u00e9nerg\u00e9tique.<\/p>\n<\/li>\n<li data-start=\"3394\" data-end=\"3468\">\n<p data-start=\"3396\" data-end=\"3468\">Saupoudrez-en sur un yaourt,<br \/>\nune soupe ou m\u00eame une salade.<\/p>\n<\/li>\n<li data-start=\"3469\" data-end=\"3590\">\n<p data-start=\"3471\" data-end=\"3590\">Int\u00e9grez-le \u00e0 vos p\u00e2tes \u00e0<br \/>\ng\u00e2teaux, pains ou brioches : il renforce la texture et booste la<br \/>\nvaleur nutritionnelle.<\/p>\n<\/li>\n<\/ul>\n<p data-start=\"3592\" data-end=\"3828\">L\u2019important, c\u2019est de le<br \/>\nchoisir bio et non raffin\u00e9, de pr\u00e9f\u00e9rence d\u2019origine europ\u00e9enne,<br \/>\nafin d\u2019\u00e9viter tout r\u00e9sidu de pesticides. Vous le trouverez<br \/>\nfacilement en magasin bio ou dans les rayons di\u00e9t\u00e9tiques des<br \/>\ngrandes surfaces.<\/p>\n<blockquote data-start=\"3830\" data-end=\"4054\">\n<p data-start=\"3832\" data-end=\"4054\">\u00a0Astuce bien-\u00eatre :<br \/>\ncommencez par une petite dose (1 cuill\u00e8re \u00e0 caf\u00e9 par jour), puis<br \/>\naugmentez progressivement. Comme tout aliment riche en fibres, il<br \/>\nvaut mieux le r\u00e9introduire doucement pour \u00e9viter les<br \/>\nballonnements.<\/p>\n<\/blockquote>\n<p>Le<br \/>\nson de riz, le compagnon id\u00e9al de l\u2019automne<\/p>\n<p data-start=\"4109\" data-end=\"4345\"><a href=\"https:\/\/www.modesettravaux.fr\/beaute-bien-etre\/sante-beaute-bien-etre\/une-simple-fatigue-cachait-en-realite-lun-des-diagnostics-les-plus-redoutes-155318.html\" target=\"_blank\" rel=\"noopener\"><br \/>\nFatigue<\/a>, stress, baisse de moral : autant de signaux que le<br \/>\ncorps envoie quand il manque de nutriments essentiels. En associant<br \/>\nune alimentation \u00e9quilibr\u00e9e \u00e0 quelques cuill\u00e8res de son de riz, on<br \/>\nnourrit \u00e0 la fois le corps et l\u2019esprit.<\/p>\n<p data-start=\"4347\" data-end=\"4614\">Et si le go\u00fbt discret de ce<br \/>\nsuperaliment ne fait pas r\u00eaver au premier abord, ses effets, eux,<br \/>\nse font vite sentir : sommeil plus r\u00e9parateur, meilleure<br \/>\nconcentration, \u00e9nergie retrouv\u00e9e. Bref, le genre d\u2019alli\u00e9 qu\u2019on<br \/>\nadopte sans h\u00e9siter quand les jours raccourcissent.<\/p>\n<p data-start=\"4616\" data-end=\"4776\">L\u2019automne n\u2019est pas une saison<br \/>\nde fatigue\u2026 \u00e0 condition de lui offrir ce dont il a besoin. Et<br \/>\nparfois, cela tient dans une simple cuill\u00e8re dor\u00e9e de son de<br \/>\nriz.<\/p>\n","protected":false},"excerpt":{"rendered":"Pourquoi la fatigue revient toujours en automne Quand les feuilles tombent, notre \u00e9nergie aussi. La faute \u00e0 la&hellip;\n","protected":false},"author":2,"featured_media":529608,"comment_status":"","ping_status":"","sticky":false,"template":"","format":"standard","meta":{"footnotes":""},"categories":[10],"tags":[39668,1011,27,72,71],"class_list":{"0":"post-529607","1":"post","2":"type-post","3":"status-publish","4":"format-standard","5":"has-post-thumbnail","7":"category-sante","8":"tag-discop","9":"tag-fr","10":"tag-france","11":"tag-health","12":"tag-sante"},"share_on_mastodon":{"url":"https:\/\/pubeurope.com\/@fr\/115538256526637829","error":""},"_links":{"self":[{"href":"https:\/\/www.europesays.com\/fr\/wp-json\/wp\/v2\/posts\/529607","targetHints":{"allow":["GET"]}}],"collection":[{"href":"https:\/\/www.europesays.com\/fr\/wp-json\/wp\/v2\/posts"}],"about":[{"href":"https:\/\/www.europesays.com\/fr\/wp-json\/wp\/v2\/types\/post"}],"author":[{"embeddable":true,"href":"https:\/\/www.europesays.com\/fr\/wp-json\/wp\/v2\/users\/2"}],"replies":[{"embeddable":true,"href":"https:\/\/www.europesays.com\/fr\/wp-json\/wp\/v2\/comments?post=529607"}],"version-history":[{"count":0,"href":"https:\/\/www.europesays.com\/fr\/wp-json\/wp\/v2\/posts\/529607\/revisions"}],"wp:featuredmedia":[{"embeddable":true,"href":"https:\/\/www.europesays.com\/fr\/wp-json\/wp\/v2\/media\/529608"}],"wp:attachment":[{"href":"https:\/\/www.europesays.com\/fr\/wp-json\/wp\/v2\/media?parent=529607"}],"wp:term":[{"taxonomy":"category","embeddable":true,"href":"https:\/\/www.europesays.com\/fr\/wp-json\/wp\/v2\/categories?post=529607"},{"taxonomy":"post_tag","embeddable":true,"href":"https:\/\/www.europesays.com\/fr\/wp-json\/wp\/v2\/tags?post=529607"}],"curies":[{"name":"wp","href":"https:\/\/api.w.org\/{rel}","templated":true}]}}