{"id":529616,"date":"2025-11-12T19:01:19","date_gmt":"2025-11-12T19:01:19","guid":{"rendered":"https:\/\/www.europesays.com\/fr\/529616\/"},"modified":"2025-11-12T19:01:19","modified_gmt":"2025-11-12T19:01:19","slug":"jack-schlossberg-le-petit-fils-de-john-fitzgerald-kennedy-candidat-au-congres-en-2026","status":"publish","type":"post","link":"https:\/\/www.europesays.com\/fr\/529616\/","title":{"rendered":"Jack Schlossberg, le petit-fils de John Fitzgerald Kennedy, candidat au Congr\u00e8s en 2026"},"content":{"rendered":"<p>\n    Le trentenaire d\u00e9mocrate estime que les \u00c9tats-Unis traversent \u00abune crise \u00e0 tous les niveaux\u00bb et rend directement responsable Donald Trump, qu\u2019il d\u00e9crit comme \u00abun homme dangereux\u00bb.<\/p>\n<p class=\"fig-paragraph\">Plus de 60 ans apr\u00e8s que son grand-p\u00e8re,<a href=\"http:\/\/www.lefigaro.fr\/flash-actu\/le-reste-des-archives-sur-l-assassinat-de-kennedy-rendu-public-par-l-administration-trump-20250319\" target=\"_blank\" data-fig-type=\"NewsFlash\" rel=\"noopener\" data-gtm-custom-categorie=\"navigation\" data-gtm-custom-action=\"crossclick\" data-gtm-custom-label=\"Contextuel\" data-gtm-event=\"customEventSPE\" data-fig-domain=\"LEFIGARO\">\u00a0John Fitzgerald Kennedy<\/a>, a \u00e9t\u00e9 pr\u00e9sident des \u00c9tats-Unis,\u00a0<a href=\"https:\/\/www.lefigaro.fr\/international\/jack-schlossberg-l-etonnant-petit-fils-de-jfk-devenu-la-coqueluche-des-reseaux-sociaux-20240930\" target=\"_blank\" data-fig-type=\"Article\" rel=\"noopener\" data-gtm-custom-categorie=\"navigation\" data-gtm-custom-action=\"crossclick\" data-gtm-custom-label=\"Contextuel\" data-gtm-event=\"customEventSPE\" data-fig-domain=\"LEFIGARO\">Jack Schlossberg<\/a>\u00a0a annonc\u00e9 mardi 11 novembre sa candidature comme repr\u00e9sentant d\u00e9mocrate d&rsquo;une circonscription de la ville de New York aux \u00e9lections de\u00a0<a href=\"http:\/\/www.lefigaro.fr\/international\/midterms-2026-des-elus-democrates-quittent-le-texas-pour-empecher-les-republicains-d-obtenir-plus-de-sieges-20250804\" target=\"_blank\" data-fig-type=\"NewsFlash\" rel=\"noopener\" data-gtm-custom-categorie=\"navigation\" data-gtm-custom-action=\"crossclick\" data-gtm-custom-label=\"Contextuel\" data-gtm-event=\"customEventSPE\" data-fig-domain=\"LEFIGARO\">mi-mandat<\/a>, le 3 novembre 2026, avec un discours anti-Trump. Dans une vid\u00e9o post\u00e9e sur ses r\u00e9seaux sociaux, John Bouvier Kennedy Schlossberg (son nom complet), 32 ans, estime que les \u00c9tats-Unis traversent \u00abune crise \u00e0 tous les niveaux\u00bb: \u00abco\u00fbt de la vie\u00bb, \u00abr\u00e9ductions historiques des programmes sociaux\u00bb, \u00abcrise de corruption\u00bb et \u00abcrise constitutionnelle\u00bb.<\/p>\n<p class=\"fig-paragraph\">Le candidat d\u00e9crit notamment le pr\u00e9sident comme \u00abun homme dangereux\u00bb qui \u00abprive les citoyens de leurs droits civiques\u00bb, \u00abr\u00e9duit ses critiques au silence\u00bb et pratique le \u00abcopinage\u00bb en mati\u00e8re \u00e9conomique. Surtout, il brandit le risque d&rsquo;un \u00abtroisi\u00e8me mandat\u00bb pour Donald Trump &#8211; proscrit par la Constitution, mais souvent \u00e9voqu\u00e9 par le r\u00e9publicain &#8211; si les d\u00e9mocrates ne prennent pas le contr\u00f4le du Congr\u00e8s.<\/p>\n<p>                                    <a class=\"fig-a11y-skip a11y-hidden\" href=\"#fig-a11y-skip-main-inarticle\"><br \/>\n        Passer la publicit\u00e9<br \/>\n    <\/a><\/p>\n<p class=\"fig-paragraph\">N\u00e9 et \u00e9lev\u00e9 \u00e0 New York, Jack Schlossberg est le fils de l&rsquo;ex-ambassadrice Caroline Kennedy et du designer et artiste Edwin Schlossberg. Form\u00e9 dans les prestigieuses universit\u00e9s Yale et Harvard, il s&rsquo;est sp\u00e9cialis\u00e9 dans le commentaire politique dans les m\u00e9dias et sur les r\u00e9seaux sociaux, avec 1,5 million d&rsquo;abonn\u00e9s sur Instagram et TikTok.<\/p>\n<p>Des primaires pr\u00e9vues<\/p>\n<p class=\"fig-paragraph\">Le poste vis\u00e9 par Jack Schlossberg, class\u00e9 \u00e0 gauche de son parti, est actuellement occup\u00e9 par le d\u00e9mocrate Jerry Nadler. Ce dernier va prendre sa retraite apr\u00e8s plus de trois d\u00e9cennies \u00e0 la Chambre des repr\u00e9sentants. Plusieurs autres candidats d\u00e9mocrates se sont d\u00e9clar\u00e9s pour lui succ\u00e9der, ouvrant la voie \u00e0 une primaire.<\/p>\n<p class=\"fig-paragraph\">Le petit-fils de JFK, pr\u00e9sident de 1961 \u00e0 son assassinat en 1963, fait partie des soutiens du prochain maire de New York, le d\u00e9mocrate Zohran Mamdani, socialiste revendiqu\u00e9 \u00e2g\u00e9 de 34 ans, \u00e9lu la semaine derni\u00e8re. Le ministre de la Sant\u00e9 de Donald Trump, Robert Kennedy Jr, est son cousin.<\/p>\n","protected":false},"excerpt":{"rendered":"Le trentenaire d\u00e9mocrate estime que les \u00c9tats-Unis traversent \u00abune crise \u00e0 tous les niveaux\u00bb et rend directement responsable&hellip;\n","protected":false},"author":2,"featured_media":529617,"comment_status":"","ping_status":"","sticky":false,"template":"","format":"standard","meta":{"footnotes":""},"categories":[5],"tags":[11,73,1011,27,14,56807,12,28],"class_list":{"0":"post-529616","1":"post","2":"type-post","3":"status-publish","4":"format-standard","5":"has-post-thumbnail","7":"category-international","8":"tag-actualites","9":"tag-etats-unis","10":"tag-fr","11":"tag-france","12":"tag-international","13":"tag-john-fitzgerald-kennedy","14":"tag-news","15":"tag-world"},"share_on_mastodon":{"url":"https:\/\/pubeurope.com\/@fr\/115538276129180878","error":""},"_links":{"self":[{"href":"https:\/\/www.europesays.com\/fr\/wp-json\/wp\/v2\/posts\/529616","targetHints":{"allow":["GET"]}}],"collection":[{"href":"https:\/\/www.europesays.com\/fr\/wp-json\/wp\/v2\/posts"}],"about":[{"href":"https:\/\/www.europesays.com\/fr\/wp-json\/wp\/v2\/types\/post"}],"author":[{"embeddable":true,"href":"https:\/\/www.europesays.com\/fr\/wp-json\/wp\/v2\/users\/2"}],"replies":[{"embeddable":true,"href":"https:\/\/www.europesays.com\/fr\/wp-json\/wp\/v2\/comments?post=529616"}],"version-history":[{"count":0,"href":"https:\/\/www.europesays.com\/fr\/wp-json\/wp\/v2\/posts\/529616\/revisions"}],"wp:featuredmedia":[{"embeddable":true,"href":"https:\/\/www.europesays.com\/fr\/wp-json\/wp\/v2\/media\/529617"}],"wp:attachment":[{"href":"https:\/\/www.europesays.com\/fr\/wp-json\/wp\/v2\/media?parent=529616"}],"wp:term":[{"taxonomy":"category","embeddable":true,"href":"https:\/\/www.europesays.com\/fr\/wp-json\/wp\/v2\/categories?post=529616"},{"taxonomy":"post_tag","embeddable":true,"href":"https:\/\/www.europesays.com\/fr\/wp-json\/wp\/v2\/tags?post=529616"}],"curies":[{"name":"wp","href":"https:\/\/api.w.org\/{rel}","templated":true}]}}