{"id":529618,"date":"2025-11-12T19:02:17","date_gmt":"2025-11-12T19:02:17","guid":{"rendered":"https:\/\/www.europesays.com\/fr\/529618\/"},"modified":"2025-11-12T19:02:17","modified_gmt":"2025-11-12T19:02:17","slug":"la-strategie-cynique-et-vouee-a-lechec-de-salah-abdeslam","status":"publish","type":"post","link":"https:\/\/www.europesays.com\/fr\/529618\/","title":{"rendered":"la strat\u00e9gie cynique et vou\u00e9e \u00e0 l\u2019\u00e9chec de Salah Abdeslam"},"content":{"rendered":"<p>\n    <strong>D\u00c9CRYPTAGE &#8211; <\/strong>En pleine comm\u00e9moration des attentats, le terroriste du 13 Novembre, \u00e0 nouveau mis en examen, dit vouloir rencontrer ses victimes.<\/p>\n<p class=\"fig-paragraph\">Sans foi ni loi, mais avec une bonne dose de cynisme et de cruaut\u00e9. Alors qu\u2019il purge \u00e0 l\u2019isolement sa peine d\u2019emprisonnement \u00e0 perp\u00e9tuit\u00e9, le djihadiste\u00a0<a href=\"http:\/\/www.lefigaro.fr\/actualite-france\/salah-abdeslam-en-garde-a-vue-puis-remis-en-cellule-pour-detention-d-un-objet-illicite-20251106\" target=\"_blank\" data-fig-type=\"NewsFlash\" rel=\"noopener\" data-gtm-custom-categorie=\"navigation\" data-gtm-custom-action=\"crossclick\" data-gtm-custom-label=\"Contextuel\" data-gtm-event=\"customEventSPE\" data-fig-domain=\"LEFIGARO\">Salah Abdeslam<\/a>\u00a0a choisi la semaine du\u00a0<a href=\"http:\/\/www.lefigaro.fr\/actualite-france\/indemnisation-des-victimes-du-13-novembre-le-prix-des-larmes-et-de-la-douleur-20251112\" target=\"_blank\" data-fig-type=\"Article\" rel=\"noopener\" data-gtm-custom-categorie=\"navigation\" data-gtm-custom-action=\"crossclick\" data-gtm-custom-label=\"Contextuel\" data-gtm-event=\"customEventSPE\" data-fig-domain=\"LEFIGARO\">13 novembre 2025<\/a>\u00a0pour demander un processus de justice restaurative, afin de rencontrer ses victimes. La requ\u00eate sera d\u2019autant plus difficile \u00e0 accorder, pour le Parquet national antiterroriste, que ce dernier a demand\u00e9 la mise en examen du terroriste pour \u00abintroduction d\u2019objets illicites en d\u00e9tention\u00bb contenant de la propagande de l\u2019\u00c9tat islamique et d\u2019Al Qa\u00efda.<\/p>\n<p class=\"fig-paragraph\">Certes, en mati\u00e8re de justice restaurative, l\u2019article 10-1 du Code de proc\u00e9dure p\u00e9nale instaur\u00e9 par la loi du 15 ao\u00fbt 2014 n\u2019exclut aucun crime, pas m\u00eame ceux de terrorisme. Ce dispositif l\u00e9gal qu\u2019accompagne une circulaire du 15 mars 2017 dispose que \u00abconstitue une mesure de justice restaurative toute mesure permettant \u00e0 une victime ainsi qu\u2019\u00e0 l\u2019auteur d\u2019une infraction de participer activement \u00e0 la r\u00e9solution des difficult\u00e9s r\u00e9sultant de l\u2019infraction\u2026<\/p>\n<p class=\"fig-premium-paywall__infos\">\n        Cet article est r\u00e9serv\u00e9 aux abonn\u00e9s.        Il vous reste 74% \u00e0 d\u00e9couvrir.\n    <\/p>\n<p>                <img  data- alt=\"Le Figaro\" class=\"fig-img--complete fig-img\"\/><\/p>\n<p class=\"fig-premium-paywall__title\">Black Friday<\/p>\n<p class=\"fig-premium-paywall__subtitle\">-70% sur l&rsquo;abonnement num\u00e9rique<\/p>\n<p class=\"fig-premium-paywall__connect\">\n                D\u00e9j\u00e0 abonn\u00e9\u00a0?                <a class=\"fig-premium-paywall__connect-link\" href=\"https:\/\/connect.lefigaro.fr\/login?client=horizon_web&amp;type=main&amp;redirect_uri=https%3A%2F%2Fwww.lefigaro.fr%2Factualite-france%2Fjustice-restaurative-la-strategie-cynique-et-vouee-a-l-echec-de-salah-abdeslam-20251112\" data-js-gtm=\"{&quot;customCategorie&quot;: &quot;conversion&quot;, &quot;customAction&quot;: &quot;before_Landing_Connexion_paywall_auto&quot;, &quot;customLabel&quot;: &quot;bGVmaWdhcm8uZnJfXzFmMGJmYTk1LWZmNzYtNjU3NC04ZTM5LTI3ZGQ0NjVmYjA2M19fQXJ0aWNsZQ==_Justice restaurative\u00a0: la strat\u00e9gie cynique et vou\u00e9e \u00e0 l\u2019\u00e9chec de Salah Abdeslam_443&quot;, &quot;customIDSPE&quot;: &quot;bGVmaWdhcm8uZnJfXzFmMGJmYTk1LWZmNzYtNjU3NC04ZTM5LTI3ZGQ0NjVmYjA2M19fQXJ0aWNsZQ==&quot;, &quot;event&quot;: &quot;customEventSPE&quot;}\" target=\"_blank\" rel=\"noopener\"><br \/>\n                    Connectez-vous<br \/>\n                <\/a>\n            <\/p>\n","protected":false},"excerpt":{"rendered":"D\u00c9CRYPTAGE &#8211; En pleine comm\u00e9moration des attentats, le terroriste du 13 Novembre, \u00e0 nouveau mis en examen, dit&hellip;\n","protected":false},"author":2,"featured_media":529619,"comment_status":"","ping_status":"","sticky":false,"template":"","format":"standard","meta":{"footnotes":""},"categories":[4],"tags":[64188,11,1011,27,12,25,63713,1254],"class_list":{"0":"post-529618","1":"post","2":"type-post","3":"status-publish","4":"format-standard","5":"has-post-thumbnail","7":"category-france","8":"tag-13-novembre","9":"tag-actualites","10":"tag-fr","11":"tag-france","12":"tag-news","13":"tag-republique-francaise","14":"tag-salah-abdeslam","15":"tag-terrorisme"},"share_on_mastodon":{"url":"https:\/\/pubeurope.com\/@fr\/115538280103731887","error":""},"_links":{"self":[{"href":"https:\/\/www.europesays.com\/fr\/wp-json\/wp\/v2\/posts\/529618","targetHints":{"allow":["GET"]}}],"collection":[{"href":"https:\/\/www.europesays.com\/fr\/wp-json\/wp\/v2\/posts"}],"about":[{"href":"https:\/\/www.europesays.com\/fr\/wp-json\/wp\/v2\/types\/post"}],"author":[{"embeddable":true,"href":"https:\/\/www.europesays.com\/fr\/wp-json\/wp\/v2\/users\/2"}],"replies":[{"embeddable":true,"href":"https:\/\/www.europesays.com\/fr\/wp-json\/wp\/v2\/comments?post=529618"}],"version-history":[{"count":0,"href":"https:\/\/www.europesays.com\/fr\/wp-json\/wp\/v2\/posts\/529618\/revisions"}],"wp:featuredmedia":[{"embeddable":true,"href":"https:\/\/www.europesays.com\/fr\/wp-json\/wp\/v2\/media\/529619"}],"wp:attachment":[{"href":"https:\/\/www.europesays.com\/fr\/wp-json\/wp\/v2\/media?parent=529618"}],"wp:term":[{"taxonomy":"category","embeddable":true,"href":"https:\/\/www.europesays.com\/fr\/wp-json\/wp\/v2\/categories?post=529618"},{"taxonomy":"post_tag","embeddable":true,"href":"https:\/\/www.europesays.com\/fr\/wp-json\/wp\/v2\/tags?post=529618"}],"curies":[{"name":"wp","href":"https:\/\/api.w.org\/{rel}","templated":true}]}}