{"id":529624,"date":"2025-11-12T19:06:14","date_gmt":"2025-11-12T19:06:14","guid":{"rendered":"https:\/\/www.europesays.com\/fr\/529624\/"},"modified":"2025-11-12T19:06:14","modified_gmt":"2025-11-12T19:06:14","slug":"nancy-un-jeune-ukrainien-juge-pour-tentative-dassassinat-sur-son-ex","status":"publish","type":"post","link":"https:\/\/www.europesays.com\/fr\/529624\/","title":{"rendered":"Nancy. Un jeune Ukrainien jug\u00e9 pour tentative d\u2019assassinat sur son ex"},"content":{"rendered":"<p>Dans le box des accus\u00e9s, d\u00e9tenu depuis maintenant plus de deux ans et demi, un profil que les habitu\u00e9s des pr\u00e9toires d\u2019assises voient rarement. Un homme qui n\u2019a jamais eu affaire \u00e0 la justice, au casier vierge, d\u00e9crit comme intelligent, et qui, bien que de nationalit\u00e9 ukrainienne, parle bien fran\u00e7ais. Dmytro Savchuk, c\u2019est de lui dont il s\u2019agit, 21 ans, est jug\u00e9&#8230;<\/p>\n","protected":false},"excerpt":{"rendered":"Dans le box des accus\u00e9s, d\u00e9tenu depuis maintenant plus de deux ans et demi, un profil que les&hellip;\n","protected":false},"author":2,"featured_media":529625,"comment_status":"","ping_status":"","sticky":false,"template":"","format":"standard","meta":{"footnotes":""},"categories":[9635],"tags":[1111,11,1704,1777,674,274,1011,27,775,3457,1702,1703,12,3456,25],"class_list":{"0":"post-529624","1":"post","2":"type-post","3":"status-publish","4":"format-standard","5":"has-post-thumbnail","7":"category-nancy","8":"tag-actu","9":"tag-actualites","10":"tag-edition-nancy-et-agglomeration","11":"tag-eu","12":"tag-europe","13":"tag-faits-divers-justice","14":"tag-fr","15":"tag-france","16":"tag-grand-est","17":"tag-meurthe-et-moselle","18":"tag-nancy","19":"tag-nancy-ville-54b","20":"tag-news","21":"tag-region-lorraine","22":"tag-republique-francaise"},"share_on_mastodon":{"url":"https:\/\/pubeurope.com\/@fr\/115538295708462736","error":""},"_links":{"self":[{"href":"https:\/\/www.europesays.com\/fr\/wp-json\/wp\/v2\/posts\/529624","targetHints":{"allow":["GET"]}}],"collection":[{"href":"https:\/\/www.europesays.com\/fr\/wp-json\/wp\/v2\/posts"}],"about":[{"href":"https:\/\/www.europesays.com\/fr\/wp-json\/wp\/v2\/types\/post"}],"author":[{"embeddable":true,"href":"https:\/\/www.europesays.com\/fr\/wp-json\/wp\/v2\/users\/2"}],"replies":[{"embeddable":true,"href":"https:\/\/www.europesays.com\/fr\/wp-json\/wp\/v2\/comments?post=529624"}],"version-history":[{"count":0,"href":"https:\/\/www.europesays.com\/fr\/wp-json\/wp\/v2\/posts\/529624\/revisions"}],"wp:featuredmedia":[{"embeddable":true,"href":"https:\/\/www.europesays.com\/fr\/wp-json\/wp\/v2\/media\/529625"}],"wp:attachment":[{"href":"https:\/\/www.europesays.com\/fr\/wp-json\/wp\/v2\/media?parent=529624"}],"wp:term":[{"taxonomy":"category","embeddable":true,"href":"https:\/\/www.europesays.com\/fr\/wp-json\/wp\/v2\/categories?post=529624"},{"taxonomy":"post_tag","embeddable":true,"href":"https:\/\/www.europesays.com\/fr\/wp-json\/wp\/v2\/tags?post=529624"}],"curies":[{"name":"wp","href":"https:\/\/api.w.org\/{rel}","templated":true}]}}