{"id":529630,"date":"2025-11-12T19:11:24","date_gmt":"2025-11-12T19:11:24","guid":{"rendered":"https:\/\/www.europesays.com\/fr\/529630\/"},"modified":"2025-11-12T19:11:24","modified_gmt":"2025-11-12T19:11:24","slug":"le-cac-40-atteint-un-nouveau-record-historique-en-seance","status":"publish","type":"post","link":"https:\/\/www.europesays.com\/fr\/529630\/","title":{"rendered":"Le Cac 40\u00a0atteint un nouveau record historique en s\u00e9ance"},"content":{"rendered":"<p>Le CAC 40, l\u2019indice vedette de la Bourse de Paris a atteint ce mercredi 12\u00a0novembre 2025 un nouveau sommet historique, profitant de la fin imminente du blocage budg\u00e9taire aux \u00c9tats-Unis, qui doit \u00eatre vot\u00e9e en soir\u00e9e au Congr\u00e8s am\u00e9ricain.<\/p>\n<p>L\u2019indice parisien, qui r\u00e9unit les actions des 40\u00a0plus grandes entreprises fran\u00e7aises (dont LVMH, Renault ou BNP Paribas) a d\u00e9pass\u00e9 son pr\u00e9c\u00e9dent sommet historique en s\u00e9ance, qui datait <a href=\"https:\/\/rennes.maville.com\/actu\/actudet_-le-cac-40-bat-son-record-historique-et-atteint-8-271-points-_54135-7030700_actu.Htm\" target=\"_self\" rel=\"noopener\">du 21\u00a0octobre<\/a>, et affiche d\u00e9sormais un nouveau record absolu \u00e0 8\u00a0280,97\u00a0points. \u00c0 16\u00a0h\u00a020, le CAC 40\u00a0s\u2019affichait en hausse de 1,34\u00a0%.<\/p>\n<p>Fin du shutdown<\/p>\n<p><strong>\u00ab\u00a0La perspective d\u2019une fin du shutdown am\u00e9ricain, attendue dans la journ\u00e9e, alimente la demande pour les actifs risqu\u00e9s\u00a0\u00bb,<\/strong> explique Kathleen Brooks, directrice de la recherche chez XTB.<\/p>\n<p>La Chambre am\u00e9ricaine des repr\u00e9sentants doit voter mercredi un texte, salu\u00e9 comme<strong> \u00ab\u00a0une tr\u00e8s grande victoire\u00a0\u00bb<\/strong> par Donald Trump, pour <a href=\"https:\/\/rennes.maville.com\/actu\/actudet_--shutdown-aux-etats-unis-un-accord-provisoire-au-senat-en-vue-de-mettre-fin-a-la-paralysie-budgetaire-_54135-7056601_actu.Htm\" target=\"_self\" rel=\"noopener\">mettre fin \u00e0 la plus longue paralysie budg\u00e9taire de l\u2019histoire des \u00c9tats-Unis<\/a>. Ces plus de 40\u00a0jours d\u2019impasse budg\u00e9taire, provoqu\u00e9e par un bras de fer sur les d\u00e9penses d\u2019assurance sant\u00e9 pour les plus pauvres, ont mis des milliers de fonctionnaires au ch\u00f4mage technique.<\/p>\n<p>Mardi soir, la puissante commission des r\u00e8gles de la Chambre, qui examine les projets de loi avant qu\u2019ils ne soient soumis au vote des parlementaires, a indiqu\u00e9 sur son site internet avoir donn\u00e9 son feu vert \u00e0 l\u2019examen du projet de loi adopt\u00e9 par le S\u00e9nat la veille. Gr\u00e2ce \u00e0 ce feu vert proc\u00e9dural indispensable, la Chambre domin\u00e9e par les r\u00e9publicains pourra voter le texte mercredi en soir\u00e9e. Il ne resterait alors que la signature pr\u00e9sidentielle pour lever le \u00ab\u00a0shutdown\u00a0\u00bb apr\u00e8s plus de 40\u00a0jours d\u2019impasse.<\/p>\n<p>La tech a moins la cote<\/p>\n<p>En parall\u00e8le, une <strong>\u00ab\u00a0une rotation sectorielle\u00a0\u00bb<\/strong> s\u2019op\u00e8re sur les march\u00e9s d\u2019apr\u00e8s Daniela Hathorn, analyste de Capital.com. <strong>\u00ab\u00a0Les investisseurs d\u00e9laissent les grandes valeurs technologiques et d\u00e9fensives au profit des banques, du secteur des loisirs et de l\u2019\u00e9nergie\u00a0\u00bb.<\/strong><\/p>\n<p><strong>\u00ab\u00a0Cette dynamique profite aux march\u00e9s europ\u00e9ens, qui attirent aussi les investisseurs en qu\u00eate de diversification r\u00e9gionale apr\u00e8s une forte exposition aux valeurs technologiques am\u00e9ricaines\u00a0\u00bb,<\/strong> poursuit-elle.<\/p>\n<p>\u00a0<\/p>\n","protected":false},"excerpt":{"rendered":"Le CAC 40, l\u2019indice vedette de la Bourse de Paris a atteint ce mercredi 12\u00a0novembre 2025 un nouveau&hellip;\n","protected":false},"author":2,"featured_media":529631,"comment_status":"","ping_status":"","sticky":false,"template":"","format":"standard","meta":{"footnotes":""},"categories":[9619],"tags":[5058,1111,11,14647,5057,1777,674,1011,27,15287,12,4565,882,3241,25,6765,2310],"class_list":{"0":"post-529630","1":"post","2":"type-post","3":"status-publish","4":"format-standard","5":"has-post-thumbnail","7":"category-toulon","8":"tag-5058","9":"tag-actu","10":"tag-actualites","11":"tag-atteint","12":"tag-cac","13":"tag-eu","14":"tag-europe","15":"tag-fr","16":"tag-france","17":"tag-historique","18":"tag-news","19":"tag-nouveau","20":"tag-provence-alpes-cote-dazur","21":"tag-record","22":"tag-republique-francaise","23":"tag-seance","24":"tag-toulon"},"share_on_mastodon":{"url":"https:\/\/pubeurope.com\/@fr\/115538315527557158","error":""},"_links":{"self":[{"href":"https:\/\/www.europesays.com\/fr\/wp-json\/wp\/v2\/posts\/529630","targetHints":{"allow":["GET"]}}],"collection":[{"href":"https:\/\/www.europesays.com\/fr\/wp-json\/wp\/v2\/posts"}],"about":[{"href":"https:\/\/www.europesays.com\/fr\/wp-json\/wp\/v2\/types\/post"}],"author":[{"embeddable":true,"href":"https:\/\/www.europesays.com\/fr\/wp-json\/wp\/v2\/users\/2"}],"replies":[{"embeddable":true,"href":"https:\/\/www.europesays.com\/fr\/wp-json\/wp\/v2\/comments?post=529630"}],"version-history":[{"count":0,"href":"https:\/\/www.europesays.com\/fr\/wp-json\/wp\/v2\/posts\/529630\/revisions"}],"wp:featuredmedia":[{"embeddable":true,"href":"https:\/\/www.europesays.com\/fr\/wp-json\/wp\/v2\/media\/529631"}],"wp:attachment":[{"href":"https:\/\/www.europesays.com\/fr\/wp-json\/wp\/v2\/media?parent=529630"}],"wp:term":[{"taxonomy":"category","embeddable":true,"href":"https:\/\/www.europesays.com\/fr\/wp-json\/wp\/v2\/categories?post=529630"},{"taxonomy":"post_tag","embeddable":true,"href":"https:\/\/www.europesays.com\/fr\/wp-json\/wp\/v2\/tags?post=529630"}],"curies":[{"name":"wp","href":"https:\/\/api.w.org\/{rel}","templated":true}]}}