{"id":529636,"date":"2025-11-12T19:15:14","date_gmt":"2025-11-12T19:15:14","guid":{"rendered":"https:\/\/www.europesays.com\/fr\/529636\/"},"modified":"2025-11-12T19:15:14","modified_gmt":"2025-11-12T19:15:14","slug":"hors-club-a-laeroport-de-boos-cest-fini-les-organisateurs-annoncent-la-fin-de-laventure","status":"publish","type":"post","link":"https:\/\/www.europesays.com\/fr\/529636\/","title":{"rendered":"Hors Club \u00e0 l\u2019a\u00e9roport de Boos, c\u2019est fini : les organisateurs annoncent la fin de l\u2019aventure"},"content":{"rendered":"<p>C\u2019\u00e9tait cens\u00e9 \u00eatre l\u2019un des rendez-vous festifs de la fin d\u2019ann\u00e9e pr\u00e8s de Rouen : <strong>Hors Club<\/strong>, un \u00e9v\u00e9nement \u00e9lectro et convivial pr\u00e9vu les <strong>Vendredi 21 et Samedi 22 novembre<\/strong> \u00e0 l\u2019a\u00e9roport de Rouen \u2013 Vall\u00e9e de Seine (Boos).<\/p>\n<p>Apr\u00e8s une premi\u00e8re annulation au <strong>Pacific Vapeur Club<\/strong>, les organisateurs pensaient avoir trouv\u00e9 le spot parfait pour relancer le projet.<\/p>\n<p>Finalement, ils viennent d\u2019annoncer une <strong>double nouvelle<\/strong> :<\/p>\n<ul class=\"wp-block-list\">\n<li>l\u2019<strong>annulation d\u00e9finitive<\/strong> de l\u2019\u00e9v\u00e9nement \u00e0 l\u2019a\u00e9roport,<\/li>\n<li>et, plus dur encore, <strong>la fin de Hors Club<\/strong>.<\/li>\n<\/ul>\n<p>On te r\u00e9sume.<\/p>\n<p><strong>Un projet ambitieux, qui collait bien \u00e0 l\u2019avenir de l\u2019a\u00e9roport<\/strong><\/p>\n<p>Hors Club, ce n\u2019\u00e9tait pas juste une \u201csoir\u00e9e de plus\u201d dans l\u2019agenda.<br \/>Derri\u00e8re, il y avait :<\/p>\n<ul class=\"wp-block-list\">\n<li>un <strong>investissement de 30 000 \u20ac<\/strong>,<\/li>\n<li><strong>12 400 \u20ac de pertes non remboursables<\/strong> (acomptes, frais d\u00e9j\u00e0 engag\u00e9s),<\/li>\n<li>des <strong>entreprises rouennaises<\/strong> mobilis\u00e9es pour la s\u00e9curit\u00e9, la logistique, l\u2019audiovisuel, les transports,<\/li>\n<li>environ <strong>60 personnes<\/strong> impliqu\u00e9es dans l\u2019organisation et la technique,<\/li>\n<li><strong>50 b\u00e9n\u00e9voles<\/strong> pr\u00eats \u00e0 s\u2019investir,<\/li>\n<li>des <strong>commer\u00e7ants et restaurateurs locaux<\/strong> associ\u00e9s pour la partie food.<\/li>\n<\/ul>\n<p>Le choix de l\u2019a\u00e9roport n\u2019\u00e9tait pas anodin non plus.<br \/>L\u2019a\u00e9roport de Boos est en pleine dynamique : il tourne aujourd\u2019hui avec des <strong>vols d\u2019affaires<\/strong>, et devrait, selon les annonces faites, <strong>accueillir bient\u00f4t des compagnies a\u00e9riennes<\/strong> pour proposer des <strong>lignes r\u00e9guli\u00e8res<\/strong> au d\u00e9part de Rouen.<\/p>\n<p>Un \u00e9v\u00e9nement comme Hors Club s\u2019inscrivait donc dans cette volont\u00e9 de <strong>faire vivre le site<\/strong>, de le faire conna\u00eetre du grand public et de l\u2019inscrire davantage dans le paysage local comme un lieu qui bouge, pas seulement une piste de d\u00e9collage.<\/p>\n<p>Le projet commen\u00e7ait aussi \u00e0 attirer des partenaires au-del\u00e0 du local :<\/p>\n<p>les organisateurs expliquent avoir \u00e9t\u00e9 <strong>contact\u00e9s par une cha\u00eene de t\u00e9l\u00e9vision<\/strong> pour un reportage sur les nouvelles fa\u00e7ons de faire la f\u00eate, ainsi que par <strong>plusieurs radios<\/strong> int\u00e9ress\u00e9es par un partenariat autour de l\u2019\u00e9v\u00e9nement.<\/p>\n<p>Autrement dit : un projet qui pesait d\u00e9j\u00e0 lourd, bien au-del\u00e0 d\u2019une simple soir\u00e9e entre potes.<\/p>\n<blockquote class=\"instagram-media\" data-instgrm-permalink=\"https:\/\/www.instagram.com\/p\/DQ9vjR5iNvY\/?utm_source=ig_embed&amp;utm_campaign=loading\" data-instgrm-version=\"14\" style=\" background:#FFF; border:0; border-radius:3px; box-shadow:0 0 1px 0 rgba(0,0,0,0.5),0 1px 10px 0 rgba(0,0,0,0.15); margin: 1px; max-width:540px; min-width:326px; padding:0; width:99.375%; width:-webkit-calc(100% - 2px); width:calc(100% - 2px);\" wp_automatic_readability=\"-0.23076923076923\"\/><p><strong>Des d\u00e9marches avec la mairie de Boos qui n\u2019aboutissent pas<\/strong><\/p>\n<p>les organisateurs indiquent que <strong>la pr\u00e9fecture leur avait notifi\u00e9 que le projet \u00e9tait conforme<\/strong>, qu\u2019elle <strong>n\u2019avait pas \u00e0 intervenir<\/strong> dans ce cas pr\u00e9cis, l\u2019\u00e9v\u00e9nement ne se d\u00e9roulant pas sur l\u2019espace public et devant accueillir <strong>moins de 5 000 participants<\/strong>.<\/p>\n<p>Bref, sur le papier, tout semblait en r\u00e8gle.<\/p>\n<p>Le<strong> lundi 10 novembre, l<\/strong>es organisateurs prennent contact avec la mairie de Boos pour se pr\u00e9senter, comme ils le font \u00e0 chaque fois qu\u2019ils organisent un \u00e9v\u00e9nement dans une commune.<\/p>\n<p>Selon eux, malgr\u00e9 plusieurs d\u00e9marches et un d\u00e9placement en mairie pour d\u00e9tailler l\u2019organisation,<\/p>\n<blockquote class=\"wp-block-quote is-layout-flow wp-block-quote-is-layout-flow\" wp_automatic_readability=\"5\">\n<p>\u00ab nous n\u2019avons pas r\u00e9ussi \u00e0 trouver de terrain d\u2019entente avec la mairie de Boos. \u00bb<\/p>\n<\/blockquote>\n<p>Ils expliquent notamment que,<\/p>\n<blockquote class=\"wp-block-quote is-layout-flow wp-block-quote-is-layout-flow\" wp_automatic_readability=\"7\">\n<p>\u00ab il nous a \u00e9t\u00e9 indiqu\u00e9 qu\u2019une interdiction de d\u00e9bit de boisson serait prise si l\u2019\u00e9v\u00e9nement \u00e9tait maintenu \u00bb,<\/p>\n<\/blockquote>\n<p>rendant l\u2019organisation impossible dans des conditions normales.<\/p>\n<p>Les organisateurs tiennent \u00e0 pr\u00e9ciser qu\u2019ils ont <strong>l\u2019habitude de travailler en bonne entente avec l\u2019ensemble des acteurs locaux<\/strong> (mairies, pr\u00e9fecture, forces de l\u2019ordre, gestionnaires de lieux, associations\u2026) et que, dans ce cas pr\u00e9cis, <strong>\u201caucune solution satisfaisante n\u2019a pu \u00eatre trouv\u00e9e\u201d<\/strong>, malgr\u00e9 les \u00e9changes et leur volont\u00e9 de s\u2019adapter.<\/p>\n<blockquote class=\"wp-block-quote is-layout-flow wp-block-quote-is-layout-flow\" wp_automatic_readability=\"10\">\n<p>\u00ab Nous \u00e9tions \u00e0 des kilom\u00e8tres d\u2019imaginer que le maire s\u2019opposerait \u00e0 l\u2019\u00e9v\u00e9nement, alors que la pr\u00e9fecture nous avait confirm\u00e9 par e-mail qu\u2019il s\u2019agissait d\u2019un lieu priv\u00e9 accueillant moins de 5 000 participants, et qu\u2019aucune autorisation particuli\u00e8re n\u2019\u00e9tait donc n\u00e9cessaire. \u00bb<\/p>\n<\/blockquote>\n<p><strong>Une d\u00e9cision lourde : la fin de Hors Club<\/strong><\/p>\n<p>Face \u00e0 :<\/p>\n<ul class=\"wp-block-list\">\n<li>la <strong>perte financi\u00e8re importante<\/strong>,<\/li>\n<li>l\u2019impossibilit\u00e9 d\u2019organiser l\u2019\u00e9v\u00e9nement dans un cadre qu\u2019ils jugent s\u00e9curis\u00e9 et coh\u00e9rent,<\/li>\n<li>et la d\u00e9ception des partenaires et b\u00e9n\u00e9voles d\u00e9j\u00e0 mobilis\u00e9s,<\/li>\n<\/ul>\n<p>les organisateurs ont pris une d\u00e9cision radicale :<\/p>\n<p>\ud83d\udc49 <strong>mettre un terme \u00e0 l\u2019aventure Hors Club.<\/strong><\/p>\n<p>Ils expliquent vivre cette d\u00e9cision comme un <strong>immense cr\u00e8ve-c\u0153ur<\/strong>, apr\u00e8s des mois de travail pour proposer un \u00e9v\u00e9nement festif, encadr\u00e9 et respectueux des territoires o\u00f9 il s\u2019implante.<\/p>\n<p><strong>Des remerciements appuy\u00e9s aux partenaires<\/strong><\/p>\n<p>Dans leur communiqu\u00e9, l\u2019\u00e9quipe Hors Club tient \u00e0 remercier :<\/p>\n<p style=\"margin: 0; color: #000000; font-size: 16px; font-weight: bold;\">\u00c0 voir aussi sur Rouen Bouge<\/p>\n<\/p>\n<p>                    \u2716\n                <\/p>\n<ul class=\"wp-block-list\">\n<li><strong>l\u2019a\u00e9roport de Boos<\/strong> et le <strong>groupe Sealar<\/strong>, avec qui ils ont longuement travaill\u00e9 sur la mise en place du projet,<\/li>\n<li>la <strong>brigade de gendarmerie de Boos<\/strong>, pour des \u00e9changes jug\u00e9s \u00ab constructifs, \u00e0 l\u2019\u00e9coute et force de conseil \u00bb,<\/li>\n<li><strong>la Croix-Rouge<\/strong>, qui accompagne et soutient l\u2019organisation sur tous leurs \u00e9v\u00e9nements,<\/li>\n<li>Ainsi que <strong>les services de la pr\u00e9fecture<\/strong>, pour leur accompagnement et leurs recommandations tout au long du dossier.<\/li>\n<\/ul>\n<p><strong>Et pour les billets : tout le monde sera rembours\u00e9<\/strong><\/p>\n<p>Bonne nouvelle au milieu de tout \u00e7a :<\/p>\n<p>\ud83d\udc49 <strong>tous les billets seront int\u00e9gralement rembours\u00e9s<\/strong>,<\/p>\n<ul class=\"wp-block-list\">\n<li>ceux achet\u00e9s pour l\u2019\u00e9v\u00e9nement \u00e0 l\u2019a\u00e9roport de Boos,<\/li>\n<li><strong>y compris<\/strong> ceux de la date initialement pr\u00e9vue au <strong>Pacific Vapeur Club<\/strong>.<\/li>\n<\/ul>\n<p>Les d\u00e9tails pratiques (d\u00e9lais, modalit\u00e9s, plateforme de billetterie) seront envoy\u00e9s directement aux personnes ayant r\u00e9serv\u00e9.<\/p>\n<p>\u00c0 Rouen Bouge, on continuera \u00e0 suivre de pr\u00e8s <strong>les initiatives locales qui font bouger la nuit, la culture et les lieux de vie<\/strong> autour de Rouen.<\/p>\n<p>Et on esp\u00e8re que, malgr\u00e9 cette fin brutale, d\u2019autres projets verront le jour, avec autant d\u2019envie\u2026 et un peu plus de chance dans les discussions.<\/p>\n<p>            <script async src=\"\/\/www.instagram.com\/embed.js\"><\/script><\/p>\n","protected":false},"excerpt":{"rendered":"C\u2019\u00e9tait cens\u00e9 \u00eatre l\u2019un des rendez-vous festifs de la fin d\u2019ann\u00e9e pr\u00e8s de Rouen : Hors Club, un&hellip;\n","protected":false},"author":2,"featured_media":529637,"comment_status":"","ping_status":"","sticky":false,"template":"","format":"standard","meta":{"footnotes":""},"categories":[9587],"tags":[1111,11,1777,674,1011,27,12,5161,25,9590],"class_list":{"0":"post-529636","1":"post","2":"type-post","3":"status-publish","4":"format-standard","5":"has-post-thumbnail","7":"category-rouen","8":"tag-actu","9":"tag-actualites","10":"tag-eu","11":"tag-europe","12":"tag-fr","13":"tag-france","14":"tag-news","15":"tag-normandie","16":"tag-republique-francaise","17":"tag-rouen"},"share_on_mastodon":{"url":"https:\/\/pubeurope.com\/@fr\/115538331246951223","error":""},"_links":{"self":[{"href":"https:\/\/www.europesays.com\/fr\/wp-json\/wp\/v2\/posts\/529636","targetHints":{"allow":["GET"]}}],"collection":[{"href":"https:\/\/www.europesays.com\/fr\/wp-json\/wp\/v2\/posts"}],"about":[{"href":"https:\/\/www.europesays.com\/fr\/wp-json\/wp\/v2\/types\/post"}],"author":[{"embeddable":true,"href":"https:\/\/www.europesays.com\/fr\/wp-json\/wp\/v2\/users\/2"}],"replies":[{"embeddable":true,"href":"https:\/\/www.europesays.com\/fr\/wp-json\/wp\/v2\/comments?post=529636"}],"version-history":[{"count":0,"href":"https:\/\/www.europesays.com\/fr\/wp-json\/wp\/v2\/posts\/529636\/revisions"}],"wp:featuredmedia":[{"embeddable":true,"href":"https:\/\/www.europesays.com\/fr\/wp-json\/wp\/v2\/media\/529637"}],"wp:attachment":[{"href":"https:\/\/www.europesays.com\/fr\/wp-json\/wp\/v2\/media?parent=529636"}],"wp:term":[{"taxonomy":"category","embeddable":true,"href":"https:\/\/www.europesays.com\/fr\/wp-json\/wp\/v2\/categories?post=529636"},{"taxonomy":"post_tag","embeddable":true,"href":"https:\/\/www.europesays.com\/fr\/wp-json\/wp\/v2\/tags?post=529636"}],"curies":[{"name":"wp","href":"https:\/\/api.w.org\/{rel}","templated":true}]}}