{"id":529638,"date":"2025-11-12T19:16:12","date_gmt":"2025-11-12T19:16:12","guid":{"rendered":"https:\/\/www.europesays.com\/fr\/529638\/"},"modified":"2025-11-12T19:16:12","modified_gmt":"2025-11-12T19:16:12","slug":"avec-46-mentions-au-casier-et-a-peine-sorti-de-prison-il-commet-un-enieme-vol-a-canteleu","status":"publish","type":"post","link":"https:\/\/www.europesays.com\/fr\/529638\/","title":{"rendered":"Avec 46 mentions au casier et \u00e0 peine sorti de prison, il commet un \u00e9ni\u00e8me vol \u00e0 Canteleu"},"content":{"rendered":"<p>                    Par<br \/>\n        <strong><br \/>\n            <a href=\"https:\/\/actu.fr\/auteur\/fmass\" title=\"Consulter tous les articles de Fabien Massin\" rel=\"nofollow noopener\" target=\"_blank\">Fabien Massin<\/a><br \/>\n                    <\/strong><\/p>\n<p>        Publi\u00e9 le<\/p>\n<p>            12 nov. 2025 \u00e0 19h12        <\/p>\n<p>Nous sommes loin du casse du si\u00e8cle, n\u00e9anmoins, au vu de l\u2019importance de casier judiciaire, cet \u00e9ni\u00e8me vol<strong> l\u2019a conduit directement \u00e0 la case prison<\/strong>. Lundi 10 novembre 2025, un homme de 40 ans a \u00e9t\u00e9 jug\u00e9 par le <a href=\"https:\/\/actu.fr\/tag\/tribunal-de-rouen\" rel=\"nofollow noopener\" target=\"_blank\">tribunal de Rouen (Seine-Maritime)<\/a> pour un vol commis deux jours plus t\u00f4t dans un supermarch\u00e9 de Canteleu.\u00a0<\/p>\n<p>Il gratte le code barre pour passer le portique de s\u00e9curit\u00e9<\/p>\n<p class=\" wall-content\">Samedi 8 novembre en fin de journ\u00e9e, Giorgi* est appr\u00e9hend\u00e9 par des agents de s\u00e9curit\u00e9 \u00e0 la sortie du magasin, en possession d\u2019une montre connect\u00e9e. Le portique de s\u00e9curit\u00e9 n\u2019a pas sonn\u00e9, l\u2019homme de 40 ans<strong> a bien pris soin de gratter le code barre<\/strong> afin que la montre d\u00e9rob\u00e9e reste muette. Mais il a \u00e9t\u00e9 aper\u00e7u en train de commettre son larcin.\u00a0<\/p>\n<p class=\" wall-content\">Lorsque que les agents veulent le conduire au PC s\u00e9curit\u00e9 du magasin, il refuse. Il se d\u00e9bat, fait de grands gestes, donne des coups de pied au hasard. Il faut l\u2019amener au sol pour qu\u2019il cesse. La police est appel\u00e9e, il est plac\u00e9 en garde \u00e0 vue.\u00a0<\/p>\n<p class=\" wall-content\">Devant le tribunal, il explique : \u00ab\u00a0Je n\u2019\u00e9tais <strong>pas dans mon \u00e9tat normal<\/strong>, j\u2019avais pris de la coca\u00efne. Mais je n\u2019ai pas port\u00e9 de coups volontairement, je me suis juste d\u00e9battu\u00a0\u00bb.<\/p>\n<p class=\" wall-content\">De nationalit\u00e9 g\u00e9orgienne, arriv\u00e9 en France avec sa famille \u00e0 l\u2019\u00e2ge de 17 ans, Giorgi a un casier judiciaire tr\u00e8s fourni, <strong>46 mentions au total<\/strong>, pour de multiples vols, aboutissant \u00e0 neuf incarc\u00e9rations. En fait depuis 20 ans il n\u2019a jamais pass\u00e9 plus d\u2019une ann\u00e9e compl\u00e8te en libert\u00e9, et son dernier s\u00e9jour en prison est tout r\u00e9cent, il en est sorti d\u00e9but octobre.\u00a0<\/p>\n<p>\u00ab\u00a0Je n\u2019ai pas besoin de prison, mais d\u2019aide\u00a0\u00bb<\/p>\n<p class=\" wall-content\">Il souffre de probl\u00e8mes psychologiques et d\u2019addictions, pour cela il prend un traitement de substitution. Au tribunal il dit d\u2019ailleurs : \u00ab\u00a0Je n\u2019ai pas besoin de prison, mais d\u2019aide\u00a0\u00bb.<\/p>\n<p class=\" wall-content\">Dans son r\u00e9quisitoire, le procureur de la R\u00e9publique met en avant <strong>la r\u00e9it\u00e9ration des faits et la violence<\/strong>, et requiert une peine de huit mois de prison ferme.\u00a0<\/p>\n<p>Votre r\u00e9gion, votre actu !<\/p>\n<p>Recevez chaque jour les infos qui comptent pour vous.<\/p>\n<p>\t<a href=\"https:\/\/actu.fr\/newsletter\" class=\"ac-btn ac-btn--corner ac-btn--medium ac-btn--blue800\" rel=\"nofollow noopener\" target=\"_blank\">S&rsquo;incrire<\/a><\/p>\n<p class=\" wall-content\">\u00ab\u00a0Depuis des ann\u00e9es, il est en \u00e9chec, <strong>c\u2019est la d\u00e9gringolade<\/strong>, constate l\u2019avocate de la d\u00e9fense. Depuis des ann\u00e9es il fait des allers-retours en prison, mais seulement par deux fois dans les condamnations il y a eu des obligations de soins. Et s\u2019il est jug\u00e9 en comparution imm\u00e9diate aujourd\u2019hui, <strong>\u00e7a n\u2019est pas du fait de l\u2019importance du vol<\/strong> mais \u00e0 cause de son casier judiciaire et de sa situation administrative [il n\u2019a plus de titre de s\u00e9jour valide, NDLR].\u00a0\u00bb<\/p>\n<p class=\" wall-content\">Au bout du compte, le tribunal l\u2019a condamn\u00e9 \u00e0 huit mois de prison ferme**, avec maintien en d\u00e9tention, le tribunal estimant que \u00ab\u00a0sa situation et sa personnalit\u00e9 ne permettent pas d\u2019envisager une peine am\u00e9nag\u00e9e\u00a0\u00bb.\u00a0<\/p>\n<p class=\" wall-content\">*Le pr\u00e9nom a \u00e9t\u00e9 modifi\u00e9.\u00a0<\/p>\n<p class=\" wall-content\">**Cette peine est susceptible d\u2019appel. Tout justiciable demeure pr\u00e9sum\u00e9 innocent tant que toutes les voies de recours n\u2019ont pas \u00e9t\u00e9 \u00e9puis\u00e9es.<\/p>\n<p>Suivez l\u2019actualit\u00e9 de Rouen sur notre <a href=\"https:\/\/www.whatsapp.com\/channel\/0029VaKfnf99hXF2ddApFB1D\" rel=\"nofollow noopener\" target=\"_blank\">cha\u00eene WhatsApp<\/a> et sur notre <a href=\"https:\/\/www.tiktok.com\/@76actu.fr?lang=fr\" rel=\"nofollow noopener\" target=\"_blank\">compte TikTok<\/a><\/p>\n<p class=\" wall-content\">Personnalisez votre actualit\u00e9 en ajoutant vos villes et m\u00e9dias en favori avec <a href=\"https:\/\/moncompte.actu.fr\" title=\"D\u00e9couvez Mon Actu\" rel=\"nofollow noopener\" data-trk=\"{&quot;cta&quot;:{&quot;action&quot;:&quot;https:\\\/\\\/moncompte.actu.fr&quot;,&quot;category&quot;:&quot;mon compte&quot;,&quot;from&quot;:&quot;article footer&quot;,&quot;name&quot;:&quot;Mon actu&quot;,&quot;type&quot;:&quot;cta&quot;}}\" target=\"_blank\">Mon Actu<\/a>.<\/p>\n<p>                    <script async src=\"\/\/www.tiktok.com\/embed.js\"><\/script><\/p>\n","protected":false},"excerpt":{"rendered":"Par Fabien Massin Publi\u00e9 le 12 nov. 2025 \u00e0 19h12 Nous sommes loin du casse du si\u00e8cle, n\u00e9anmoins,&hellip;\n","protected":false},"author":2,"featured_media":529639,"comment_status":"","ping_status":"","sticky":false,"template":"","format":"standard","meta":{"footnotes":""},"categories":[9587],"tags":[1111,11,1777,674,118,1011,27,303,12,5161,25,9590,13682],"class_list":{"0":"post-529638","1":"post","2":"type-post","3":"status-publish","4":"format-standard","5":"has-post-thumbnail","7":"category-rouen","8":"tag-actu","9":"tag-actualites","10":"tag-eu","11":"tag-europe","12":"tag-faits-divers","13":"tag-fr","14":"tag-france","15":"tag-justice","16":"tag-news","17":"tag-normandie","18":"tag-republique-francaise","19":"tag-rouen","20":"tag-tribunal-de-rouen"},"share_on_mastodon":{"url":"https:\/\/pubeurope.com\/@fr\/115538335123184720","error":""},"_links":{"self":[{"href":"https:\/\/www.europesays.com\/fr\/wp-json\/wp\/v2\/posts\/529638","targetHints":{"allow":["GET"]}}],"collection":[{"href":"https:\/\/www.europesays.com\/fr\/wp-json\/wp\/v2\/posts"}],"about":[{"href":"https:\/\/www.europesays.com\/fr\/wp-json\/wp\/v2\/types\/post"}],"author":[{"embeddable":true,"href":"https:\/\/www.europesays.com\/fr\/wp-json\/wp\/v2\/users\/2"}],"replies":[{"embeddable":true,"href":"https:\/\/www.europesays.com\/fr\/wp-json\/wp\/v2\/comments?post=529638"}],"version-history":[{"count":0,"href":"https:\/\/www.europesays.com\/fr\/wp-json\/wp\/v2\/posts\/529638\/revisions"}],"wp:featuredmedia":[{"embeddable":true,"href":"https:\/\/www.europesays.com\/fr\/wp-json\/wp\/v2\/media\/529639"}],"wp:attachment":[{"href":"https:\/\/www.europesays.com\/fr\/wp-json\/wp\/v2\/media?parent=529638"}],"wp:term":[{"taxonomy":"category","embeddable":true,"href":"https:\/\/www.europesays.com\/fr\/wp-json\/wp\/v2\/categories?post=529638"},{"taxonomy":"post_tag","embeddable":true,"href":"https:\/\/www.europesays.com\/fr\/wp-json\/wp\/v2\/tags?post=529638"}],"curies":[{"name":"wp","href":"https:\/\/api.w.org\/{rel}","templated":true}]}}